{"id":21594,"date":"2023-07-09T17:31:00","date_gmt":"2023-07-09T17:31:00","guid":{"rendered":"http:\/\/www.radiolibertadmundo.com\/web\/?p=21594"},"modified":"2023-07-09T22:33:15","modified_gmt":"2023-07-09T22:33:15","slug":"colegio-santa-rosa-y-sedalib-en-desfile-civico-promueven-valoracion-del-agua","status":"publish","type":"post","link":"https:\/\/www.radiolibertadmundo.com\/web\/colegio-santa-rosa-y-sedalib-en-desfile-civico-promueven-valoracion-del-agua\/","title":{"rendered":"COLEGIO SANTA ROSA Y SEDALIB EN DESFILE C\u00cdVICO PROMUEVEN VALORACI\u00d3N DEL AGUA"},"content":{"rendered":"\n<figure class=\"wp-block-gallery has-nested-images columns-default is-cropped wp-block-gallery-1 is-layout-flex wp-block-gallery-is-layout-flex\">\n<figure class=\"wp-block-image size-large\"><a href=\"http:\/\/www.radiolibertadmundo.com\/web\/wp-content\/uploads\/WhatsApp-Image-2023-07-09-at-4.41.39-PM-1.jpeg\"><img loading=\"lazy\" decoding=\"async\" width=\"1024\" height=\"734\" data-id=\"21598\" src=\"http:\/\/www.radiolibertadmundo.com\/web\/wp-content\/uploads\/WhatsApp-Image-2023-07-09-at-4.41.39-PM-1.jpeg\" alt=\"\" class=\"wp-image-21598\" srcset=\"https:\/\/www.radiolibertadmundo.com\/web\/wp-content\/uploads\/WhatsApp-Image-2023-07-09-at-4.41.39-PM-1.jpeg 1024w, https:\/\/www.radiolibertadmundo.com\/web\/wp-content\/uploads\/WhatsApp-Image-2023-07-09-at-4.41.39-PM-1-300x215.jpeg 300w, https:\/\/www.radiolibertadmundo.com\/web\/wp-content\/uploads\/WhatsApp-Image-2023-07-09-at-4.41.39-PM-1-768x551.jpeg 768w\" sizes=\"auto, (max-width: 1024px) 100vw, 1024px\" \/><\/a><\/figure>\n\n\n\n<figure class=\"wp-block-image size-large\"><a href=\"http:\/\/www.radiolibertadmundo.com\/web\/wp-content\/uploads\/WhatsApp-Image-2023-07-09-at-4.41.39-PM-2.jpeg\"><img loading=\"lazy\" decoding=\"async\" width=\"1024\" height=\"801\" data-id=\"21597\" src=\"http:\/\/www.radiolibertadmundo.com\/web\/wp-content\/uploads\/WhatsApp-Image-2023-07-09-at-4.41.39-PM-2.jpeg\" alt=\"\" class=\"wp-image-21597\" srcset=\"https:\/\/www.radiolibertadmundo.com\/web\/wp-content\/uploads\/WhatsApp-Image-2023-07-09-at-4.41.39-PM-2.jpeg 1024w, https:\/\/www.radiolibertadmundo.com\/web\/wp-content\/uploads\/WhatsApp-Image-2023-07-09-at-4.41.39-PM-2-300x235.jpeg 300w, https:\/\/www.radiolibertadmundo.com\/web\/wp-content\/uploads\/WhatsApp-Image-2023-07-09-at-4.41.39-PM-2-768x601.jpeg 768w\" sizes=\"auto, (max-width: 1024px) 100vw, 1024px\" \/><\/a><\/figure>\n\n\n\n<figure class=\"wp-block-image size-large\"><a href=\"http:\/\/www.radiolibertadmundo.com\/web\/wp-content\/uploads\/WhatsApp-Image-2023-07-09-at-4.41.39-PM-3.jpeg\"><img loading=\"lazy\" decoding=\"async\" width=\"1023\" height=\"764\" data-id=\"21596\" src=\"http:\/\/www.radiolibertadmundo.com\/web\/wp-content\/uploads\/WhatsApp-Image-2023-07-09-at-4.41.39-PM-3.jpeg\" alt=\"\" class=\"wp-image-21596\" srcset=\"https:\/\/www.radiolibertadmundo.com\/web\/wp-content\/uploads\/WhatsApp-Image-2023-07-09-at-4.41.39-PM-3.jpeg 1023w, https:\/\/www.radiolibertadmundo.com\/web\/wp-content\/uploads\/WhatsApp-Image-2023-07-09-at-4.41.39-PM-3-300x224.jpeg 300w, https:\/\/www.radiolibertadmundo.com\/web\/wp-content\/uploads\/WhatsApp-Image-2023-07-09-at-4.41.39-PM-3-768x574.jpeg 768w\" sizes=\"auto, (max-width: 1023px) 100vw, 1023px\" \/><\/a><\/figure>\n\n\n\n<figure class=\"wp-block-image size-large\"><a href=\"http:\/\/www.radiolibertadmundo.com\/web\/wp-content\/uploads\/WhatsApp-Image-2023-07-09-at-4.41.39-PM-4.jpeg\"><img loading=\"lazy\" decoding=\"async\" width=\"1024\" height=\"700\" data-id=\"21599\" src=\"http:\/\/www.radiolibertadmundo.com\/web\/wp-content\/uploads\/WhatsApp-Image-2023-07-09-at-4.41.39-PM-4.jpeg\" alt=\"\" class=\"wp-image-21599\" srcset=\"https:\/\/www.radiolibertadmundo.com\/web\/wp-content\/uploads\/WhatsApp-Image-2023-07-09-at-4.41.39-PM-4.jpeg 1024w, https:\/\/www.radiolibertadmundo.com\/web\/wp-content\/uploads\/WhatsApp-Image-2023-07-09-at-4.41.39-PM-4-300x205.jpeg 300w, https:\/\/www.radiolibertadmundo.com\/web\/wp-content\/uploads\/WhatsApp-Image-2023-07-09-at-4.41.39-PM-4-768x525.jpeg 768w\" sizes=\"auto, (max-width: 1024px) 100vw, 1024px\" \/><\/a><\/figure>\n\n\n\n<figure class=\"wp-block-image size-large\"><a href=\"http:\/\/www.radiolibertadmundo.com\/web\/wp-content\/uploads\/WhatsApp-Image-2023-07-09-at-4.41.39-PM-5.jpeg\"><img loading=\"lazy\" decoding=\"async\" width=\"1024\" height=\"600\" data-id=\"21595\" src=\"http:\/\/www.radiolibertadmundo.com\/web\/wp-content\/uploads\/WhatsApp-Image-2023-07-09-at-4.41.39-PM-5.jpeg\" alt=\"\" class=\"wp-image-21595\" srcset=\"https:\/\/www.radiolibertadmundo.com\/web\/wp-content\/uploads\/WhatsApp-Image-2023-07-09-at-4.41.39-PM-5.jpeg 1024w, https:\/\/www.radiolibertadmundo.com\/web\/wp-content\/uploads\/WhatsApp-Image-2023-07-09-at-4.41.39-PM-5-300x176.jpeg 300w, https:\/\/www.radiolibertadmundo.com\/web\/wp-content\/uploads\/WhatsApp-Image-2023-07-09-at-4.41.39-PM-5-768x450.jpeg 768w\" sizes=\"auto, (max-width: 1024px) 100vw, 1024px\" \/><\/a><\/figure>\n<\/figure>\n\n\n\n<p>El emblem\u00e1tico colegio Santa Rosa y Sedalib participan en Izamiento del Pabell\u00f3n Nacional y Desfile vistosos y profundos mensajes en banderolas mostrando el valor del agua y el esp\u00edritu rosino de amor por la vida. Es un ejemplo que la educaci\u00f3n sanitaria refuerza las conductas positivas de la sociedad.<\/p>\n\n\n\n<p>Fueron 58 banderolas las que desfilaron y pasaron por una rigurosa calificaci\u00f3n. Todas las aulas de la emblem\u00e1tica instituci\u00f3n educativa trabajaron por darle contenido y presentaci\u00f3n gr\u00e1fica. Previamente profesionales de Sedalib las sensibilizaron en el valor del agua y el alcantarillado aula por aula.<\/p>\n\n\n\n<p>Las ganadoras fueron de las secciones primeros B y J, y cuarto B. La premiaci\u00f3n se realizar\u00e1 como parte de las Fiestas del Colegio en agosto.<\/p>\n\n\n\n<p>Juan Mimbela, gerente de Sedalib, agradeci\u00f3 a profesoras, alumnas padres de familia y especial a la reverenda madre Flor de Mar\u00eda Mesones Bonilla, promotora de la instituci\u00f3n educativa.<\/p>\n\n\n\n<p>Estas actividades son parte del programa de educaci\u00f3n sanitaria de Sedalib desde hace 32 a\u00f1os y esta vez con el respaldo de OTASS.<\/p>\n","protected":false},"excerpt":{"rendered":"<div class=\"mh-excerpt\"><p>El emblem\u00e1tico colegio Santa Rosa y Sedalib participan en Izamiento del Pabell\u00f3n Nacional y Desfile vistosos y profundos mensajes en banderolas mostrando el valor del <a class=\"mh-excerpt-more\" href=\"https:\/\/www.radiolibertadmundo.com\/web\/colegio-santa-rosa-y-sedalib-en-desfile-civico-promueven-valoracion-del-agua\/\" title=\"COLEGIO SANTA ROSA Y SEDALIB EN DESFILE C\u00cdVICO PROMUEVEN VALORACI\u00d3N DEL AGUA\">[&#8230;]<\/a><\/p>\n<\/div>","protected":false},"author":1,"featured_media":21596,"comment_status":"open","ping_status":"open","sticky":true,"template":"","format":"standard","meta":{"footnotes":""},"categories":[4,5],"tags":[59,1287,27],"class_list":["post-21594","post","type-post","status-publish","format-standard","has-post-thumbnail","hentry","category-local","category-nacional","tag-la-libertad","tag-sociedad","tag-trujillo"],"_links":{"self":[{"href":"https:\/\/www.radiolibertadmundo.com\/web\/wp-json\/wp\/v2\/posts\/21594","targetHints":{"allow":["GET"]}}],"collection":[{"href":"https:\/\/www.radiolibertadmundo.com\/web\/wp-json\/wp\/v2\/posts"}],"about":[{"href":"https:\/\/www.radiolibertadmundo.com\/web\/wp-json\/wp\/v2\/types\/post"}],"author":[{"embeddable":true,"href":"https:\/\/www.radiolibertadmundo.com\/web\/wp-json\/wp\/v2\/users\/1"}],"replies":[{"embeddable":true,"href":"https:\/\/www.radiolibertadmundo.com\/web\/wp-json\/wp\/v2\/comments?post=21594"}],"version-history":[{"count":1,"href":"https:\/\/www.radiolibertadmundo.com\/web\/wp-json\/wp\/v2\/posts\/21594\/revisions"}],"predecessor-version":[{"id":21600,"href":"https:\/\/www.radiolibertadmundo.com\/web\/wp-json\/wp\/v2\/posts\/21594\/revisions\/21600"}],"wp:featuredmedia":[{"embeddable":true,"href":"https:\/\/www.radiolibertadmundo.com\/web\/wp-json\/wp\/v2\/media\/21596"}],"wp:attachment":[{"href":"https:\/\/www.radiolibertadmundo.com\/web\/wp-json\/wp\/v2\/media?parent=21594"}],"wp:term":[{"taxonomy":"category","embeddable":true,"href":"https:\/\/www.radiolibertadmundo.com\/web\/wp-json\/wp\/v2\/categories?post=21594"},{"taxonomy":"post_tag","embeddable":true,"href":"https:\/\/www.radiolibertadmundo.com\/web\/wp-json\/wp\/v2\/tags?post=21594"}],"curies":[{"name":"wp","href":"https:\/\/api.w.org\/{rel}","templated":true}]}}