{"id":21576,"date":"2023-07-07T20:30:00","date_gmt":"2023-07-07T20:30:00","guid":{"rendered":"http:\/\/www.radiolibertadmundo.com\/web\/?p=21576"},"modified":"2023-07-08T01:30:51","modified_gmt":"2023-07-08T01:30:51","slug":"ever-cadenillas-coscomba-solo-es-viable-si-se-asegura-el-suministro-de-agua","status":"publish","type":"post","link":"https:\/\/www.radiolibertadmundo.com\/web\/ever-cadenillas-coscomba-solo-es-viable-si-se-asegura-el-suministro-de-agua\/","title":{"rendered":"<strong>EVER CADENILLAS: \u201cCOSCOMBA SOLO ES VIABLE SI SE ASEGURA EL SUMINISTRO DE AGUA\u201d<\/strong>"},"content":{"rendered":"\n<figure class=\"wp-block-gallery has-nested-images columns-default is-cropped wp-block-gallery-1 is-layout-flex wp-block-gallery-is-layout-flex\">\n<figure class=\"wp-block-image size-large\"><a href=\"http:\/\/www.radiolibertadmundo.com\/web\/wp-content\/uploads\/e8b810ff-a655-400d-ae08-58b9fe9c6701.jpg\"><img loading=\"lazy\" decoding=\"async\" width=\"645\" height=\"850\" data-id=\"21579\" src=\"http:\/\/www.radiolibertadmundo.com\/web\/wp-content\/uploads\/e8b810ff-a655-400d-ae08-58b9fe9c6701.jpg\" alt=\"\" class=\"wp-image-21579\" srcset=\"https:\/\/www.radiolibertadmundo.com\/web\/wp-content\/uploads\/e8b810ff-a655-400d-ae08-58b9fe9c6701.jpg 645w, https:\/\/www.radiolibertadmundo.com\/web\/wp-content\/uploads\/e8b810ff-a655-400d-ae08-58b9fe9c6701-228x300.jpg 228w\" sizes=\"auto, (max-width: 645px) 100vw, 645px\" \/><\/a><\/figure>\n\n\n\n<figure class=\"wp-block-image size-large\"><a href=\"http:\/\/www.radiolibertadmundo.com\/web\/wp-content\/uploads\/UIJRAHUQKJE4JDKG2GJU3O3DDA.jpg\"><img loading=\"lazy\" decoding=\"async\" width=\"580\" height=\"330\" data-id=\"21578\" src=\"http:\/\/www.radiolibertadmundo.com\/web\/wp-content\/uploads\/UIJRAHUQKJE4JDKG2GJU3O3DDA.jpg\" alt=\"\" class=\"wp-image-21578\" srcset=\"https:\/\/www.radiolibertadmundo.com\/web\/wp-content\/uploads\/UIJRAHUQKJE4JDKG2GJU3O3DDA.jpg 580w, https:\/\/www.radiolibertadmundo.com\/web\/wp-content\/uploads\/UIJRAHUQKJE4JDKG2GJU3O3DDA-300x171.jpg 300w, https:\/\/www.radiolibertadmundo.com\/web\/wp-content\/uploads\/UIJRAHUQKJE4JDKG2GJU3O3DDA-120x67.jpg 120w\" sizes=\"auto, (max-width: 580px) 100vw, 580px\" \/><\/a><\/figure>\n\n\n\n<figure class=\"wp-block-image size-large\"><a href=\"http:\/\/www.radiolibertadmundo.com\/web\/wp-content\/uploads\/zona.viviendas.chao_.viru_.jpg\"><img loading=\"lazy\" decoding=\"async\" width=\"760\" height=\"450\" data-id=\"21577\" src=\"http:\/\/www.radiolibertadmundo.com\/web\/wp-content\/uploads\/zona.viviendas.chao_.viru_.jpg\" alt=\"\" class=\"wp-image-21577\" srcset=\"https:\/\/www.radiolibertadmundo.com\/web\/wp-content\/uploads\/zona.viviendas.chao_.viru_.jpg 760w, https:\/\/www.radiolibertadmundo.com\/web\/wp-content\/uploads\/zona.viviendas.chao_.viru_-300x178.jpg 300w\" sizes=\"auto, (max-width: 760px) 100vw, 760px\" \/><\/a><\/figure>\n<\/figure>\n\n\n\n<p>Para el consejero regional Ever Cadenillas la ciudad sat\u00e9lite sostenible de Coscomba solo ser\u00e1 viable cuando se pueda garantizar a sus ocupantes, unas 12 mil familias, los principales servicios, como agua, energ\u00eda el\u00e9ctrica y alcantarillado. \u201cCaso contrario, no se puede avanzar en este proyecto por m\u00e1s buena voluntad pol\u00edtica que haya\u201d, dijo.<\/p>\n\n\n\n<p>Solo si se termina la presa Palo Redondo ser\u00e1 viable el proyecto, debido a que el agua que necesitar\u00e1 la poblaci\u00f3n tiene que traerse desde ese lugar. No hay otra forma de suministrar este servicio a la futura poblaci\u00f3n de Coscomba, explic\u00f3.<\/p>\n\n\n\n<p>Por otro lado, indic\u00f3 que el empadronamiento hecho por las asociaciones de vivienda conformadas \u2013 se sabe que hay 12- debe ser necesariamente revisado, para saber qui\u00e9nes necesitan casa y qui\u00e9nes se dedican a la venta de terrenos, ya que se comenta que traficantes de terrenos estar\u00edan de por medio.<\/p>\n\n\n\n<p>Seguramente, en su debido momento, el ministerio de Vivienda tendr\u00e1 que cruzar informaci\u00f3n sobre los empadronados o hacer un nuevo registro general, considerando los niveles de inversi\u00f3n que se necesitan y que solo lo puede hacer tal ministerio, adelant\u00f3.<\/p>\n\n\n\n<p>El dise\u00f1o de una ciudad en esta zona como espacio de soporte para el trabajo agr\u00edcola en la zona est\u00e1 directamente ligado al crecimiento agr\u00edcola de la zona. En 1995, en Vir\u00fa solo hab\u00eda unos 25 mil habitantes y hoy se estima que esa cifra est\u00e1 en aproximadamente 150 mil debido al crecimiento agr\u00edcola exportador de la provincia.<\/p>\n\n\n\n<p>Recalc\u00f3 que hay una firme disposici\u00f3n del gobierno regional para mejorar la calidad de vida de los liberte\u00f1os, pero hay que avanzar razonablemente, seg\u00fan los tramos que conviertan en viable a los proyectos de vivienda.<\/p>\n\n\n\n<p>Una prueba de esto es la disposici\u00f3n a trav\u00e9s del proyecto Chavimochic de transferir a la Municipalidad de Guadalupito las tierras necesarias para su expansi\u00f3n urbana, como consta en la resoluci\u00f3n otorgada por el Consejo Regional mediante Acuerdo N\u00b0 071-2023-GRL-CR.<\/p>\n\n\n\n<p>Mediante este documento se acord\u00f3 autorizar la puesta a disposici\u00f3n del Estado, representado por la Superintendencia Nacional de Bienes Estatales (SBN) de los siguientes predios: \u201c\u00c1rea de reserva urbana Pampa de la Colina 1\u201d de 10.16 hect\u00e1reas, y el predio \u201c\u00c1rea de reserva urbana Pampa de la Colina 2\u201d, de&nbsp; 9.74 hect\u00e1reas ubicados en la etapa I, valle Santa, sector Pampa de la Colina, distrito de Guadalupito, provincia de Vir\u00fa, La Libertad, de propiedad del proyecto especial Chavimochic, debidamente e inscritos en la Superintendencia&nbsp; Nacional de Trujillo \u2013 Zona Registral N\u00b0 V \u2013 Sede Trujillo.<\/p>\n\n\n\n<p>Esta autorizaci\u00f3n se basa en los informes t\u00e9cnicos emitidos por las \u00e1reas t\u00e9cnicas de Chavimochic, al haber dejado de tener utilidad para la finalidad operativa del proyecto antes mencionado, por no tener vocaci\u00f3n agr\u00edcola y al haber sido reservado para fines urbanos.<\/p>\n\n\n\n<p>En este acuerdo regional, de fecha 9 de junio de este a\u00f1o, se dispone que la gerencia general del Gobierno Regional de La Libertad remita el expediente administrativo a la Superintendencia Nacional de Bienes Estatales (SBN) y se autoriza la puesta a disposici\u00f3n del Estado de los predios antes citados.<\/p>\n","protected":false},"excerpt":{"rendered":"<div class=\"mh-excerpt\"><p>Para el consejero regional Ever Cadenillas la ciudad sat\u00e9lite sostenible de Coscomba solo ser\u00e1 viable cuando se pueda garantizar a sus ocupantes, unas 12 mil <a class=\"mh-excerpt-more\" href=\"https:\/\/www.radiolibertadmundo.com\/web\/ever-cadenillas-coscomba-solo-es-viable-si-se-asegura-el-suministro-de-agua\/\" title=\"EVER CADENILLAS: \u201cCOSCOMBA SOLO ES VIABLE SI SE ASEGURA EL SUMINISTRO DE AGUA\u201d\">[&#8230;]<\/a><\/p>\n<\/div>","protected":false},"author":1,"featured_media":21578,"comment_status":"open","ping_status":"open","sticky":true,"template":"","format":"standard","meta":{"footnotes":""},"categories":[4,5],"tags":[59,27],"class_list":["post-21576","post","type-post","status-publish","format-standard","has-post-thumbnail","hentry","category-local","category-nacional","tag-la-libertad","tag-trujillo"],"_links":{"self":[{"href":"https:\/\/www.radiolibertadmundo.com\/web\/wp-json\/wp\/v2\/posts\/21576","targetHints":{"allow":["GET"]}}],"collection":[{"href":"https:\/\/www.radiolibertadmundo.com\/web\/wp-json\/wp\/v2\/posts"}],"about":[{"href":"https:\/\/www.radiolibertadmundo.com\/web\/wp-json\/wp\/v2\/types\/post"}],"author":[{"embeddable":true,"href":"https:\/\/www.radiolibertadmundo.com\/web\/wp-json\/wp\/v2\/users\/1"}],"replies":[{"embeddable":true,"href":"https:\/\/www.radiolibertadmundo.com\/web\/wp-json\/wp\/v2\/comments?post=21576"}],"version-history":[{"count":1,"href":"https:\/\/www.radiolibertadmundo.com\/web\/wp-json\/wp\/v2\/posts\/21576\/revisions"}],"predecessor-version":[{"id":21580,"href":"https:\/\/www.radiolibertadmundo.com\/web\/wp-json\/wp\/v2\/posts\/21576\/revisions\/21580"}],"wp:featuredmedia":[{"embeddable":true,"href":"https:\/\/www.radiolibertadmundo.com\/web\/wp-json\/wp\/v2\/media\/21578"}],"wp:attachment":[{"href":"https:\/\/www.radiolibertadmundo.com\/web\/wp-json\/wp\/v2\/media?parent=21576"}],"wp:term":[{"taxonomy":"category","embeddable":true,"href":"https:\/\/www.radiolibertadmundo.com\/web\/wp-json\/wp\/v2\/categories?post=21576"},{"taxonomy":"post_tag","embeddable":true,"href":"https:\/\/www.radiolibertadmundo.com\/web\/wp-json\/wp\/v2\/tags?post=21576"}],"curies":[{"name":"wp","href":"https:\/\/api.w.org\/{rel}","templated":true}]}}