{"id":21564,"date":"2023-07-04T19:30:00","date_gmt":"2023-07-04T19:30:00","guid":{"rendered":"http:\/\/www.radiolibertadmundo.com\/web\/?p=21564"},"modified":"2023-07-05T00:36:02","modified_gmt":"2023-07-05T00:36:02","slug":"47-mil-estudiantes-participan-en-la-etapa-regional-de-los-juegos-deportivos-y-paradeportivos","status":"publish","type":"post","link":"https:\/\/www.radiolibertadmundo.com\/web\/47-mil-estudiantes-participan-en-la-etapa-regional-de-los-juegos-deportivos-y-paradeportivos\/","title":{"rendered":"47 MIL ESTUDIANTES PARTICIPAN EN LA ETAPA REGIONAL DE LOS JUEGOS DEPORTIVOS Y PARADEPORTIVOS"},"content":{"rendered":"\n<figure class=\"wp-block-gallery has-nested-images columns-default is-cropped wp-block-gallery-1 is-layout-flex wp-block-gallery-is-layout-flex\">\n<figure class=\"wp-block-image size-large\"><a href=\"http:\/\/www.radiolibertadmundo.com\/web\/wp-content\/uploads\/WhatsApp-Image-2023-07-04-at-3.36.08-PM.jpeg\"><img loading=\"lazy\" decoding=\"async\" width=\"1024\" height=\"681\" data-id=\"21565\" src=\"http:\/\/www.radiolibertadmundo.com\/web\/wp-content\/uploads\/WhatsApp-Image-2023-07-04-at-3.36.08-PM-1024x681.jpeg\" alt=\"\" class=\"wp-image-21565\" srcset=\"https:\/\/www.radiolibertadmundo.com\/web\/wp-content\/uploads\/WhatsApp-Image-2023-07-04-at-3.36.08-PM-1024x681.jpeg 1024w, https:\/\/www.radiolibertadmundo.com\/web\/wp-content\/uploads\/WhatsApp-Image-2023-07-04-at-3.36.08-PM-300x200.jpeg 300w, https:\/\/www.radiolibertadmundo.com\/web\/wp-content\/uploads\/WhatsApp-Image-2023-07-04-at-3.36.08-PM-768x511.jpeg 768w, https:\/\/www.radiolibertadmundo.com\/web\/wp-content\/uploads\/WhatsApp-Image-2023-07-04-at-3.36.08-PM-1536x1021.jpeg 1536w, https:\/\/www.radiolibertadmundo.com\/web\/wp-content\/uploads\/WhatsApp-Image-2023-07-04-at-3.36.08-PM.jpeg 1600w\" sizes=\"auto, (max-width: 1024px) 100vw, 1024px\" \/><\/a><\/figure>\n\n\n\n<figure class=\"wp-block-image size-large\"><a href=\"http:\/\/www.radiolibertadmundo.com\/web\/wp-content\/uploads\/WhatsApp-Image-2023-07-04-at-3.36.10-PM-1.jpeg\"><img loading=\"lazy\" decoding=\"async\" width=\"1024\" height=\"681\" data-id=\"21567\" src=\"http:\/\/www.radiolibertadmundo.com\/web\/wp-content\/uploads\/WhatsApp-Image-2023-07-04-at-3.36.10-PM-1-1024x681.jpeg\" alt=\"\" class=\"wp-image-21567\" srcset=\"https:\/\/www.radiolibertadmundo.com\/web\/wp-content\/uploads\/WhatsApp-Image-2023-07-04-at-3.36.10-PM-1-1024x681.jpeg 1024w, https:\/\/www.radiolibertadmundo.com\/web\/wp-content\/uploads\/WhatsApp-Image-2023-07-04-at-3.36.10-PM-1-300x200.jpeg 300w, https:\/\/www.radiolibertadmundo.com\/web\/wp-content\/uploads\/WhatsApp-Image-2023-07-04-at-3.36.10-PM-1-768x511.jpeg 768w, https:\/\/www.radiolibertadmundo.com\/web\/wp-content\/uploads\/WhatsApp-Image-2023-07-04-at-3.36.10-PM-1-1536x1021.jpeg 1536w, https:\/\/www.radiolibertadmundo.com\/web\/wp-content\/uploads\/WhatsApp-Image-2023-07-04-at-3.36.10-PM-1.jpeg 1600w\" sizes=\"auto, (max-width: 1024px) 100vw, 1024px\" \/><\/a><\/figure>\n\n\n\n<figure class=\"wp-block-image size-large\"><a href=\"http:\/\/www.radiolibertadmundo.com\/web\/wp-content\/uploads\/WhatsApp-Image-2023-07-04-at-3.36.10-PM.jpeg\"><img loading=\"lazy\" decoding=\"async\" width=\"1024\" height=\"681\" data-id=\"21566\" src=\"http:\/\/www.radiolibertadmundo.com\/web\/wp-content\/uploads\/WhatsApp-Image-2023-07-04-at-3.36.10-PM-1024x681.jpeg\" alt=\"\" class=\"wp-image-21566\" srcset=\"https:\/\/www.radiolibertadmundo.com\/web\/wp-content\/uploads\/WhatsApp-Image-2023-07-04-at-3.36.10-PM-1024x681.jpeg 1024w, https:\/\/www.radiolibertadmundo.com\/web\/wp-content\/uploads\/WhatsApp-Image-2023-07-04-at-3.36.10-PM-300x200.jpeg 300w, https:\/\/www.radiolibertadmundo.com\/web\/wp-content\/uploads\/WhatsApp-Image-2023-07-04-at-3.36.10-PM-768x511.jpeg 768w, https:\/\/www.radiolibertadmundo.com\/web\/wp-content\/uploads\/WhatsApp-Image-2023-07-04-at-3.36.10-PM-1536x1021.jpeg 1536w, https:\/\/www.radiolibertadmundo.com\/web\/wp-content\/uploads\/WhatsApp-Image-2023-07-04-at-3.36.10-PM.jpeg 1600w\" sizes=\"auto, (max-width: 1024px) 100vw, 1024px\" \/><\/a><\/figure>\n<\/figure>\n\n\n\n<p>M\u00e1s de 47 mil estudiantes participan en la etapa regional de los Juegos Escolares Deportivos y Paradeportivos 2023 \u2013 Edici\u00f3n 31, que iniciaron el d\u00eda de ayer, teniendo como sede la ciudad de Trujillo, organizada por el Gobierno Regional de La Libertad, a trav\u00e9s de la Gerencia Regional de Educaci\u00f3n.&nbsp;<\/p>\n\n\n\n<p>El evento fue inaugurado en las instalaciones del coliseo cerrado Gran Chim\u00fa, en un marco lleno de confraternidad y entusiasmo, encabezado por la vicegobernadora regional Joana Cabrera, quien particip\u00f3 en la carrera de la Antorcha Ol\u00edmpica.<\/p>\n\n\n\n<p>En la actividad deportiva tambi\u00e9n estuvo presente el gerente regional de Educaci\u00f3n, Mart\u00edn Camacho Paz, quien exhort\u00f3 a los j\u00f3venes estudiantes a competir de la mejor manera, poniendo a prueba sus mejores habilidades, con compa\u00f1erismo y amistad entre todas las instituciones educativas.<\/p>\n\n\n\n<p>Juegos Escolares Deportivos y Paradeportivos promueven el deporte escolar en el marco de la pr\u00e1ctica de valores fundamentales como el respeto, la tolerancia, la honestidad, el juego limpio y el trabajo en equipo, constituyendo as\u00ed una plataforma para el desarrollo mental, social y emocional de los estudiantes. Asimismo, impulsa la participaci\u00f3n de estudiantes mujeres de pueblos originarios durante la etapa nacional, a trav\u00e9s del f\u00fatbol.<\/p>\n\n\n\n<p>Los juegos escolares mantienen su atenci\u00f3n a la diversidad y la inclusi\u00f3n, incorporando disciplinas paradeportivas para estudiantes con discapacidad. Las disciplinas que se contemplan en esta edici\u00f3n son: ajedrez, atletismo, b\u00e1dminton, b\u00e1squet, ciclismo, f\u00fatbol, futsal, gimnasia, handball, judo, karate, kung Fu, nataci\u00f3n, paratletismo, paleta front\u00f3n, taekwondo, tenis de campo, tenis de mesa, voleibol, etc.<\/p>\n\n\n\n<p>En cada etapa participan todas las II.EE. p\u00fablicas y privadas de Educaci\u00f3n B\u00e1sica Regular Educaci\u00f3n B\u00e1sica Especial y Educaci\u00f3n B\u00e1sica Alternativa en las disciplinas deportivas individuales y colectivas de las categor\u00edas \u201cA\u201d, \u201cB\u201d \u201cC\u201d y \u201cD\u201d.<\/p>\n","protected":false},"excerpt":{"rendered":"<div class=\"mh-excerpt\"><p>M\u00e1s de 47 mil estudiantes participan en la etapa regional de los Juegos Escolares Deportivos y Paradeportivos 2023 \u2013 Edici\u00f3n 31, que iniciaron el d\u00eda <a class=\"mh-excerpt-more\" href=\"https:\/\/www.radiolibertadmundo.com\/web\/47-mil-estudiantes-participan-en-la-etapa-regional-de-los-juegos-deportivos-y-paradeportivos\/\" title=\"47 MIL ESTUDIANTES PARTICIPAN EN LA ETAPA REGIONAL DE LOS JUEGOS DEPORTIVOS Y PARADEPORTIVOS\">[&#8230;]<\/a><\/p>\n<\/div>","protected":false},"author":1,"featured_media":21565,"comment_status":"open","ping_status":"open","sticky":true,"template":"","format":"standard","meta":{"footnotes":""},"categories":[4],"tags":[59,27],"class_list":["post-21564","post","type-post","status-publish","format-standard","has-post-thumbnail","hentry","category-local","tag-la-libertad","tag-trujillo"],"_links":{"self":[{"href":"https:\/\/www.radiolibertadmundo.com\/web\/wp-json\/wp\/v2\/posts\/21564","targetHints":{"allow":["GET"]}}],"collection":[{"href":"https:\/\/www.radiolibertadmundo.com\/web\/wp-json\/wp\/v2\/posts"}],"about":[{"href":"https:\/\/www.radiolibertadmundo.com\/web\/wp-json\/wp\/v2\/types\/post"}],"author":[{"embeddable":true,"href":"https:\/\/www.radiolibertadmundo.com\/web\/wp-json\/wp\/v2\/users\/1"}],"replies":[{"embeddable":true,"href":"https:\/\/www.radiolibertadmundo.com\/web\/wp-json\/wp\/v2\/comments?post=21564"}],"version-history":[{"count":1,"href":"https:\/\/www.radiolibertadmundo.com\/web\/wp-json\/wp\/v2\/posts\/21564\/revisions"}],"predecessor-version":[{"id":21568,"href":"https:\/\/www.radiolibertadmundo.com\/web\/wp-json\/wp\/v2\/posts\/21564\/revisions\/21568"}],"wp:featuredmedia":[{"embeddable":true,"href":"https:\/\/www.radiolibertadmundo.com\/web\/wp-json\/wp\/v2\/media\/21565"}],"wp:attachment":[{"href":"https:\/\/www.radiolibertadmundo.com\/web\/wp-json\/wp\/v2\/media?parent=21564"}],"wp:term":[{"taxonomy":"category","embeddable":true,"href":"https:\/\/www.radiolibertadmundo.com\/web\/wp-json\/wp\/v2\/categories?post=21564"},{"taxonomy":"post_tag","embeddable":true,"href":"https:\/\/www.radiolibertadmundo.com\/web\/wp-json\/wp\/v2\/tags?post=21564"}],"curies":[{"name":"wp","href":"https:\/\/api.w.org\/{rel}","templated":true}]}}