{"id":21560,"date":"2023-07-04T19:25:00","date_gmt":"2023-07-04T19:25:00","guid":{"rendered":"http:\/\/www.radiolibertadmundo.com\/web\/?p=21560"},"modified":"2023-07-05T00:27:22","modified_gmt":"2023-07-05T00:27:22","slug":"gore-compra-200-maquinas-fumigadoras-para-combatir-brotes-de-dengue","status":"publish","type":"post","link":"https:\/\/www.radiolibertadmundo.com\/web\/gore-compra-200-maquinas-fumigadoras-para-combatir-brotes-de-dengue\/","title":{"rendered":"GORE COMPRA 200 M\u00c1QUINAS FUMIGADORAS PARA COMBATIR BROTES DE DENGUE"},"content":{"rendered":"\n<figure class=\"wp-block-gallery has-nested-images columns-default is-cropped wp-block-gallery-1 is-layout-flex wp-block-gallery-is-layout-flex\">\n<figure class=\"wp-block-image size-large\"><a href=\"http:\/\/www.radiolibertadmundo.com\/web\/wp-content\/uploads\/WhatsApp-Image-2023-07-04-at-5.27.37-PM-1.jpeg\"><img loading=\"lazy\" decoding=\"async\" width=\"1024\" height=\"767\" data-id=\"21561\" src=\"http:\/\/www.radiolibertadmundo.com\/web\/wp-content\/uploads\/WhatsApp-Image-2023-07-04-at-5.27.37-PM-1-1024x767.jpeg\" alt=\"\" class=\"wp-image-21561\" srcset=\"https:\/\/www.radiolibertadmundo.com\/web\/wp-content\/uploads\/WhatsApp-Image-2023-07-04-at-5.27.37-PM-1-1024x767.jpeg 1024w, https:\/\/www.radiolibertadmundo.com\/web\/wp-content\/uploads\/WhatsApp-Image-2023-07-04-at-5.27.37-PM-1-300x225.jpeg 300w, https:\/\/www.radiolibertadmundo.com\/web\/wp-content\/uploads\/WhatsApp-Image-2023-07-04-at-5.27.37-PM-1-768x575.jpeg 768w, https:\/\/www.radiolibertadmundo.com\/web\/wp-content\/uploads\/WhatsApp-Image-2023-07-04-at-5.27.37-PM-1.jpeg 1280w\" sizes=\"auto, (max-width: 1024px) 100vw, 1024px\" \/><\/a><\/figure>\n\n\n\n<figure class=\"wp-block-image size-large\"><a href=\"http:\/\/www.radiolibertadmundo.com\/web\/wp-content\/uploads\/WhatsApp-Image-2023-07-04-at-5.27.37-PM.jpeg\"><img loading=\"lazy\" decoding=\"async\" width=\"1024\" height=\"768\" data-id=\"21562\" src=\"http:\/\/www.radiolibertadmundo.com\/web\/wp-content\/uploads\/WhatsApp-Image-2023-07-04-at-5.27.37-PM-1024x768.jpeg\" alt=\"\" class=\"wp-image-21562\" srcset=\"https:\/\/www.radiolibertadmundo.com\/web\/wp-content\/uploads\/WhatsApp-Image-2023-07-04-at-5.27.37-PM-1024x768.jpeg 1024w, https:\/\/www.radiolibertadmundo.com\/web\/wp-content\/uploads\/WhatsApp-Image-2023-07-04-at-5.27.37-PM-300x225.jpeg 300w, https:\/\/www.radiolibertadmundo.com\/web\/wp-content\/uploads\/WhatsApp-Image-2023-07-04-at-5.27.37-PM-768x576.jpeg 768w, https:\/\/www.radiolibertadmundo.com\/web\/wp-content\/uploads\/WhatsApp-Image-2023-07-04-at-5.27.37-PM-1536x1152.jpeg 1536w, https:\/\/www.radiolibertadmundo.com\/web\/wp-content\/uploads\/WhatsApp-Image-2023-07-04-at-5.27.37-PM.jpeg 1600w\" sizes=\"auto, (max-width: 1024px) 100vw, 1024px\" \/><\/a><\/figure>\n<\/figure>\n\n\n\n<p>Por indicaci\u00f3n del gobernador C\u00e9sar Acu\u00f1a, se ha invertido m\u00e1s de S\/ 2 millones. Se intensificar\u00e1 barrido casa por casa en los sectores de riesgo, y estaremos m\u00e1s preparados en caso de nuevos brotes ante las pr\u00f3ximas lluvias del FEN<\/p>\n\n\n\n<p>El Gobierno Regional de La Libertad adquiri\u00f3 200 m\u00e1quinas de fumigaci\u00f3n con las que se har\u00e1 una acci\u00f3n agresiva en todas las provincias del litoral costero donde hay presencia del mal, revel\u00f3 el gobernador C\u00e9sar Acu\u00f1a Peralta.<\/p>\n\n\n\n<p>La autoridad regional dispuso semanas atr\u00e1s realizar esa compra a trav\u00e9s de la Gerencia Regional de Salud, para lo cual el GORE transfiri\u00f3 m\u00e1s de 2 millones 300 mil soles a fin de renovar y potenciar los equipos con los cuales se est\u00e1 luchando contra la enfermedad.<\/p>\n\n\n\n<p>Las m\u00e1quinas, denominadas termonebulizadores, ya se encuentran en poder de la GERESA, provenientes de Alemania. Con esas nuevas adquisiciones, la entidad ya tiene 300 m\u00e1quinas que las dedica a la fumigaci\u00f3n de viviendas para eliminar al zancudo adulto.<\/p>\n","protected":false},"excerpt":{"rendered":"<div class=\"mh-excerpt\"><p>Por indicaci\u00f3n del gobernador C\u00e9sar Acu\u00f1a, se ha invertido m\u00e1s de S\/ 2 millones. Se intensificar\u00e1 barrido casa por casa en los sectores de riesgo, <a class=\"mh-excerpt-more\" href=\"https:\/\/www.radiolibertadmundo.com\/web\/gore-compra-200-maquinas-fumigadoras-para-combatir-brotes-de-dengue\/\" title=\"GORE COMPRA 200 M\u00c1QUINAS FUMIGADORAS PARA COMBATIR BROTES DE DENGUE\">[&#8230;]<\/a><\/p>\n<\/div>","protected":false},"author":1,"featured_media":21562,"comment_status":"open","ping_status":"open","sticky":true,"template":"","format":"standard","meta":{"footnotes":""},"categories":[4],"tags":[59,27],"class_list":["post-21560","post","type-post","status-publish","format-standard","has-post-thumbnail","hentry","category-local","tag-la-libertad","tag-trujillo"],"_links":{"self":[{"href":"https:\/\/www.radiolibertadmundo.com\/web\/wp-json\/wp\/v2\/posts\/21560","targetHints":{"allow":["GET"]}}],"collection":[{"href":"https:\/\/www.radiolibertadmundo.com\/web\/wp-json\/wp\/v2\/posts"}],"about":[{"href":"https:\/\/www.radiolibertadmundo.com\/web\/wp-json\/wp\/v2\/types\/post"}],"author":[{"embeddable":true,"href":"https:\/\/www.radiolibertadmundo.com\/web\/wp-json\/wp\/v2\/users\/1"}],"replies":[{"embeddable":true,"href":"https:\/\/www.radiolibertadmundo.com\/web\/wp-json\/wp\/v2\/comments?post=21560"}],"version-history":[{"count":1,"href":"https:\/\/www.radiolibertadmundo.com\/web\/wp-json\/wp\/v2\/posts\/21560\/revisions"}],"predecessor-version":[{"id":21563,"href":"https:\/\/www.radiolibertadmundo.com\/web\/wp-json\/wp\/v2\/posts\/21560\/revisions\/21563"}],"wp:featuredmedia":[{"embeddable":true,"href":"https:\/\/www.radiolibertadmundo.com\/web\/wp-json\/wp\/v2\/media\/21562"}],"wp:attachment":[{"href":"https:\/\/www.radiolibertadmundo.com\/web\/wp-json\/wp\/v2\/media?parent=21560"}],"wp:term":[{"taxonomy":"category","embeddable":true,"href":"https:\/\/www.radiolibertadmundo.com\/web\/wp-json\/wp\/v2\/categories?post=21560"},{"taxonomy":"post_tag","embeddable":true,"href":"https:\/\/www.radiolibertadmundo.com\/web\/wp-json\/wp\/v2\/tags?post=21560"}],"curies":[{"name":"wp","href":"https:\/\/api.w.org\/{rel}","templated":true}]}}