{"id":21538,"date":"2023-06-26T23:25:00","date_gmt":"2023-06-26T23:25:00","guid":{"rendered":"http:\/\/www.radiolibertadmundo.com\/web\/?p=21538"},"modified":"2023-06-27T04:25:54","modified_gmt":"2023-06-27T04:25:54","slug":"centros-de-salud-de-bolivar-reciben-potente-equipamiento-medico-este-ano","status":"publish","type":"post","link":"https:\/\/www.radiolibertadmundo.com\/web\/centros-de-salud-de-bolivar-reciben-potente-equipamiento-medico-este-ano\/","title":{"rendered":"CENTROS DE SALUD DE BOL\u00cdVAR RECIBEN POTENTE EQUIPAMIENTO M\u00c9DICO ESTE A\u00d1O"},"content":{"rendered":"\n<figure class=\"wp-block-gallery has-nested-images columns-default is-cropped wp-block-gallery-1 is-layout-flex wp-block-gallery-is-layout-flex\">\n<figure class=\"wp-block-image size-large\"><a href=\"http:\/\/www.radiolibertadmundo.com\/web\/wp-content\/uploads\/WhatsApp-Image-2023-06-25-at-2.10.35-PM-1.jpeg\"><img loading=\"lazy\" decoding=\"async\" width=\"1024\" height=\"684\" data-id=\"21541\" src=\"http:\/\/www.radiolibertadmundo.com\/web\/wp-content\/uploads\/WhatsApp-Image-2023-06-25-at-2.10.35-PM-1-1024x684.jpeg\" alt=\"\" class=\"wp-image-21541\" srcset=\"https:\/\/www.radiolibertadmundo.com\/web\/wp-content\/uploads\/WhatsApp-Image-2023-06-25-at-2.10.35-PM-1-1024x684.jpeg 1024w, https:\/\/www.radiolibertadmundo.com\/web\/wp-content\/uploads\/WhatsApp-Image-2023-06-25-at-2.10.35-PM-1-300x200.jpeg 300w, https:\/\/www.radiolibertadmundo.com\/web\/wp-content\/uploads\/WhatsApp-Image-2023-06-25-at-2.10.35-PM-1-768x513.jpeg 768w, https:\/\/www.radiolibertadmundo.com\/web\/wp-content\/uploads\/WhatsApp-Image-2023-06-25-at-2.10.35-PM-1-1536x1026.jpeg 1536w, https:\/\/www.radiolibertadmundo.com\/web\/wp-content\/uploads\/WhatsApp-Image-2023-06-25-at-2.10.35-PM-1.jpeg 1600w\" sizes=\"auto, (max-width: 1024px) 100vw, 1024px\" \/><\/a><\/figure>\n\n\n\n<figure class=\"wp-block-image size-large\"><a href=\"http:\/\/www.radiolibertadmundo.com\/web\/wp-content\/uploads\/WhatsApp-Image-2023-06-25-at-2.10.35-PM.jpeg\"><img loading=\"lazy\" decoding=\"async\" width=\"1024\" height=\"684\" data-id=\"21540\" src=\"http:\/\/www.radiolibertadmundo.com\/web\/wp-content\/uploads\/WhatsApp-Image-2023-06-25-at-2.10.35-PM-1024x684.jpeg\" alt=\"\" class=\"wp-image-21540\" srcset=\"https:\/\/www.radiolibertadmundo.com\/web\/wp-content\/uploads\/WhatsApp-Image-2023-06-25-at-2.10.35-PM-1024x684.jpeg 1024w, https:\/\/www.radiolibertadmundo.com\/web\/wp-content\/uploads\/WhatsApp-Image-2023-06-25-at-2.10.35-PM-300x200.jpeg 300w, https:\/\/www.radiolibertadmundo.com\/web\/wp-content\/uploads\/WhatsApp-Image-2023-06-25-at-2.10.35-PM-768x513.jpeg 768w, https:\/\/www.radiolibertadmundo.com\/web\/wp-content\/uploads\/WhatsApp-Image-2023-06-25-at-2.10.35-PM-1536x1026.jpeg 1536w, https:\/\/www.radiolibertadmundo.com\/web\/wp-content\/uploads\/WhatsApp-Image-2023-06-25-at-2.10.35-PM.jpeg 1600w\" sizes=\"auto, (max-width: 1024px) 100vw, 1024px\" \/><\/a><\/figure>\n\n\n\n<figure class=\"wp-block-image size-large\"><a href=\"http:\/\/www.radiolibertadmundo.com\/web\/wp-content\/uploads\/WhatsApp-Image-2023-06-25-at-2.10.36-PM-1.jpeg\"><img loading=\"lazy\" decoding=\"async\" width=\"1024\" height=\"684\" data-id=\"21539\" src=\"http:\/\/www.radiolibertadmundo.com\/web\/wp-content\/uploads\/WhatsApp-Image-2023-06-25-at-2.10.36-PM-1-1024x684.jpeg\" alt=\"\" class=\"wp-image-21539\" srcset=\"https:\/\/www.radiolibertadmundo.com\/web\/wp-content\/uploads\/WhatsApp-Image-2023-06-25-at-2.10.36-PM-1-1024x684.jpeg 1024w, https:\/\/www.radiolibertadmundo.com\/web\/wp-content\/uploads\/WhatsApp-Image-2023-06-25-at-2.10.36-PM-1-300x200.jpeg 300w, https:\/\/www.radiolibertadmundo.com\/web\/wp-content\/uploads\/WhatsApp-Image-2023-06-25-at-2.10.36-PM-1-768x513.jpeg 768w, https:\/\/www.radiolibertadmundo.com\/web\/wp-content\/uploads\/WhatsApp-Image-2023-06-25-at-2.10.36-PM-1-1536x1026.jpeg 1536w, https:\/\/www.radiolibertadmundo.com\/web\/wp-content\/uploads\/WhatsApp-Image-2023-06-25-at-2.10.36-PM-1.jpeg 1600w\" sizes=\"auto, (max-width: 1024px) 100vw, 1024px\" \/><\/a><\/figure>\n\n\n\n<figure class=\"wp-block-image size-large\"><a href=\"http:\/\/www.radiolibertadmundo.com\/web\/wp-content\/uploads\/WhatsApp-Image-2023-06-25-at-2.10.36-PM-2.jpeg\"><img loading=\"lazy\" decoding=\"async\" width=\"1024\" height=\"684\" data-id=\"21542\" src=\"http:\/\/www.radiolibertadmundo.com\/web\/wp-content\/uploads\/WhatsApp-Image-2023-06-25-at-2.10.36-PM-2-1024x684.jpeg\" alt=\"\" class=\"wp-image-21542\" srcset=\"https:\/\/www.radiolibertadmundo.com\/web\/wp-content\/uploads\/WhatsApp-Image-2023-06-25-at-2.10.36-PM-2-1024x684.jpeg 1024w, https:\/\/www.radiolibertadmundo.com\/web\/wp-content\/uploads\/WhatsApp-Image-2023-06-25-at-2.10.36-PM-2-300x200.jpeg 300w, https:\/\/www.radiolibertadmundo.com\/web\/wp-content\/uploads\/WhatsApp-Image-2023-06-25-at-2.10.36-PM-2-768x513.jpeg 768w, https:\/\/www.radiolibertadmundo.com\/web\/wp-content\/uploads\/WhatsApp-Image-2023-06-25-at-2.10.36-PM-2-1536x1026.jpeg 1536w, https:\/\/www.radiolibertadmundo.com\/web\/wp-content\/uploads\/WhatsApp-Image-2023-06-25-at-2.10.36-PM-2.jpeg 1600w\" sizes=\"auto, (max-width: 1024px) 100vw, 1024px\" \/><\/a><\/figure>\n\n\n\n<figure class=\"wp-block-image size-large\"><a href=\"http:\/\/www.radiolibertadmundo.com\/web\/wp-content\/uploads\/WhatsApp-Image-2023-06-25-at-2.10.36-PM.jpeg\"><img loading=\"lazy\" decoding=\"async\" width=\"1024\" height=\"684\" data-id=\"21543\" src=\"http:\/\/www.radiolibertadmundo.com\/web\/wp-content\/uploads\/WhatsApp-Image-2023-06-25-at-2.10.36-PM-1024x684.jpeg\" alt=\"\" class=\"wp-image-21543\" srcset=\"https:\/\/www.radiolibertadmundo.com\/web\/wp-content\/uploads\/WhatsApp-Image-2023-06-25-at-2.10.36-PM-1024x684.jpeg 1024w, https:\/\/www.radiolibertadmundo.com\/web\/wp-content\/uploads\/WhatsApp-Image-2023-06-25-at-2.10.36-PM-300x200.jpeg 300w, https:\/\/www.radiolibertadmundo.com\/web\/wp-content\/uploads\/WhatsApp-Image-2023-06-25-at-2.10.36-PM-768x513.jpeg 768w, https:\/\/www.radiolibertadmundo.com\/web\/wp-content\/uploads\/WhatsApp-Image-2023-06-25-at-2.10.36-PM-1536x1026.jpeg 1536w, https:\/\/www.radiolibertadmundo.com\/web\/wp-content\/uploads\/WhatsApp-Image-2023-06-25-at-2.10.36-PM.jpeg 1600w\" sizes=\"auto, (max-width: 1024px) 100vw, 1024px\" \/><\/a><\/figure>\n<\/figure>\n\n\n\n<p>El gobernador regional C\u00e9sar Acu\u00f1a Peralta, durante su visita hoy a la capital de la provincia de Bol\u00edvar, comunic\u00f3 que ya est\u00e1 en marcha un potente equipamiento m\u00e9dico a seis establecimientos de salud con m\u00e1s de medio mill\u00f3n de soles, que ser\u00e1 un soporte importante para entregar un mejor servicio de salud a los bolivarianos.<\/p>\n\n\n\n<p>La buena nueva la comunic\u00f3 desde el hospital provincial a donde lleg\u00f3 para inspeccionar el estado del mismo y las necesidades que presenta, y en el cual se est\u00e1 destinado m\u00e1s de 390 mil soles para potenciarlo con nuevo equipamiento, en beneficio de 18 mil pobladores. Los otros centros de salud beneficiados son de los poblados de Longotea, Calemar, Ucuncha y Uchumarca.<\/p>\n\n\n\n<p>Tambi\u00e9n dispuso que el gerente regional de Salud, An\u00edbal Morillo, llegue en los pr\u00f3ximos d\u00edas para hacer el diagn\u00f3stico real del establecimiento de salud, y se hagan las mejoras necesarias para brindar una mejor atenci\u00f3n a los pacientes. En camino tambi\u00e9n est\u00e1 poner operativo un centro quir\u00fargico con lo b\u00e1sico para que a partir de enero del 2024 se realicen operaciones.<\/p>\n\n\n\n<p>De otro lado, la autoridad dispuso de manera firme que en adelante ya no se realicen reuniones zoom entre la Geresa y el hospital. \u00abLa \u00fanica manera de saber las necesidades es viniendo aqu\u00ed de manera presencial. Por eso, se acabaron las reuniones virtuales. Toda coordinaci\u00f3n debe ser presencial\u00bb, indic\u00f3.<\/p>\n\n\n\n<p>M\u00e1s adelante visit\u00f3 la I. E. San Salvador donde anuncio un nuevo programa de inversi\u00f3n para colocar estructuras techadas en los patios para evitar que el sol afecte a los ni\u00f1os.<\/p>\n\n\n\n<p>Seguidamente, en la ceremonia especial por el D\u00eda del Campesino, la autoridad regional reafirm\u00f3 que la Educaci\u00f3n sigue siendo su prioridad y en ese marco ha planificado a\u00f1o a a\u00f1o las inversiones para comprar 30 mil laptops para maestros, implementaci\u00f3n de aulas inteligentes, la renovaci\u00f3n total del mobiliario escolar y el programa Ba\u00f1os Dignos.<\/p>\n\n\n\n<p><strong>MAQUINARIA PESADA<\/strong><\/p>\n\n\n\n<p>El momento especial fue la entrega de la maquinaria pesada para el mantenimiento de 150 km de caminos de la provincia, que se realizar\u00e1 hasta el a\u00f1o 2026, donde el GORE asume el gasto en los operarios y el combustible. Asimismo, replic\u00f3 su mensaje de hacer 1 obra por a\u00f1o en cada distrito liberte\u00f1o, entre el 2024 y el 2026, de un costo no mayor a 2 millones de soles.<\/p>\n\n\n\n<p>\u201cEstoy contento de estar en la provincia de Bol\u00edvar, porque me hace recordar a mi tierra donde pas\u00e9 mi ni\u00f1ez. Tuve una madre que nunca fue a la escuela y mi padre agricultor ten\u00eda tercero de primaria, pero me educaron en valores\u201d, manifest\u00f3.<\/p>\n\n\n\n<p><strong>OTROS COMPROMISOS<\/strong><\/p>\n\n\n\n<p>Visit\u00f3 luego el Instituto Superior Tecnol\u00f3gico P\u00fablico de Bol\u00edvar, asumiendo en primer t\u00e9rmino realizar el expediente t\u00e9cnico para ver luego la modalidad de ejecuci\u00f3n. Finalmente, en el local de la Ugel, dispuso iniciar los estudios para modernizarla y cuenten con mejores instalaciones donde brinden adecuados servicios educativos.<\/p>\n","protected":false},"excerpt":{"rendered":"<div class=\"mh-excerpt\"><p>El gobernador regional C\u00e9sar Acu\u00f1a Peralta, durante su visita hoy a la capital de la provincia de Bol\u00edvar, comunic\u00f3 que ya est\u00e1 en marcha un <a class=\"mh-excerpt-more\" href=\"https:\/\/www.radiolibertadmundo.com\/web\/centros-de-salud-de-bolivar-reciben-potente-equipamiento-medico-este-ano\/\" title=\"CENTROS DE SALUD DE BOL\u00cdVAR RECIBEN POTENTE EQUIPAMIENTO M\u00c9DICO ESTE A\u00d1O\">[&#8230;]<\/a><\/p>\n<\/div>","protected":false},"author":1,"featured_media":21540,"comment_status":"open","ping_status":"open","sticky":true,"template":"","format":"standard","meta":{"footnotes":""},"categories":[4],"tags":[59,27],"class_list":["post-21538","post","type-post","status-publish","format-standard","has-post-thumbnail","hentry","category-local","tag-la-libertad","tag-trujillo"],"_links":{"self":[{"href":"https:\/\/www.radiolibertadmundo.com\/web\/wp-json\/wp\/v2\/posts\/21538","targetHints":{"allow":["GET"]}}],"collection":[{"href":"https:\/\/www.radiolibertadmundo.com\/web\/wp-json\/wp\/v2\/posts"}],"about":[{"href":"https:\/\/www.radiolibertadmundo.com\/web\/wp-json\/wp\/v2\/types\/post"}],"author":[{"embeddable":true,"href":"https:\/\/www.radiolibertadmundo.com\/web\/wp-json\/wp\/v2\/users\/1"}],"replies":[{"embeddable":true,"href":"https:\/\/www.radiolibertadmundo.com\/web\/wp-json\/wp\/v2\/comments?post=21538"}],"version-history":[{"count":1,"href":"https:\/\/www.radiolibertadmundo.com\/web\/wp-json\/wp\/v2\/posts\/21538\/revisions"}],"predecessor-version":[{"id":21544,"href":"https:\/\/www.radiolibertadmundo.com\/web\/wp-json\/wp\/v2\/posts\/21538\/revisions\/21544"}],"wp:featuredmedia":[{"embeddable":true,"href":"https:\/\/www.radiolibertadmundo.com\/web\/wp-json\/wp\/v2\/media\/21540"}],"wp:attachment":[{"href":"https:\/\/www.radiolibertadmundo.com\/web\/wp-json\/wp\/v2\/media?parent=21538"}],"wp:term":[{"taxonomy":"category","embeddable":true,"href":"https:\/\/www.radiolibertadmundo.com\/web\/wp-json\/wp\/v2\/categories?post=21538"},{"taxonomy":"post_tag","embeddable":true,"href":"https:\/\/www.radiolibertadmundo.com\/web\/wp-json\/wp\/v2\/tags?post=21538"}],"curies":[{"name":"wp","href":"https:\/\/api.w.org\/{rel}","templated":true}]}}