{"id":21532,"date":"2023-06-26T23:10:00","date_gmt":"2023-06-26T23:10:00","guid":{"rendered":"http:\/\/www.radiolibertadmundo.com\/web\/?p=21532"},"modified":"2023-06-27T04:13:23","modified_gmt":"2023-06-27T04:13:23","slug":"mpt-aplicara-papeletas-a-infractores-de-transito","status":"publish","type":"post","link":"https:\/\/www.radiolibertadmundo.com\/web\/mpt-aplicara-papeletas-a-infractores-de-transito\/","title":{"rendered":"MPT APLICAR\u00c1 PAPELETAS A INFRACTORES DE TR\u00c1NSITO"},"content":{"rendered":"\n<figure class=\"wp-block-gallery has-nested-images columns-default is-cropped wp-block-gallery-1 is-layout-flex wp-block-gallery-is-layout-flex\">\n<figure class=\"wp-block-image size-large\"><a href=\"http:\/\/www.radiolibertadmundo.com\/web\/wp-content\/uploads\/WhatsApp-Image-2023-06-26-at-3.21.08-PM.jpeg\"><img loading=\"lazy\" decoding=\"async\" width=\"1024\" height=\"768\" data-id=\"21534\" src=\"http:\/\/www.radiolibertadmundo.com\/web\/wp-content\/uploads\/WhatsApp-Image-2023-06-26-at-3.21.08-PM-1024x768.jpeg\" alt=\"\" class=\"wp-image-21534\" srcset=\"https:\/\/www.radiolibertadmundo.com\/web\/wp-content\/uploads\/WhatsApp-Image-2023-06-26-at-3.21.08-PM-1024x768.jpeg 1024w, https:\/\/www.radiolibertadmundo.com\/web\/wp-content\/uploads\/WhatsApp-Image-2023-06-26-at-3.21.08-PM-300x225.jpeg 300w, https:\/\/www.radiolibertadmundo.com\/web\/wp-content\/uploads\/WhatsApp-Image-2023-06-26-at-3.21.08-PM-768x576.jpeg 768w, https:\/\/www.radiolibertadmundo.com\/web\/wp-content\/uploads\/WhatsApp-Image-2023-06-26-at-3.21.08-PM-1536x1152.jpeg 1536w, https:\/\/www.radiolibertadmundo.com\/web\/wp-content\/uploads\/WhatsApp-Image-2023-06-26-at-3.21.08-PM.jpeg 1600w\" sizes=\"auto, (max-width: 1024px) 100vw, 1024px\" \/><\/a><\/figure>\n\n\n\n<figure class=\"wp-block-image size-large\"><a href=\"http:\/\/www.radiolibertadmundo.com\/web\/wp-content\/uploads\/WhatsApp-Image-2023-06-26-at-3.21.09-PM-1.jpeg\"><img loading=\"lazy\" decoding=\"async\" width=\"960\" height=\"720\" data-id=\"21536\" src=\"http:\/\/www.radiolibertadmundo.com\/web\/wp-content\/uploads\/WhatsApp-Image-2023-06-26-at-3.21.09-PM-1.jpeg\" alt=\"\" class=\"wp-image-21536\" srcset=\"https:\/\/www.radiolibertadmundo.com\/web\/wp-content\/uploads\/WhatsApp-Image-2023-06-26-at-3.21.09-PM-1.jpeg 960w, https:\/\/www.radiolibertadmundo.com\/web\/wp-content\/uploads\/WhatsApp-Image-2023-06-26-at-3.21.09-PM-1-300x225.jpeg 300w, https:\/\/www.radiolibertadmundo.com\/web\/wp-content\/uploads\/WhatsApp-Image-2023-06-26-at-3.21.09-PM-1-768x576.jpeg 768w\" sizes=\"auto, (max-width: 960px) 100vw, 960px\" \/><\/a><\/figure>\n\n\n\n<figure class=\"wp-block-image size-large\"><a href=\"http:\/\/www.radiolibertadmundo.com\/web\/wp-content\/uploads\/WhatsApp-Image-2023-06-26-at-3.21.09-PM.jpeg\"><img loading=\"lazy\" decoding=\"async\" width=\"1024\" height=\"768\" data-id=\"21533\" src=\"http:\/\/www.radiolibertadmundo.com\/web\/wp-content\/uploads\/WhatsApp-Image-2023-06-26-at-3.21.09-PM-1024x768.jpeg\" alt=\"\" class=\"wp-image-21533\" srcset=\"https:\/\/www.radiolibertadmundo.com\/web\/wp-content\/uploads\/WhatsApp-Image-2023-06-26-at-3.21.09-PM-1024x768.jpeg 1024w, https:\/\/www.radiolibertadmundo.com\/web\/wp-content\/uploads\/WhatsApp-Image-2023-06-26-at-3.21.09-PM-300x225.jpeg 300w, https:\/\/www.radiolibertadmundo.com\/web\/wp-content\/uploads\/WhatsApp-Image-2023-06-26-at-3.21.09-PM-768x576.jpeg 768w, https:\/\/www.radiolibertadmundo.com\/web\/wp-content\/uploads\/WhatsApp-Image-2023-06-26-at-3.21.09-PM-1536x1152.jpeg 1536w, https:\/\/www.radiolibertadmundo.com\/web\/wp-content\/uploads\/WhatsApp-Image-2023-06-26-at-3.21.09-PM.jpeg 1600w\" sizes=\"auto, (max-width: 1024px) 100vw, 1024px\" \/><\/a><\/figure>\n\n\n\n<figure class=\"wp-block-image size-large\"><a href=\"http:\/\/www.radiolibertadmundo.com\/web\/wp-content\/uploads\/WhatsApp-Image-2023-06-26-at-3.21.10-PM.jpeg\"><img loading=\"lazy\" decoding=\"async\" width=\"960\" height=\"720\" data-id=\"21535\" src=\"http:\/\/www.radiolibertadmundo.com\/web\/wp-content\/uploads\/WhatsApp-Image-2023-06-26-at-3.21.10-PM.jpeg\" alt=\"\" class=\"wp-image-21535\" srcset=\"https:\/\/www.radiolibertadmundo.com\/web\/wp-content\/uploads\/WhatsApp-Image-2023-06-26-at-3.21.10-PM.jpeg 960w, https:\/\/www.radiolibertadmundo.com\/web\/wp-content\/uploads\/WhatsApp-Image-2023-06-26-at-3.21.10-PM-300x225.jpeg 300w, https:\/\/www.radiolibertadmundo.com\/web\/wp-content\/uploads\/WhatsApp-Image-2023-06-26-at-3.21.10-PM-768x576.jpeg 768w\" sizes=\"auto, (max-width: 960px) 100vw, 960px\" \/><\/a><\/figure>\n<\/figure>\n\n\n\n<p>Tras terminar una primera etapa de la campa\u00f1a de sensibilizaci\u00f3n y control a unidades de servicio p\u00fablico, la Municipalidad Provincial de Trujillo empezar\u00e1 desde hoy martes la segunda etapa, que, adem\u00e1s de fiscalizar, incluye la colocaci\u00f3n de papeletas a veh\u00edculos que hagan servicio informal, ocupen paraderos informales, circulen fuera de ruta o se estacionen en zonas r\u00edgidas.<\/p>\n\n\n\n<p>Las intervenciones de la primera etapa fueron transmitidas y publicadas en las redes sociales de la MPT y estuvieron a cargo de la Subgerencia de Fiscalizaci\u00f3n, Transporte y Tr\u00e1nsito de la MPT.<\/p>\n\n\n\n<p>Las labores diarias de fiscalizaci\u00f3n, control e inspecci\u00f3n de las unidades del transporte p\u00fablico, tuvieron como objetivo, sensibilizar y concientizar a los conductores respecto al cumplimiento de las normas y a contar con la documentaci\u00f3n en regla para evitar problemas.<\/p>\n\n\n\n<p>Estas se realizaron de manera inopinada en diversas calles y avenidas de la ciudad, con apoyo de la PNP, interviniendo incluso a conductores de unidades particulares para hacer las recomendaciones del caso.<\/p>\n\n\n\n<p>A trav\u00e9s de la citada subgerencia tambi\u00e9n se intervino en la entrada principal al mercado La Hermelinda, sensibilizando a peatones y conductores para que no invadan los espacios p\u00fablicos y se ubiquen en sus respectivos paraderos, garantizando de esta forma el orden y seguridad<\/p>\n\n\n\n<p>Por otra parte, la MPT pide a los conductores del transporte p\u00fablico (microbuses, combis, colectivos, taxis y mototaxis) denunciar a trav\u00e9s de las redes sociales cuando se detecte una situaci\u00f3n de coima o actos ajenos a las funciones de un inspector municipal y les hace conocer que est\u00e1n en su derecho de grabar las intervenciones.<\/p>\n","protected":false},"excerpt":{"rendered":"<div class=\"mh-excerpt\"><p>Tras terminar una primera etapa de la campa\u00f1a de sensibilizaci\u00f3n y control a unidades de servicio p\u00fablico, la Municipalidad Provincial de Trujillo empezar\u00e1 desde hoy <a class=\"mh-excerpt-more\" href=\"https:\/\/www.radiolibertadmundo.com\/web\/mpt-aplicara-papeletas-a-infractores-de-transito\/\" title=\"MPT APLICAR\u00c1 PAPELETAS A INFRACTORES DE TR\u00c1NSITO\">[&#8230;]<\/a><\/p>\n<\/div>","protected":false},"author":1,"featured_media":21535,"comment_status":"open","ping_status":"open","sticky":true,"template":"","format":"standard","meta":{"footnotes":""},"categories":[4],"tags":[59,27],"class_list":["post-21532","post","type-post","status-publish","format-standard","has-post-thumbnail","hentry","category-local","tag-la-libertad","tag-trujillo"],"_links":{"self":[{"href":"https:\/\/www.radiolibertadmundo.com\/web\/wp-json\/wp\/v2\/posts\/21532","targetHints":{"allow":["GET"]}}],"collection":[{"href":"https:\/\/www.radiolibertadmundo.com\/web\/wp-json\/wp\/v2\/posts"}],"about":[{"href":"https:\/\/www.radiolibertadmundo.com\/web\/wp-json\/wp\/v2\/types\/post"}],"author":[{"embeddable":true,"href":"https:\/\/www.radiolibertadmundo.com\/web\/wp-json\/wp\/v2\/users\/1"}],"replies":[{"embeddable":true,"href":"https:\/\/www.radiolibertadmundo.com\/web\/wp-json\/wp\/v2\/comments?post=21532"}],"version-history":[{"count":1,"href":"https:\/\/www.radiolibertadmundo.com\/web\/wp-json\/wp\/v2\/posts\/21532\/revisions"}],"predecessor-version":[{"id":21537,"href":"https:\/\/www.radiolibertadmundo.com\/web\/wp-json\/wp\/v2\/posts\/21532\/revisions\/21537"}],"wp:featuredmedia":[{"embeddable":true,"href":"https:\/\/www.radiolibertadmundo.com\/web\/wp-json\/wp\/v2\/media\/21535"}],"wp:attachment":[{"href":"https:\/\/www.radiolibertadmundo.com\/web\/wp-json\/wp\/v2\/media?parent=21532"}],"wp:term":[{"taxonomy":"category","embeddable":true,"href":"https:\/\/www.radiolibertadmundo.com\/web\/wp-json\/wp\/v2\/categories?post=21532"},{"taxonomy":"post_tag","embeddable":true,"href":"https:\/\/www.radiolibertadmundo.com\/web\/wp-json\/wp\/v2\/tags?post=21532"}],"curies":[{"name":"wp","href":"https:\/\/api.w.org\/{rel}","templated":true}]}}