{"id":21524,"date":"2023-06-23T16:27:00","date_gmt":"2023-06-23T16:27:00","guid":{"rendered":"http:\/\/www.radiolibertadmundo.com\/web\/?p=21524"},"modified":"2023-06-23T21:43:27","modified_gmt":"2023-06-23T21:43:27","slug":"policia-asegura-que-recibieron-ordenes-de-disparar-a-manifestantes","status":"publish","type":"post","link":"https:\/\/www.radiolibertadmundo.com\/web\/policia-asegura-que-recibieron-ordenes-de-disparar-a-manifestantes\/","title":{"rendered":"POLIC\u00cdA ASEGURA QUE RECIBIERON \u00d3RDENES DE DISPARAR A MANIFESTANTES"},"content":{"rendered":"\n<figure class=\"wp-block-gallery has-nested-images columns-default is-cropped wp-block-gallery-1 is-layout-flex wp-block-gallery-is-layout-flex\">\n<figure class=\"wp-block-image size-large\"><a href=\"http:\/\/www.radiolibertadmundo.com\/web\/wp-content\/uploads\/128246107_mediaitem128246106.jpg\"><img loading=\"lazy\" decoding=\"async\" width=\"640\" height=\"360\" data-id=\"21526\" src=\"http:\/\/www.radiolibertadmundo.com\/web\/wp-content\/uploads\/128246107_mediaitem128246106.jpg\" alt=\"\" class=\"wp-image-21526\" srcset=\"https:\/\/www.radiolibertadmundo.com\/web\/wp-content\/uploads\/128246107_mediaitem128246106.jpg 640w, https:\/\/www.radiolibertadmundo.com\/web\/wp-content\/uploads\/128246107_mediaitem128246106-300x169.jpg 300w, https:\/\/www.radiolibertadmundo.com\/web\/wp-content\/uploads\/128246107_mediaitem128246106-260x146.jpg 260w, https:\/\/www.radiolibertadmundo.com\/web\/wp-content\/uploads\/128246107_mediaitem128246106-120x67.jpg 120w\" sizes=\"auto, (max-width: 640px) 100vw, 640px\" \/><\/a><\/figure>\n\n\n\n<figure class=\"wp-block-image size-large\"><a href=\"http:\/\/www.radiolibertadmundo.com\/web\/wp-content\/uploads\/647f2cf5c118cd1c4720cc7c.png\"><img loading=\"lazy\" decoding=\"async\" width=\"640\" height=\"377\" data-id=\"21527\" src=\"http:\/\/www.radiolibertadmundo.com\/web\/wp-content\/uploads\/647f2cf5c118cd1c4720cc7c.png\" alt=\"\" class=\"wp-image-21527\" srcset=\"https:\/\/www.radiolibertadmundo.com\/web\/wp-content\/uploads\/647f2cf5c118cd1c4720cc7c.png 640w, https:\/\/www.radiolibertadmundo.com\/web\/wp-content\/uploads\/647f2cf5c118cd1c4720cc7c-300x177.png 300w\" sizes=\"auto, (max-width: 640px) 100vw, 640px\" \/><\/a><\/figure>\n\n\n\n<figure class=\"wp-block-image size-large\"><a href=\"http:\/\/www.radiolibertadmundo.com\/web\/wp-content\/uploads\/descarga-1-4.jpg\"><img loading=\"lazy\" decoding=\"async\" width=\"1024\" height=\"683\" data-id=\"21528\" src=\"http:\/\/www.radiolibertadmundo.com\/web\/wp-content\/uploads\/descarga-1-4-1024x683.jpg\" alt=\"\" class=\"wp-image-21528\" srcset=\"https:\/\/www.radiolibertadmundo.com\/web\/wp-content\/uploads\/descarga-1-4-1024x683.jpg 1024w, https:\/\/www.radiolibertadmundo.com\/web\/wp-content\/uploads\/descarga-1-4-300x200.jpg 300w, https:\/\/www.radiolibertadmundo.com\/web\/wp-content\/uploads\/descarga-1-4-768x512.jpg 768w, https:\/\/www.radiolibertadmundo.com\/web\/wp-content\/uploads\/descarga-1-4.jpg 1486w\" sizes=\"auto, (max-width: 1024px) 100vw, 1024px\" \/><\/a><figcaption class=\"wp-element-caption\">Con un cartel que reprocha los muertos en las protestas, manifestantes volvieron a marchas contra la presidenta peruana Dina Boluarte en Lima, Per\u00fa, el jueves 12 de enero de 2023. Quienes protestan exigen un adelanto electoral inmediato, la renuncia de Boluarte, la liberaci\u00f3n del destituci\u00f3n presidente Pedro Castillo y justicia para los 48 manifestantes fallecidos en enfrentamientos con la polic\u00eda. (AP Foto\/Mart\u00edn Mej\u00eda)<\/figcaption><\/figure>\n\n\n\n<figure class=\"wp-block-image size-large\"><a href=\"http:\/\/www.radiolibertadmundo.com\/web\/wp-content\/uploads\/descarga-17.jpg\"><img loading=\"lazy\" decoding=\"async\" width=\"300\" height=\"168\" data-id=\"21525\" src=\"http:\/\/www.radiolibertadmundo.com\/web\/wp-content\/uploads\/descarga-17.jpg\" alt=\"\" class=\"wp-image-21525\" srcset=\"https:\/\/www.radiolibertadmundo.com\/web\/wp-content\/uploads\/descarga-17.jpg 300w, https:\/\/www.radiolibertadmundo.com\/web\/wp-content\/uploads\/descarga-17-260x146.jpg 260w, https:\/\/www.radiolibertadmundo.com\/web\/wp-content\/uploads\/descarga-17-120x67.jpg 120w\" sizes=\"auto, (max-width: 300px) 100vw, 300px\" \/><\/a><\/figure>\n\n\n\n<figure class=\"wp-block-image size-large\"><a href=\"http:\/\/www.radiolibertadmundo.com\/web\/wp-content\/uploads\/R2M7HQCHURERLIZHS6LRPASHLQ-scaled.jpg\"><img loading=\"lazy\" decoding=\"async\" width=\"1024\" height=\"683\" data-id=\"21529\" src=\"http:\/\/www.radiolibertadmundo.com\/web\/wp-content\/uploads\/R2M7HQCHURERLIZHS6LRPASHLQ-1024x683.jpg\" alt=\"\" class=\"wp-image-21529\" srcset=\"https:\/\/www.radiolibertadmundo.com\/web\/wp-content\/uploads\/R2M7HQCHURERLIZHS6LRPASHLQ-1024x683.jpg 1024w, https:\/\/www.radiolibertadmundo.com\/web\/wp-content\/uploads\/R2M7HQCHURERLIZHS6LRPASHLQ-300x200.jpg 300w, https:\/\/www.radiolibertadmundo.com\/web\/wp-content\/uploads\/R2M7HQCHURERLIZHS6LRPASHLQ-768x512.jpg 768w, https:\/\/www.radiolibertadmundo.com\/web\/wp-content\/uploads\/R2M7HQCHURERLIZHS6LRPASHLQ-1536x1024.jpg 1536w, https:\/\/www.radiolibertadmundo.com\/web\/wp-content\/uploads\/R2M7HQCHURERLIZHS6LRPASHLQ-2048x1365.jpg 2048w\" sizes=\"auto, (max-width: 1024px) 100vw, 1024px\" \/><\/a><figcaption class=\"wp-element-caption\">LIM01. JULIACA (PER\u00da), 10\/01\/2023.- Fotograf\u00eda de ataudes vac\u00edos mientras forman una fila junto a los familiares y pobladores autoconvocados a la espera de la entrega de los cuerpos de los fallecidos en los exteriores del Hospital Carlos Monje Medrano hoy, en Juliaca (Per\u00fa). La Comisi\u00f3n Interamericana de Derechos Humanos (CIDH) conden\u00f3 este martes la muerte de al menos 17 personas en las protestas antigubernamentales del lunes en Juliaca (sur de Per\u00fa), que forma parte del departamento de Puno (fronterizo con Bolivia). EFE\/ Stringer<\/figcaption><\/figure>\n<\/figure>\n\n\n\n<figure class=\"wp-block-image size-full\"><a href=\"http:\/\/www.radiolibertadmundo.com\/web\/wp-content\/uploads\/649512763bd9ea41a6608f88.webp\"><img loading=\"lazy\" decoding=\"async\" width=\"640\" height=\"374\" src=\"http:\/\/www.radiolibertadmundo.com\/web\/wp-content\/uploads\/649512763bd9ea41a6608f88.webp\" alt=\"\" class=\"wp-image-21530\" srcset=\"https:\/\/www.radiolibertadmundo.com\/web\/wp-content\/uploads\/649512763bd9ea41a6608f88.webp 640w, https:\/\/www.radiolibertadmundo.com\/web\/wp-content\/uploads\/649512763bd9ea41a6608f88-300x175.webp 300w\" sizes=\"auto, (max-width: 640px) 100vw, 640px\" \/><\/a><\/figure>\n\n\n\n<p>El periodista Alonso Ramos accedi\u00f3 a una parte del interrogatorio que se le realiz\u00f3 a la presidenta Dina Boluarte el \u00faltimo 6 de junio en la Fiscal\u00eda de la Naci\u00f3n, en el marco de las investigaciones que pesan en contra suya y de su actual primer ministro, Alberto Ot\u00e1rola, por la presunta comisi\u00f3n del delito de homicidio calificado a ra\u00edz de las muertes en protestas de su Gobierno. En la declaraci\u00f3n, se puede leer un dato presente en una de las preguntas, que uno de los polic\u00edas destacados en Juliaca afirm\u00f3 que hab\u00edan tenido orden de disparar confirmada por parte de presidencia y los altos mandos policiales.<\/p>\n\n\n\n<p>Seg\u00fan el documento anunciado este jueves en el programa \u00abAl estilo Juliana\u00bb, la Fiscal\u00eda le consult\u00f3 a Boluarte sobre las declaraciones del suboficial de 3.\u00aa PNP, Jhon Torres Yataco, quien renunci\u00f3 a la Polic\u00eda luego de los 18 muertos en Juliaca, en las que afirmaba que para abrir fuego ten\u00edan la autorizaci\u00f3n \u00abde su comando y de la presidencia\u00bb.<\/p>\n\n\n\n<p>En sus declaraciones para el Ministerio P\u00fablico, Torres Yataco afirm\u00f3 \u00abque las \u00f3rdenes (de sus superiores) fueron dadas dentro del aeropuerto, indicando que cada quien ya conoc\u00eda su funci\u00f3n, a lo que se refer\u00eda que los escuderos ten\u00edan que cubrir al escopetero para que lancen gas y los de AKM formaban aparte, y les indicaba&nbsp;que si era una persona ellos tienen la autorizaci\u00f3n de su Comando y de la presidencia para hacer uso de armas de fuego\u00bb.<\/p>\n\n\n\n<p>Pero la revelaci\u00f3n no queda ah\u00ed, luego de que el suboficial en retiro revelara este dato, la Fiscal\u00eda insisti\u00f3 para corroborar sus declaraciones: \u00ab\u00bfC\u00f3mo sabe que la autorizaci\u00f3n para usar las armas de tipo AKM eran por disposici\u00f3n del Comando y de la presidencia?\u00bb.<\/p>\n\n\n\n<p>Este cuestionamiento llev\u00f3 a Torres a afirmar: \u00abPorque cuando est\u00e1bamos formando claramente dijo que estas \u00f3rdenes ven\u00edan de los altos mandos policiales y de la presidencia de la Rep\u00fablica\u00bb. Ante esta informaci\u00f3n, la Fiscal\u00eda le cuestion\u00f3 a Boluarte si estaba enterada de este hecho, a lo que la mandataria solo respondi\u00f3 \u00abno tener conocimiento al respecto\u00bb.<\/p>\n\n\n\n<p>Adem\u00e1s, no solo insisti\u00f3 en su versi\u00f3n sostenida junto a Ot\u00e1rola de que la responsabilidad es del Comando Conjunto; sino que recurri\u00f3 al tecnicismo de aseverar que \u00abde ninguna manera se dirige a los comandos de manera personal\u00bb.<\/p>\n\n\n\n<p>\u00abEn todo caso, el se\u00f1or Torres Yataco tendr\u00e1 que precisar al respecto, porque\u00a0como presidenta de la Rep\u00fablica y jefa supema de las Fuerzas Armadas y policiales no me dirijo de manera directa a comandos y son ellos quienes disponen las operaciones conforme a sus decretos legislativos. De ninguna manera me dirijo a ellos de manera personal\u00bb, asever\u00f3.  (<strong><em>La Rep\u00fablica<\/em><\/strong>)<\/p>\n","protected":false},"excerpt":{"rendered":"<div class=\"mh-excerpt\"><p>El periodista Alonso Ramos accedi\u00f3 a una parte del interrogatorio que se le realiz\u00f3 a la presidenta Dina Boluarte el \u00faltimo 6 de junio en <a class=\"mh-excerpt-more\" href=\"https:\/\/www.radiolibertadmundo.com\/web\/policia-asegura-que-recibieron-ordenes-de-disparar-a-manifestantes\/\" title=\"POLIC\u00cdA ASEGURA QUE RECIBIERON \u00d3RDENES DE DISPARAR A MANIFESTANTES\">[&#8230;]<\/a><\/p>\n<\/div>","protected":false},"author":1,"featured_media":21528,"comment_status":"open","ping_status":"open","sticky":true,"template":"","format":"standard","meta":{"footnotes":""},"categories":[5],"tags":[1282,1285,1283,1284],"class_list":["post-21524","post","type-post","status-publish","format-standard","has-post-thumbnail","hentry","category-nacional","tag-dina-boluarte","tag-matanzas","tag-protestas","tag-puno"],"_links":{"self":[{"href":"https:\/\/www.radiolibertadmundo.com\/web\/wp-json\/wp\/v2\/posts\/21524","targetHints":{"allow":["GET"]}}],"collection":[{"href":"https:\/\/www.radiolibertadmundo.com\/web\/wp-json\/wp\/v2\/posts"}],"about":[{"href":"https:\/\/www.radiolibertadmundo.com\/web\/wp-json\/wp\/v2\/types\/post"}],"author":[{"embeddable":true,"href":"https:\/\/www.radiolibertadmundo.com\/web\/wp-json\/wp\/v2\/users\/1"}],"replies":[{"embeddable":true,"href":"https:\/\/www.radiolibertadmundo.com\/web\/wp-json\/wp\/v2\/comments?post=21524"}],"version-history":[{"count":1,"href":"https:\/\/www.radiolibertadmundo.com\/web\/wp-json\/wp\/v2\/posts\/21524\/revisions"}],"predecessor-version":[{"id":21531,"href":"https:\/\/www.radiolibertadmundo.com\/web\/wp-json\/wp\/v2\/posts\/21524\/revisions\/21531"}],"wp:featuredmedia":[{"embeddable":true,"href":"https:\/\/www.radiolibertadmundo.com\/web\/wp-json\/wp\/v2\/media\/21528"}],"wp:attachment":[{"href":"https:\/\/www.radiolibertadmundo.com\/web\/wp-json\/wp\/v2\/media?parent=21524"}],"wp:term":[{"taxonomy":"category","embeddable":true,"href":"https:\/\/www.radiolibertadmundo.com\/web\/wp-json\/wp\/v2\/categories?post=21524"},{"taxonomy":"post_tag","embeddable":true,"href":"https:\/\/www.radiolibertadmundo.com\/web\/wp-json\/wp\/v2\/tags?post=21524"}],"curies":[{"name":"wp","href":"https:\/\/api.w.org\/{rel}","templated":true}]}}