{"id":21518,"date":"2023-06-23T16:08:00","date_gmt":"2023-06-23T16:08:00","guid":{"rendered":"http:\/\/www.radiolibertadmundo.com\/web\/?p=21518"},"modified":"2023-06-23T21:26:04","modified_gmt":"2023-06-23T21:26:04","slug":"congreso-inhabilita-por-cinco-anos-a-exfiscal-de-la-nacion-zoraida-avalos","status":"publish","type":"post","link":"https:\/\/www.radiolibertadmundo.com\/web\/congreso-inhabilita-por-cinco-anos-a-exfiscal-de-la-nacion-zoraida-avalos\/","title":{"rendered":"CONGRESO INHABILITA POR CINCO A\u00d1OS A EXFISCAL DE LA NACI\u00d3N ZORAIDA \u00c1VALOS"},"content":{"rendered":"\n<figure class=\"wp-block-gallery has-nested-images columns-default is-cropped wp-block-gallery-1 is-layout-flex wp-block-gallery-is-layout-flex\">\n<figure class=\"wp-block-image size-large\"><a href=\"http:\/\/www.radiolibertadmundo.com\/web\/wp-content\/uploads\/222722_1366529.jpg\"><img loading=\"lazy\" decoding=\"async\" width=\"439\" height=\"246\" data-id=\"21519\" src=\"http:\/\/www.radiolibertadmundo.com\/web\/wp-content\/uploads\/222722_1366529.jpg\" alt=\"\" class=\"wp-image-21519\" srcset=\"https:\/\/www.radiolibertadmundo.com\/web\/wp-content\/uploads\/222722_1366529.jpg 439w, https:\/\/www.radiolibertadmundo.com\/web\/wp-content\/uploads\/222722_1366529-300x168.jpg 300w, https:\/\/www.radiolibertadmundo.com\/web\/wp-content\/uploads\/222722_1366529-260x146.jpg 260w, https:\/\/www.radiolibertadmundo.com\/web\/wp-content\/uploads\/222722_1366529-120x67.jpg 120w\" sizes=\"auto, (max-width: 439px) 100vw, 439px\" \/><\/a><\/figure>\n\n\n\n<figure class=\"wp-block-image size-large\"><a href=\"http:\/\/www.radiolibertadmundo.com\/web\/wp-content\/uploads\/comisionpermanente20221221-07-scaled-1.jpg\"><img loading=\"lazy\" decoding=\"async\" width=\"1024\" height=\"658\" data-id=\"21521\" src=\"http:\/\/www.radiolibertadmundo.com\/web\/wp-content\/uploads\/comisionpermanente20221221-07-scaled-1-1024x658.jpg\" alt=\"\" class=\"wp-image-21521\" srcset=\"https:\/\/www.radiolibertadmundo.com\/web\/wp-content\/uploads\/comisionpermanente20221221-07-scaled-1-1024x658.jpg 1024w, https:\/\/www.radiolibertadmundo.com\/web\/wp-content\/uploads\/comisionpermanente20221221-07-scaled-1-300x193.jpg 300w, https:\/\/www.radiolibertadmundo.com\/web\/wp-content\/uploads\/comisionpermanente20221221-07-scaled-1-768x493.jpg 768w, https:\/\/www.radiolibertadmundo.com\/web\/wp-content\/uploads\/comisionpermanente20221221-07-scaled-1-1536x986.jpg 1536w, https:\/\/www.radiolibertadmundo.com\/web\/wp-content\/uploads\/comisionpermanente20221221-07-scaled-1-2048x1315.jpg 2048w\" sizes=\"auto, (max-width: 1024px) 100vw, 1024px\" \/><\/a><\/figure>\n\n\n\n<figure class=\"wp-block-image size-large\"><a href=\"http:\/\/www.radiolibertadmundo.com\/web\/wp-content\/uploads\/IGEIJCZXCJEFJMAT3W7D4IG3PM.jpg\"><img loading=\"lazy\" decoding=\"async\" width=\"1024\" height=\"576\" data-id=\"21520\" src=\"http:\/\/www.radiolibertadmundo.com\/web\/wp-content\/uploads\/IGEIJCZXCJEFJMAT3W7D4IG3PM-1024x576.jpg\" alt=\"\" class=\"wp-image-21520\" srcset=\"https:\/\/www.radiolibertadmundo.com\/web\/wp-content\/uploads\/IGEIJCZXCJEFJMAT3W7D4IG3PM-1024x576.jpg 1024w, https:\/\/www.radiolibertadmundo.com\/web\/wp-content\/uploads\/IGEIJCZXCJEFJMAT3W7D4IG3PM-300x169.jpg 300w, https:\/\/www.radiolibertadmundo.com\/web\/wp-content\/uploads\/IGEIJCZXCJEFJMAT3W7D4IG3PM-768x432.jpg 768w, https:\/\/www.radiolibertadmundo.com\/web\/wp-content\/uploads\/IGEIJCZXCJEFJMAT3W7D4IG3PM-1536x864.jpg 1536w, https:\/\/www.radiolibertadmundo.com\/web\/wp-content\/uploads\/IGEIJCZXCJEFJMAT3W7D4IG3PM-777x437.jpg 777w, https:\/\/www.radiolibertadmundo.com\/web\/wp-content\/uploads\/IGEIJCZXCJEFJMAT3W7D4IG3PM-260x146.jpg 260w, https:\/\/www.radiolibertadmundo.com\/web\/wp-content\/uploads\/IGEIJCZXCJEFJMAT3W7D4IG3PM-120x67.jpg 120w, https:\/\/www.radiolibertadmundo.com\/web\/wp-content\/uploads\/IGEIJCZXCJEFJMAT3W7D4IG3PM.jpg 1920w\" sizes=\"auto, (max-width: 1024px) 100vw, 1024px\" \/><\/a><\/figure>\n<\/figure>\n\n\n\n<p>El Pleno del Congreso aprob\u00f3 la Resoluci\u00f3n Legislativa 5432, que propone inhabilitar por cinco a\u00f1os para el ejercicio de la funci\u00f3n p\u00fablica, a Zoraida \u00c1valos Rivera, en su condici\u00f3n de exfiscal de la Naci\u00f3n, por presunta infracci\u00f3n a la Constituci\u00f3n Pol\u00edtica del Per\u00fa, en su art\u00edculo 159, inciso 4).<\/p>\n\n\n\n<p>La decisi\u00f3n se adopt\u00f3 por 71 votos a favor, quince en contra y ocho abstenciones.<\/p>\n\n\n\n<p>Seg\u00fan la propuesta, Zoraida \u00c1valos, incumpli\u00f3 las obligaciones inherentes al Ministerio P\u00fablico de ejercer la acci\u00f3n penal, siendo precisamente la Fiscal de la Naci\u00f3n, la \u00fanica funcionaria leg\u00edtima para investigar los presuntos delitos cometidos por los altos funcionarios y no obstante, haber advertido la denunciada existencia de hechos irregulares con caracter\u00edsticas delictivas que habr\u00eda cometido el entonces presidente de la Rep\u00fablica, Pedro Castillo.<\/p>\n\n\n\n<p>La representaci\u00f3n nacional tambi\u00e9n aprob\u00f3 la Resoluci\u00f3n Legislativa 5433, que declara haber lugar a la formaci\u00f3n de causa penal contra la exfiscal de la Naci\u00f3n, Zoraida \u00c1valos Rivera, por la presunta comisi\u00f3n del delito de omisi\u00f3n, rehusamiento o demora de actos funcionales, tipificado en el art\u00edculo 377 del C\u00f3digo Penal, en agravio del Estado.<\/p>\n\n\n\n<p>La decisi\u00f3n fue aprobada con 73 votos a favor, doce en contra y ocho abstenciones,<\/p>\n\n\n\n<p>previsto en el inciso j) del art\u00edculo 89 del Reglamento del Congreso.<\/p>\n\n\n\n<p>La decisi\u00f3n de la representaci\u00f3n nacional, fue tomada despu\u00e9s de escuchar el Informe Final de la Subcomisi\u00f3n de Acusaciones Constitucionales por parte de su titular, Lady Camones Soriano (APP) y del congresista delegado del caso, Ernesto Bustamante Donayre (FP), as\u00ed como la defensa de la acusada y el debate parlamentario correspondiente.<\/p>\n\n\n\n<p><strong>DEFENSA DE \u00c1VALOS<\/strong><\/p>\n\n\n\n<p>La exfiscal de la Naci\u00f3n, Zoraida \u00c1valos se\u00f1al\u00f3 en su defensa que la sanci\u00f3n en su contra planteada por la Subcomisi\u00f3n de Acusaciones Constitucionales, contraviene la autonom\u00eda del Ministerio P\u00fablico. Asegur\u00f3 que est\u00e1 sometida a un proceso por revancha pol\u00edtica.<\/p>\n\n\n\n<p>Agreg\u00f3 que se le pretende acusar en base a cambios interpretativos de la Constituci\u00f3n, toda vez que s\u00ed cumpli\u00f3 con sus funciones.<\/p>\n\n\n\n<p>\u00abLa acusaci\u00f3n en mi contra no tiene ning\u00fan fundamento constitucional ni jur\u00eddico\u00bb, puntualiz\u00f3.<\/p>\n","protected":false},"excerpt":{"rendered":"<div class=\"mh-excerpt\"><p>El Pleno del Congreso aprob\u00f3 la Resoluci\u00f3n Legislativa 5432, que propone inhabilitar por cinco a\u00f1os para el ejercicio de la funci\u00f3n p\u00fablica, a Zoraida \u00c1valos <a class=\"mh-excerpt-more\" href=\"https:\/\/www.radiolibertadmundo.com\/web\/congreso-inhabilita-por-cinco-anos-a-exfiscal-de-la-nacion-zoraida-avalos\/\" title=\"CONGRESO INHABILITA POR CINCO A\u00d1OS A EXFISCAL DE LA NACI\u00d3N ZORAIDA \u00c1VALOS\">[&#8230;]<\/a><\/p>\n<\/div>","protected":false},"author":1,"featured_media":21519,"comment_status":"open","ping_status":"open","sticky":true,"template":"","format":"standard","meta":{"footnotes":""},"categories":[4],"tags":[347],"class_list":["post-21518","post","type-post","status-publish","format-standard","has-post-thumbnail","hentry","category-local","tag-congreso-de-la-republica"],"_links":{"self":[{"href":"https:\/\/www.radiolibertadmundo.com\/web\/wp-json\/wp\/v2\/posts\/21518","targetHints":{"allow":["GET"]}}],"collection":[{"href":"https:\/\/www.radiolibertadmundo.com\/web\/wp-json\/wp\/v2\/posts"}],"about":[{"href":"https:\/\/www.radiolibertadmundo.com\/web\/wp-json\/wp\/v2\/types\/post"}],"author":[{"embeddable":true,"href":"https:\/\/www.radiolibertadmundo.com\/web\/wp-json\/wp\/v2\/users\/1"}],"replies":[{"embeddable":true,"href":"https:\/\/www.radiolibertadmundo.com\/web\/wp-json\/wp\/v2\/comments?post=21518"}],"version-history":[{"count":1,"href":"https:\/\/www.radiolibertadmundo.com\/web\/wp-json\/wp\/v2\/posts\/21518\/revisions"}],"predecessor-version":[{"id":21522,"href":"https:\/\/www.radiolibertadmundo.com\/web\/wp-json\/wp\/v2\/posts\/21518\/revisions\/21522"}],"wp:featuredmedia":[{"embeddable":true,"href":"https:\/\/www.radiolibertadmundo.com\/web\/wp-json\/wp\/v2\/media\/21519"}],"wp:attachment":[{"href":"https:\/\/www.radiolibertadmundo.com\/web\/wp-json\/wp\/v2\/media?parent=21518"}],"wp:term":[{"taxonomy":"category","embeddable":true,"href":"https:\/\/www.radiolibertadmundo.com\/web\/wp-json\/wp\/v2\/categories?post=21518"},{"taxonomy":"post_tag","embeddable":true,"href":"https:\/\/www.radiolibertadmundo.com\/web\/wp-json\/wp\/v2\/tags?post=21518"}],"curies":[{"name":"wp","href":"https:\/\/api.w.org\/{rel}","templated":true}]}}