{"id":21443,"date":"2023-06-13T15:31:00","date_gmt":"2023-06-13T15:31:00","guid":{"rendered":"http:\/\/www.radiolibertadmundo.com\/web\/?p=21443"},"modified":"2023-06-13T20:35:43","modified_gmt":"2023-06-13T20:35:43","slug":"gore-destina-3-millones-de-soles-para-reforzar-lucha-contra-el-dengue","status":"publish","type":"post","link":"https:\/\/www.radiolibertadmundo.com\/web\/gore-destina-3-millones-de-soles-para-reforzar-lucha-contra-el-dengue\/","title":{"rendered":"GORE DESTINA 3 MILLONES DE SOLES PARA REFORZAR LUCHA CONTRA EL DENGUE"},"content":{"rendered":"\n<figure class=\"wp-block-gallery has-nested-images columns-default is-cropped wp-block-gallery-1 is-layout-flex wp-block-gallery-is-layout-flex\">\n<figure class=\"wp-block-image size-large\"><a href=\"http:\/\/www.radiolibertadmundo.com\/web\/wp-content\/uploads\/WhatsApp-Image-2023-06-12-at-3.25.07-PM.jpeg\"><img loading=\"lazy\" decoding=\"async\" width=\"1024\" height=\"684\" data-id=\"21445\" src=\"http:\/\/www.radiolibertadmundo.com\/web\/wp-content\/uploads\/WhatsApp-Image-2023-06-12-at-3.25.07-PM-1024x684.jpeg\" alt=\"\" class=\"wp-image-21445\" srcset=\"https:\/\/www.radiolibertadmundo.com\/web\/wp-content\/uploads\/WhatsApp-Image-2023-06-12-at-3.25.07-PM-1024x684.jpeg 1024w, https:\/\/www.radiolibertadmundo.com\/web\/wp-content\/uploads\/WhatsApp-Image-2023-06-12-at-3.25.07-PM-300x201.jpeg 300w, https:\/\/www.radiolibertadmundo.com\/web\/wp-content\/uploads\/WhatsApp-Image-2023-06-12-at-3.25.07-PM-768x513.jpeg 768w, https:\/\/www.radiolibertadmundo.com\/web\/wp-content\/uploads\/WhatsApp-Image-2023-06-12-at-3.25.07-PM.jpeg 1496w\" sizes=\"auto, (max-width: 1024px) 100vw, 1024px\" \/><\/a><\/figure>\n\n\n\n<figure class=\"wp-block-image size-large\"><a href=\"http:\/\/www.radiolibertadmundo.com\/web\/wp-content\/uploads\/WhatsApp-Image-2023-06-12-at-3.25.08-PM.jpeg\"><img loading=\"lazy\" decoding=\"async\" width=\"1024\" height=\"684\" data-id=\"21444\" src=\"http:\/\/www.radiolibertadmundo.com\/web\/wp-content\/uploads\/WhatsApp-Image-2023-06-12-at-3.25.08-PM-1024x684.jpeg\" alt=\"\" class=\"wp-image-21444\" srcset=\"https:\/\/www.radiolibertadmundo.com\/web\/wp-content\/uploads\/WhatsApp-Image-2023-06-12-at-3.25.08-PM-1024x684.jpeg 1024w, https:\/\/www.radiolibertadmundo.com\/web\/wp-content\/uploads\/WhatsApp-Image-2023-06-12-at-3.25.08-PM-300x201.jpeg 300w, https:\/\/www.radiolibertadmundo.com\/web\/wp-content\/uploads\/WhatsApp-Image-2023-06-12-at-3.25.08-PM-768x513.jpeg 768w, https:\/\/www.radiolibertadmundo.com\/web\/wp-content\/uploads\/WhatsApp-Image-2023-06-12-at-3.25.08-PM.jpeg 1496w\" sizes=\"auto, (max-width: 1024px) 100vw, 1024px\" \/><\/a><\/figure>\n\n\n\n<figure class=\"wp-block-image size-large\"><a href=\"http:\/\/www.radiolibertadmundo.com\/web\/wp-content\/uploads\/WhatsApp-Image-2023-06-12-at-3.25.09-PM.jpeg\"><img loading=\"lazy\" decoding=\"async\" width=\"768\" height=\"1024\" data-id=\"21447\" src=\"http:\/\/www.radiolibertadmundo.com\/web\/wp-content\/uploads\/WhatsApp-Image-2023-06-12-at-3.25.09-PM-768x1024.jpeg\" alt=\"\" class=\"wp-image-21447\" srcset=\"https:\/\/www.radiolibertadmundo.com\/web\/wp-content\/uploads\/WhatsApp-Image-2023-06-12-at-3.25.09-PM-768x1024.jpeg 768w, https:\/\/www.radiolibertadmundo.com\/web\/wp-content\/uploads\/WhatsApp-Image-2023-06-12-at-3.25.09-PM-225x300.jpeg 225w, https:\/\/www.radiolibertadmundo.com\/web\/wp-content\/uploads\/WhatsApp-Image-2023-06-12-at-3.25.09-PM.jpeg 960w\" sizes=\"auto, (max-width: 768px) 100vw, 768px\" \/><\/a><\/figure>\n\n\n\n<figure class=\"wp-block-image size-large\"><a href=\"http:\/\/www.radiolibertadmundo.com\/web\/wp-content\/uploads\/WhatsApp-Image-2023-06-12-at-3.25.10-PM-1.jpeg\"><img loading=\"lazy\" decoding=\"async\" width=\"1024\" height=\"768\" data-id=\"21448\" src=\"http:\/\/www.radiolibertadmundo.com\/web\/wp-content\/uploads\/WhatsApp-Image-2023-06-12-at-3.25.10-PM-1.jpeg\" alt=\"\" class=\"wp-image-21448\" srcset=\"https:\/\/www.radiolibertadmundo.com\/web\/wp-content\/uploads\/WhatsApp-Image-2023-06-12-at-3.25.10-PM-1.jpeg 1024w, https:\/\/www.radiolibertadmundo.com\/web\/wp-content\/uploads\/WhatsApp-Image-2023-06-12-at-3.25.10-PM-1-300x225.jpeg 300w, https:\/\/www.radiolibertadmundo.com\/web\/wp-content\/uploads\/WhatsApp-Image-2023-06-12-at-3.25.10-PM-1-768x576.jpeg 768w\" sizes=\"auto, (max-width: 1024px) 100vw, 1024px\" \/><\/a><\/figure>\n\n\n\n<figure class=\"wp-block-image size-large\"><a href=\"http:\/\/www.radiolibertadmundo.com\/web\/wp-content\/uploads\/WhatsApp-Image-2023-06-12-at-3.25.10-PM.jpeg\"><img loading=\"lazy\" decoding=\"async\" width=\"1024\" height=\"682\" data-id=\"21446\" src=\"http:\/\/www.radiolibertadmundo.com\/web\/wp-content\/uploads\/WhatsApp-Image-2023-06-12-at-3.25.10-PM-1024x682.jpeg\" alt=\"\" class=\"wp-image-21446\" srcset=\"https:\/\/www.radiolibertadmundo.com\/web\/wp-content\/uploads\/WhatsApp-Image-2023-06-12-at-3.25.10-PM-1024x682.jpeg 1024w, https:\/\/www.radiolibertadmundo.com\/web\/wp-content\/uploads\/WhatsApp-Image-2023-06-12-at-3.25.10-PM-300x200.jpeg 300w, https:\/\/www.radiolibertadmundo.com\/web\/wp-content\/uploads\/WhatsApp-Image-2023-06-12-at-3.25.10-PM-768x512.jpeg 768w, https:\/\/www.radiolibertadmundo.com\/web\/wp-content\/uploads\/WhatsApp-Image-2023-06-12-at-3.25.10-PM-1536x1023.jpeg 1536w, https:\/\/www.radiolibertadmundo.com\/web\/wp-content\/uploads\/WhatsApp-Image-2023-06-12-at-3.25.10-PM.jpeg 1600w\" sizes=\"auto, (max-width: 1024px) 100vw, 1024px\" \/><\/a><\/figure>\n<\/figure>\n\n\n\n<p>El Gobierno Regional de La Libertad destinar\u00e1 una partida de 3 millones de soles para reforzar las acciones contra el dengue, para lo cual se ha tenido que realizar por emergencia una modificaci\u00f3n presupuestal, declar\u00f3 Joana Cabrera Pimentel, encargada de la gobernaci\u00f3n regional.<\/p>\n\n\n\n<p>Revel\u00f3 que la modificaci\u00f3n presupuestal se hace por disposici\u00f3n del gobernador regional C\u00e9sar Acu\u00f1a, teniendo en cuenta que en el presupuesto regional no hay una cifra espec\u00edfica para afrontar el dengue, adem\u00e1s se\u00f1al\u00f3 que el MINSA aun no env\u00eda las pruebas respectivas.<\/p>\n\n\n\n<p>La partida de 3 millones de soles permitir\u00e1 aumentar el personal necesario para controlar el dengue y para comprar insumos para fumigar las zonas que han sido identificadas por la GERESA.<\/p>\n\n\n\n<p>&nbsp;Este personal consistir\u00e1 en 140 fumigadores, 140 anotadores, m\u00e1s de 300 brigadistas, que visitar\u00e1n las viviendas en las zonas de intervenci\u00f3n.<\/p>\n\n\n\n<p>Cabrera Pimentel, tras anunciar que llegar\u00e1n m\u00e1s equipos de fumigaci\u00f3n para ser distribuidos en las provincias m\u00e1s afectadas por el mal, dijo que el personal ser\u00e1 contratado este jueves o viernes y salir de inmediato a combatir el dengue, en las zonas intervenidas de Trujillo, Vir\u00fa, Pacasmayo, Chep\u00e9n, Ascope, etc.<\/p>\n\n\n\n<p>La gobernadora regional (e) inform\u00f3 que esta ma\u00f1ana el Gobierno Regional realiz\u00f3 una intervenci\u00f3n integral en Alto Trujillo, donde hay una poblaci\u00f3n superior a los 80 mil habitantes, a fin de concientizar a las familias en acciones de prevenci\u00f3n en salud, que es muy importante tener en cuenta, para evitar riesgos mayores.<\/p>\n\n\n\n<p>Se\u00f1al\u00f3 que se han instalado diversos stands en donde, entre otros servicios, se realizaron an\u00e1lisis de laboratorio, consultas m\u00e9dicas y se entregaron medicamentos a todas las personas, tengan o no tengas SIS.<\/p>\n\n\n\n<p>Expres\u00f3 que esta campa\u00f1a no solo se realizar\u00e1 en Alto Trujillo sino tambi\u00e9n en otros distritos como Laredo, La Esperanza, Moche, Salaverry y Florencia de Mora, bajo la coordinaci\u00f3n de la Gerencia Regional de Salud. A la vez, se imparten orientaciones en instituciones educativas, con la coordinaci\u00f3n de la Gerencia Regional de Educaci\u00f3n, e informaci\u00f3n para acceder a viviendas de bajos costos a cargo de la Gerencia Regional de Vivienda y Construcci\u00f3n.<\/p>\n","protected":false},"excerpt":{"rendered":"<div class=\"mh-excerpt\"><p>El Gobierno Regional de La Libertad destinar\u00e1 una partida de 3 millones de soles para reforzar las acciones contra el dengue, para lo cual se <a class=\"mh-excerpt-more\" href=\"https:\/\/www.radiolibertadmundo.com\/web\/gore-destina-3-millones-de-soles-para-reforzar-lucha-contra-el-dengue\/\" title=\"GORE DESTINA 3 MILLONES DE SOLES PARA REFORZAR LUCHA CONTRA EL DENGUE\">[&#8230;]<\/a><\/p>\n<\/div>","protected":false},"author":1,"featured_media":21448,"comment_status":"open","ping_status":"open","sticky":true,"template":"","format":"standard","meta":{"footnotes":""},"categories":[4],"tags":[1275,27],"class_list":["post-21443","post","type-post","status-publish","format-standard","has-post-thumbnail","hentry","category-local","tag-dengue","tag-trujillo"],"_links":{"self":[{"href":"https:\/\/www.radiolibertadmundo.com\/web\/wp-json\/wp\/v2\/posts\/21443","targetHints":{"allow":["GET"]}}],"collection":[{"href":"https:\/\/www.radiolibertadmundo.com\/web\/wp-json\/wp\/v2\/posts"}],"about":[{"href":"https:\/\/www.radiolibertadmundo.com\/web\/wp-json\/wp\/v2\/types\/post"}],"author":[{"embeddable":true,"href":"https:\/\/www.radiolibertadmundo.com\/web\/wp-json\/wp\/v2\/users\/1"}],"replies":[{"embeddable":true,"href":"https:\/\/www.radiolibertadmundo.com\/web\/wp-json\/wp\/v2\/comments?post=21443"}],"version-history":[{"count":1,"href":"https:\/\/www.radiolibertadmundo.com\/web\/wp-json\/wp\/v2\/posts\/21443\/revisions"}],"predecessor-version":[{"id":21449,"href":"https:\/\/www.radiolibertadmundo.com\/web\/wp-json\/wp\/v2\/posts\/21443\/revisions\/21449"}],"wp:featuredmedia":[{"embeddable":true,"href":"https:\/\/www.radiolibertadmundo.com\/web\/wp-json\/wp\/v2\/media\/21448"}],"wp:attachment":[{"href":"https:\/\/www.radiolibertadmundo.com\/web\/wp-json\/wp\/v2\/media?parent=21443"}],"wp:term":[{"taxonomy":"category","embeddable":true,"href":"https:\/\/www.radiolibertadmundo.com\/web\/wp-json\/wp\/v2\/categories?post=21443"},{"taxonomy":"post_tag","embeddable":true,"href":"https:\/\/www.radiolibertadmundo.com\/web\/wp-json\/wp\/v2\/tags?post=21443"}],"curies":[{"name":"wp","href":"https:\/\/api.w.org\/{rel}","templated":true}]}}