{"id":21372,"date":"2023-06-07T20:25:00","date_gmt":"2023-06-07T20:25:00","guid":{"rendered":"http:\/\/www.radiolibertadmundo.com\/web\/?p=21372"},"modified":"2023-06-08T01:26:51","modified_gmt":"2023-06-08T01:26:51","slug":"gobernador-visitara-bolivar-por-tres-dias-para-atender-sus-necesidades","status":"publish","type":"post","link":"https:\/\/www.radiolibertadmundo.com\/web\/gobernador-visitara-bolivar-por-tres-dias-para-atender-sus-necesidades\/","title":{"rendered":"GOBERNADOR VISITAR\u00c1 BOL\u00cdVAR POR TRES D\u00cdAS PARA ATENDER SUS NECESIDADES"},"content":{"rendered":"\n<figure class=\"wp-block-gallery has-nested-images columns-default is-cropped wp-block-gallery-1 is-layout-flex wp-block-gallery-is-layout-flex\">\n<figure class=\"wp-block-image size-large\"><a href=\"http:\/\/www.radiolibertadmundo.com\/web\/wp-content\/uploads\/WhatsApp-Image-2023-06-07-at-5.28.36-PM.jpeg\"><img loading=\"lazy\" decoding=\"async\" width=\"1024\" height=\"684\" data-id=\"21374\" src=\"http:\/\/www.radiolibertadmundo.com\/web\/wp-content\/uploads\/WhatsApp-Image-2023-06-07-at-5.28.36-PM-1024x684.jpeg\" alt=\"\" class=\"wp-image-21374\" srcset=\"https:\/\/www.radiolibertadmundo.com\/web\/wp-content\/uploads\/WhatsApp-Image-2023-06-07-at-5.28.36-PM-1024x684.jpeg 1024w, https:\/\/www.radiolibertadmundo.com\/web\/wp-content\/uploads\/WhatsApp-Image-2023-06-07-at-5.28.36-PM-300x200.jpeg 300w, https:\/\/www.radiolibertadmundo.com\/web\/wp-content\/uploads\/WhatsApp-Image-2023-06-07-at-5.28.36-PM-768x513.jpeg 768w, https:\/\/www.radiolibertadmundo.com\/web\/wp-content\/uploads\/WhatsApp-Image-2023-06-07-at-5.28.36-PM-1536x1027.jpeg 1536w, https:\/\/www.radiolibertadmundo.com\/web\/wp-content\/uploads\/WhatsApp-Image-2023-06-07-at-5.28.36-PM.jpeg 1616w\" sizes=\"auto, (max-width: 1024px) 100vw, 1024px\" \/><\/a><\/figure>\n\n\n\n<figure class=\"wp-block-image size-large\"><a href=\"http:\/\/www.radiolibertadmundo.com\/web\/wp-content\/uploads\/WhatsApp-Image-2023-06-07-at-5.28.38-PM-1.jpeg\"><img loading=\"lazy\" decoding=\"async\" width=\"1024\" height=\"684\" data-id=\"21377\" src=\"http:\/\/www.radiolibertadmundo.com\/web\/wp-content\/uploads\/WhatsApp-Image-2023-06-07-at-5.28.38-PM-1-1024x684.jpeg\" alt=\"\" class=\"wp-image-21377\" srcset=\"https:\/\/www.radiolibertadmundo.com\/web\/wp-content\/uploads\/WhatsApp-Image-2023-06-07-at-5.28.38-PM-1-1024x684.jpeg 1024w, https:\/\/www.radiolibertadmundo.com\/web\/wp-content\/uploads\/WhatsApp-Image-2023-06-07-at-5.28.38-PM-1-300x200.jpeg 300w, https:\/\/www.radiolibertadmundo.com\/web\/wp-content\/uploads\/WhatsApp-Image-2023-06-07-at-5.28.38-PM-1-768x513.jpeg 768w, https:\/\/www.radiolibertadmundo.com\/web\/wp-content\/uploads\/WhatsApp-Image-2023-06-07-at-5.28.38-PM-1-1536x1027.jpeg 1536w, https:\/\/www.radiolibertadmundo.com\/web\/wp-content\/uploads\/WhatsApp-Image-2023-06-07-at-5.28.38-PM-1.jpeg 1616w\" sizes=\"auto, (max-width: 1024px) 100vw, 1024px\" \/><\/a><\/figure>\n\n\n\n<figure class=\"wp-block-image size-large\"><a href=\"http:\/\/www.radiolibertadmundo.com\/web\/wp-content\/uploads\/WhatsApp-Image-2023-06-07-at-5.28.38-PM-2.jpeg\"><img loading=\"lazy\" decoding=\"async\" width=\"1024\" height=\"684\" data-id=\"21376\" src=\"http:\/\/www.radiolibertadmundo.com\/web\/wp-content\/uploads\/WhatsApp-Image-2023-06-07-at-5.28.38-PM-2-1024x684.jpeg\" alt=\"\" class=\"wp-image-21376\" srcset=\"https:\/\/www.radiolibertadmundo.com\/web\/wp-content\/uploads\/WhatsApp-Image-2023-06-07-at-5.28.38-PM-2-1024x684.jpeg 1024w, https:\/\/www.radiolibertadmundo.com\/web\/wp-content\/uploads\/WhatsApp-Image-2023-06-07-at-5.28.38-PM-2-300x200.jpeg 300w, https:\/\/www.radiolibertadmundo.com\/web\/wp-content\/uploads\/WhatsApp-Image-2023-06-07-at-5.28.38-PM-2-768x513.jpeg 768w, https:\/\/www.radiolibertadmundo.com\/web\/wp-content\/uploads\/WhatsApp-Image-2023-06-07-at-5.28.38-PM-2-1536x1027.jpeg 1536w, https:\/\/www.radiolibertadmundo.com\/web\/wp-content\/uploads\/WhatsApp-Image-2023-06-07-at-5.28.38-PM-2.jpeg 1616w\" sizes=\"auto, (max-width: 1024px) 100vw, 1024px\" \/><\/a><\/figure>\n\n\n\n<figure class=\"wp-block-image size-large\"><a href=\"http:\/\/www.radiolibertadmundo.com\/web\/wp-content\/uploads\/WhatsApp-Image-2023-06-07-at-5.28.38-PM.jpeg\"><img loading=\"lazy\" decoding=\"async\" width=\"1024\" height=\"684\" data-id=\"21375\" src=\"http:\/\/www.radiolibertadmundo.com\/web\/wp-content\/uploads\/WhatsApp-Image-2023-06-07-at-5.28.38-PM-1024x684.jpeg\" alt=\"\" class=\"wp-image-21375\" srcset=\"https:\/\/www.radiolibertadmundo.com\/web\/wp-content\/uploads\/WhatsApp-Image-2023-06-07-at-5.28.38-PM-1024x684.jpeg 1024w, https:\/\/www.radiolibertadmundo.com\/web\/wp-content\/uploads\/WhatsApp-Image-2023-06-07-at-5.28.38-PM-300x200.jpeg 300w, https:\/\/www.radiolibertadmundo.com\/web\/wp-content\/uploads\/WhatsApp-Image-2023-06-07-at-5.28.38-PM-768x513.jpeg 768w, https:\/\/www.radiolibertadmundo.com\/web\/wp-content\/uploads\/WhatsApp-Image-2023-06-07-at-5.28.38-PM-1536x1027.jpeg 1536w, https:\/\/www.radiolibertadmundo.com\/web\/wp-content\/uploads\/WhatsApp-Image-2023-06-07-at-5.28.38-PM.jpeg 1616w\" sizes=\"auto, (max-width: 1024px) 100vw, 1024px\" \/><\/a><\/figure>\n\n\n\n<figure class=\"wp-block-image size-large\"><a href=\"http:\/\/www.radiolibertadmundo.com\/web\/wp-content\/uploads\/WhatsApp-Image-2023-06-07-at-5.28.39-PM.jpeg\"><img loading=\"lazy\" decoding=\"async\" width=\"1024\" height=\"768\" data-id=\"21373\" src=\"http:\/\/www.radiolibertadmundo.com\/web\/wp-content\/uploads\/WhatsApp-Image-2023-06-07-at-5.28.39-PM-1024x768.jpeg\" alt=\"\" class=\"wp-image-21373\" srcset=\"https:\/\/www.radiolibertadmundo.com\/web\/wp-content\/uploads\/WhatsApp-Image-2023-06-07-at-5.28.39-PM-1024x768.jpeg 1024w, https:\/\/www.radiolibertadmundo.com\/web\/wp-content\/uploads\/WhatsApp-Image-2023-06-07-at-5.28.39-PM-300x225.jpeg 300w, https:\/\/www.radiolibertadmundo.com\/web\/wp-content\/uploads\/WhatsApp-Image-2023-06-07-at-5.28.39-PM-768x576.jpeg 768w, https:\/\/www.radiolibertadmundo.com\/web\/wp-content\/uploads\/WhatsApp-Image-2023-06-07-at-5.28.39-PM.jpeg 1080w\" sizes=\"auto, (max-width: 1024px) 100vw, 1024px\" \/><\/a><\/figure>\n<\/figure>\n\n\n\n<p>Continuando con sus visitas a las provincias, a fines de junio el gobernador C\u00e9sar Acu\u00f1a llegar\u00e1 a Bol\u00edvar, una de las provincias m\u00e1s alejadas de nuestra regi\u00f3n, para atender las necesidades de sus autoridades y pobladores referentes a Educaci\u00f3n, Salud, carreteras y seguridad.<\/p>\n\n\n\n<p>La m\u00e1xima autoridad liberte\u00f1a llegar\u00e1 los d\u00edas 23, 24 y 25 de junio, para visitar la mayor cantidad de distritos y centros poblados, y verificar en situ la situaci\u00f3n de colegios y establecimientos de salud, a fin de seguir impulsando mejoras que potencien esos servicios.<\/p>\n\n\n\n<p><strong>19 MILLONES PARA BOL\u00cdVAR<\/strong><\/p>\n\n\n\n<p>Aparte, C\u00e9sar Acu\u00f1a visitar\u00e1 tres obras que est\u00e1n ejecutando los gobiernos locales gracias a transferencias de recursos que realiz\u00f3 el a\u00f1o pasado el gobierno regional. El 2022, Bol\u00edvar fue uno de los territorios m\u00e1s beneficiados, con m\u00e1s de 19 millones asignados para obras.<\/p>\n\n\n\n<p>Las inversiones son las siguientes: la construcci\u00f3n del moderno puesto de salud de Bambamarca, de 7.3 millones de soles; y la modernizaci\u00f3n de los colegios Horacio Zeballos del caser\u00edo Pusac en Uchumarca, con 8.4 millones de soles; y la I.E. N\u00b0 80103 Virgen del Carmen de Longotea.<\/p>\n\n\n\n<p>Se conoce preliminarmente que el gobernador sostendr\u00e1 una reuni\u00f3n con los seis alcaldes municipales (1 provincial y 5 distritales) para poder conocer sus problem\u00e1ticas y atenderlas lo m\u00e1s pronto posible.<\/p>\n\n\n\n<p>Adem\u00e1s, inspeccionar\u00e1 las instalaciones de la UGEL, la Red de Salud de Bol\u00edvar, el Instituto Superior Tecnol\u00f3gico de Bol\u00edvar, el hospital provincial y otras infraestructuras p\u00fablicas, a fin de conocer la situaci\u00f3n en las cuales vienen funcionando y plantear las mejoras a nivel estructural y de equipamiento. Es importante mencionar que el d\u00eda 24 de junio se reunir\u00e1 con agricultores en el marco del D\u00eda del Campesino.<\/p>\n\n\n\n<p><strong>GOBERNADOR YA HA VISITADO VARIAS PROVINCIAS DE LA SIERRA<\/strong><\/p>\n\n\n\n<p>A la fecha, el gobernador ha llegado ya a varias provincias. En Chep\u00e9n y Pacasmayo estuvo encabezando las acciones c\u00edvicas descentralizadas donde el gobierno regional llev\u00f3 diversos servicios gratuitos a la poblaci\u00f3n.<\/p>\n\n\n\n<p>Asimismo, acudi\u00f3 a Pataz donde destin\u00f3 un pool de maquinaria pesada para el mejoramiento de caminos, entreg\u00f3 t\u00edtulos de propiedad en Chillia e inspeccion\u00f3 el colegio Jos\u00e9 Mar\u00eda Arguedas y el hospital de Tayabamba. En tanto, a Julc\u00e1n fue a colocar la primera piedra de la Ugel e inspeccion\u00f3 el avance de obra del colegio San Juan Bautista y la carretera Agallpampa \u2013 Julc\u00e1n. En Huamachuco,<\/p>\n","protected":false},"excerpt":{"rendered":"<div class=\"mh-excerpt\"><p>Continuando con sus visitas a las provincias, a fines de junio el gobernador C\u00e9sar Acu\u00f1a llegar\u00e1 a Bol\u00edvar, una de las provincias m\u00e1s alejadas de <a class=\"mh-excerpt-more\" href=\"https:\/\/www.radiolibertadmundo.com\/web\/gobernador-visitara-bolivar-por-tres-dias-para-atender-sus-necesidades\/\" title=\"GOBERNADOR VISITAR\u00c1 BOL\u00cdVAR POR TRES D\u00cdAS PARA ATENDER SUS NECESIDADES\">[&#8230;]<\/a><\/p>\n<\/div>","protected":false},"author":1,"featured_media":21377,"comment_status":"open","ping_status":"open","sticky":true,"template":"","format":"standard","meta":{"footnotes":""},"categories":[4],"tags":[59,27],"class_list":["post-21372","post","type-post","status-publish","format-standard","has-post-thumbnail","hentry","category-local","tag-la-libertad","tag-trujillo"],"_links":{"self":[{"href":"https:\/\/www.radiolibertadmundo.com\/web\/wp-json\/wp\/v2\/posts\/21372","targetHints":{"allow":["GET"]}}],"collection":[{"href":"https:\/\/www.radiolibertadmundo.com\/web\/wp-json\/wp\/v2\/posts"}],"about":[{"href":"https:\/\/www.radiolibertadmundo.com\/web\/wp-json\/wp\/v2\/types\/post"}],"author":[{"embeddable":true,"href":"https:\/\/www.radiolibertadmundo.com\/web\/wp-json\/wp\/v2\/users\/1"}],"replies":[{"embeddable":true,"href":"https:\/\/www.radiolibertadmundo.com\/web\/wp-json\/wp\/v2\/comments?post=21372"}],"version-history":[{"count":1,"href":"https:\/\/www.radiolibertadmundo.com\/web\/wp-json\/wp\/v2\/posts\/21372\/revisions"}],"predecessor-version":[{"id":21378,"href":"https:\/\/www.radiolibertadmundo.com\/web\/wp-json\/wp\/v2\/posts\/21372\/revisions\/21378"}],"wp:featuredmedia":[{"embeddable":true,"href":"https:\/\/www.radiolibertadmundo.com\/web\/wp-json\/wp\/v2\/media\/21377"}],"wp:attachment":[{"href":"https:\/\/www.radiolibertadmundo.com\/web\/wp-json\/wp\/v2\/media?parent=21372"}],"wp:term":[{"taxonomy":"category","embeddable":true,"href":"https:\/\/www.radiolibertadmundo.com\/web\/wp-json\/wp\/v2\/categories?post=21372"},{"taxonomy":"post_tag","embeddable":true,"href":"https:\/\/www.radiolibertadmundo.com\/web\/wp-json\/wp\/v2\/tags?post=21372"}],"curies":[{"name":"wp","href":"https:\/\/api.w.org\/{rel}","templated":true}]}}