{"id":21346,"date":"2023-06-04T15:04:00","date_gmt":"2023-06-04T15:04:00","guid":{"rendered":"http:\/\/www.radiolibertadmundo.com\/web\/?p=21346"},"modified":"2023-06-06T02:38:24","modified_gmt":"2023-06-06T02:38:24","slug":"el-porvenir-cientos-de-escolares-rindieron-honores-a-la-bandera-por-adelantado","status":"publish","type":"post","link":"https:\/\/www.radiolibertadmundo.com\/web\/el-porvenir-cientos-de-escolares-rindieron-honores-a-la-bandera-por-adelantado\/","title":{"rendered":"EL PORVENIR: CIENTOS DE ESCOLARES RINDIERON HONORES A LA BANDERA POR ADELANTADO"},"content":{"rendered":"\n<figure class=\"wp-block-gallery has-nested-images columns-default is-cropped wp-block-gallery-1 is-layout-flex wp-block-gallery-is-layout-flex\">\n<figure class=\"wp-block-image size-large\"><a href=\"http:\/\/www.radiolibertadmundo.com\/web\/wp-content\/uploads\/WhatsApp-Image-2023-06-04-at-2.59.48-PM.jpeg\"><img loading=\"lazy\" decoding=\"async\" width=\"1024\" height=\"576\" data-id=\"21350\" src=\"http:\/\/www.radiolibertadmundo.com\/web\/wp-content\/uploads\/WhatsApp-Image-2023-06-04-at-2.59.48-PM-1024x576.jpeg\" alt=\"\" class=\"wp-image-21350\" srcset=\"https:\/\/www.radiolibertadmundo.com\/web\/wp-content\/uploads\/WhatsApp-Image-2023-06-04-at-2.59.48-PM-1024x576.jpeg 1024w, https:\/\/www.radiolibertadmundo.com\/web\/wp-content\/uploads\/WhatsApp-Image-2023-06-04-at-2.59.48-PM-300x169.jpeg 300w, https:\/\/www.radiolibertadmundo.com\/web\/wp-content\/uploads\/WhatsApp-Image-2023-06-04-at-2.59.48-PM-768x432.jpeg 768w, https:\/\/www.radiolibertadmundo.com\/web\/wp-content\/uploads\/WhatsApp-Image-2023-06-04-at-2.59.48-PM-777x437.jpeg 777w, https:\/\/www.radiolibertadmundo.com\/web\/wp-content\/uploads\/WhatsApp-Image-2023-06-04-at-2.59.48-PM-260x146.jpeg 260w, https:\/\/www.radiolibertadmundo.com\/web\/wp-content\/uploads\/WhatsApp-Image-2023-06-04-at-2.59.48-PM-120x67.jpeg 120w, https:\/\/www.radiolibertadmundo.com\/web\/wp-content\/uploads\/WhatsApp-Image-2023-06-04-at-2.59.48-PM.jpeg 1280w\" sizes=\"auto, (max-width: 1024px) 100vw, 1024px\" \/><\/a><\/figure>\n\n\n\n<figure class=\"wp-block-image size-large\"><a href=\"http:\/\/www.radiolibertadmundo.com\/web\/wp-content\/uploads\/WhatsApp-Image-2023-06-04-at-2.59.49-PM-1.jpeg\"><img loading=\"lazy\" decoding=\"async\" width=\"1024\" height=\"768\" data-id=\"21348\" src=\"http:\/\/www.radiolibertadmundo.com\/web\/wp-content\/uploads\/WhatsApp-Image-2023-06-04-at-2.59.49-PM-1-1024x768.jpeg\" alt=\"\" class=\"wp-image-21348\" srcset=\"https:\/\/www.radiolibertadmundo.com\/web\/wp-content\/uploads\/WhatsApp-Image-2023-06-04-at-2.59.49-PM-1-1024x768.jpeg 1024w, https:\/\/www.radiolibertadmundo.com\/web\/wp-content\/uploads\/WhatsApp-Image-2023-06-04-at-2.59.49-PM-1-300x225.jpeg 300w, https:\/\/www.radiolibertadmundo.com\/web\/wp-content\/uploads\/WhatsApp-Image-2023-06-04-at-2.59.49-PM-1-768x576.jpeg 768w, https:\/\/www.radiolibertadmundo.com\/web\/wp-content\/uploads\/WhatsApp-Image-2023-06-04-at-2.59.49-PM-1.jpeg 1040w\" sizes=\"auto, (max-width: 1024px) 100vw, 1024px\" \/><\/a><\/figure>\n\n\n\n<figure class=\"wp-block-image size-large\"><a href=\"http:\/\/www.radiolibertadmundo.com\/web\/wp-content\/uploads\/WhatsApp-Image-2023-06-04-at-2.59.49-PM-2.jpeg\"><img loading=\"lazy\" decoding=\"async\" width=\"1024\" height=\"768\" data-id=\"21347\" src=\"http:\/\/www.radiolibertadmundo.com\/web\/wp-content\/uploads\/WhatsApp-Image-2023-06-04-at-2.59.49-PM-2-1024x768.jpeg\" alt=\"\" class=\"wp-image-21347\" srcset=\"https:\/\/www.radiolibertadmundo.com\/web\/wp-content\/uploads\/WhatsApp-Image-2023-06-04-at-2.59.49-PM-2-1024x768.jpeg 1024w, https:\/\/www.radiolibertadmundo.com\/web\/wp-content\/uploads\/WhatsApp-Image-2023-06-04-at-2.59.49-PM-2-300x225.jpeg 300w, https:\/\/www.radiolibertadmundo.com\/web\/wp-content\/uploads\/WhatsApp-Image-2023-06-04-at-2.59.49-PM-2-768x576.jpeg 768w, https:\/\/www.radiolibertadmundo.com\/web\/wp-content\/uploads\/WhatsApp-Image-2023-06-04-at-2.59.49-PM-2.jpeg 1040w\" sizes=\"auto, (max-width: 1024px) 100vw, 1024px\" \/><\/a><\/figure>\n\n\n\n<figure class=\"wp-block-image size-large\"><a href=\"http:\/\/www.radiolibertadmundo.com\/web\/wp-content\/uploads\/WhatsApp-Image-2023-06-04-at-2.59.49-PM.jpeg\"><img loading=\"lazy\" decoding=\"async\" width=\"1024\" height=\"768\" data-id=\"21349\" src=\"http:\/\/www.radiolibertadmundo.com\/web\/wp-content\/uploads\/WhatsApp-Image-2023-06-04-at-2.59.49-PM-1024x768.jpeg\" alt=\"\" class=\"wp-image-21349\" srcset=\"https:\/\/www.radiolibertadmundo.com\/web\/wp-content\/uploads\/WhatsApp-Image-2023-06-04-at-2.59.49-PM-1024x768.jpeg 1024w, https:\/\/www.radiolibertadmundo.com\/web\/wp-content\/uploads\/WhatsApp-Image-2023-06-04-at-2.59.49-PM-300x225.jpeg 300w, https:\/\/www.radiolibertadmundo.com\/web\/wp-content\/uploads\/WhatsApp-Image-2023-06-04-at-2.59.49-PM-768x576.jpeg 768w, https:\/\/www.radiolibertadmundo.com\/web\/wp-content\/uploads\/WhatsApp-Image-2023-06-04-at-2.59.49-PM.jpeg 1040w\" sizes=\"auto, (max-width: 1024px) 100vw, 1024px\" \/><\/a><\/figure>\n<\/figure>\n\n\n\n<p>Este domingo 4 de junio, con la presencia de autoridades civiles, pol\u00edticas, militares, as\u00ed como delegaciones de escolares y sobre todo con la presencia de la poblaci\u00f3n se realiz\u00f3 el desfile e izamiento del Pabell\u00f3n Nacional en honor a los h\u00e9roes de Arica y como adelanto del D\u00eda Nacional de la Bandera.<\/p>\n\n\n\n<p>El escenario para este evento c\u00edvico patri\u00f3tico fue la Plaza de Armas del distrito de El Porvenir en sector Gran Chim\u00fa, donde se dieron cita los escolares para rendir los honores patrios a la ense\u00f1a nacional.<\/p>\n\n\n\n<p>La regidora Katerin L\u00eda Pereda Villanueva, encargada del discurso central, destac\u00f3 el ejemplo del coronel EP Francisco Bolognesi, quien luch\u00f3 hasta quemar el \u00faltimo cartucho para defender nuestras fronteras.<\/p>\n\n\n\n<p>\u00abAhora, en tiempos de paz tambi\u00e9n hay sacrificios que debemos cumplir las autoridades, y en el caso de El Porvenir es sacar adelante a los 235 mil habitantes de la extrema pobreza&nbsp; y a los ni\u00f1os de ese flagelo de la anemia\u00bb se\u00f1al\u00f3 la Pereda Villanueva.<\/p>\n\n\n\n<p>Por su parte, el alcalde de El Porvenir Juan Carranza Ventura destac\u00f3 el esp\u00edritu c\u00edvico y amor por sus s\u00edmbolos patrios demostrada por la poblaci\u00f3n y sobre todo los colegiales que se forman para sacar adelante el Per\u00fa en todos los campos.<\/p>\n\n\n\n<p>\u00abSon ustedes, los futuros ingenieros, m\u00e9dicos, enfermeras, polic\u00edas y autoridades quienes tendr\u00e1n la gran tarea de defender a nuestro pa\u00eds de los flagelos de la pobreza y combatir contra las enfermedades y sobre todo erradicar a la corrupci\u00f3n\u00bb, expres\u00f3.<\/p>\n","protected":false},"excerpt":{"rendered":"<div class=\"mh-excerpt\"><p>Este domingo 4 de junio, con la presencia de autoridades civiles, pol\u00edticas, militares, as\u00ed como delegaciones de escolares y sobre todo con la presencia de <a class=\"mh-excerpt-more\" href=\"https:\/\/www.radiolibertadmundo.com\/web\/el-porvenir-cientos-de-escolares-rindieron-honores-a-la-bandera-por-adelantado\/\" title=\"EL PORVENIR: CIENTOS DE ESCOLARES RINDIERON HONORES A LA BANDERA POR ADELANTADO\">[&#8230;]<\/a><\/p>\n<\/div>","protected":false},"author":1,"featured_media":21347,"comment_status":"open","ping_status":"closed","sticky":true,"template":"","format":"standard","meta":{"footnotes":""},"categories":[4],"tags":[692,27],"class_list":["post-21346","post","type-post","status-publish","format-standard","has-post-thumbnail","hentry","category-local","tag-seguridad-ciudadana","tag-trujillo"],"_links":{"self":[{"href":"https:\/\/www.radiolibertadmundo.com\/web\/wp-json\/wp\/v2\/posts\/21346","targetHints":{"allow":["GET"]}}],"collection":[{"href":"https:\/\/www.radiolibertadmundo.com\/web\/wp-json\/wp\/v2\/posts"}],"about":[{"href":"https:\/\/www.radiolibertadmundo.com\/web\/wp-json\/wp\/v2\/types\/post"}],"author":[{"embeddable":true,"href":"https:\/\/www.radiolibertadmundo.com\/web\/wp-json\/wp\/v2\/users\/1"}],"replies":[{"embeddable":true,"href":"https:\/\/www.radiolibertadmundo.com\/web\/wp-json\/wp\/v2\/comments?post=21346"}],"version-history":[{"count":1,"href":"https:\/\/www.radiolibertadmundo.com\/web\/wp-json\/wp\/v2\/posts\/21346\/revisions"}],"predecessor-version":[{"id":21351,"href":"https:\/\/www.radiolibertadmundo.com\/web\/wp-json\/wp\/v2\/posts\/21346\/revisions\/21351"}],"wp:featuredmedia":[{"embeddable":true,"href":"https:\/\/www.radiolibertadmundo.com\/web\/wp-json\/wp\/v2\/media\/21347"}],"wp:attachment":[{"href":"https:\/\/www.radiolibertadmundo.com\/web\/wp-json\/wp\/v2\/media?parent=21346"}],"wp:term":[{"taxonomy":"category","embeddable":true,"href":"https:\/\/www.radiolibertadmundo.com\/web\/wp-json\/wp\/v2\/categories?post=21346"},{"taxonomy":"post_tag","embeddable":true,"href":"https:\/\/www.radiolibertadmundo.com\/web\/wp-json\/wp\/v2\/tags?post=21346"}],"curies":[{"name":"wp","href":"https:\/\/api.w.org\/{rel}","templated":true}]}}