{"id":21337,"date":"2023-06-02T18:54:00","date_gmt":"2023-06-02T18:54:00","guid":{"rendered":"http:\/\/www.radiolibertadmundo.com\/web\/?p=21337"},"modified":"2023-06-02T21:54:58","modified_gmt":"2023-06-02T21:54:58","slug":"cadenillas-injuriar-a-los-proceres-de-la-independencia-es-un-ataque-a-la-nacion","status":"publish","type":"post","link":"https:\/\/www.radiolibertadmundo.com\/web\/cadenillas-injuriar-a-los-proceres-de-la-independencia-es-un-ataque-a-la-nacion\/","title":{"rendered":"CADENILLAS: INJURIAR A LOS PR\u00d3CERES DE LA INDEPENDENCIA ES UN ATAQUE A LA NACI\u00d3N"},"content":{"rendered":"\n<figure class=\"wp-block-gallery has-nested-images columns-default is-cropped wp-block-gallery-1 is-layout-flex wp-block-gallery-is-layout-flex\">\n<figure class=\"wp-block-image size-large\"><a href=\"http:\/\/www.radiolibertadmundo.com\/web\/wp-content\/uploads\/46709c3d-bc3b-41a5-9e22-7f6bf6b22337.jpg\"><img loading=\"lazy\" decoding=\"async\" width=\"1024\" height=\"1022\" data-id=\"21338\" src=\"http:\/\/www.radiolibertadmundo.com\/web\/wp-content\/uploads\/46709c3d-bc3b-41a5-9e22-7f6bf6b22337-1024x1022.jpg\" alt=\"\" class=\"wp-image-21338\" srcset=\"https:\/\/www.radiolibertadmundo.com\/web\/wp-content\/uploads\/46709c3d-bc3b-41a5-9e22-7f6bf6b22337-1024x1022.jpg 1024w, https:\/\/www.radiolibertadmundo.com\/web\/wp-content\/uploads\/46709c3d-bc3b-41a5-9e22-7f6bf6b22337-300x300.jpg 300w, https:\/\/www.radiolibertadmundo.com\/web\/wp-content\/uploads\/46709c3d-bc3b-41a5-9e22-7f6bf6b22337-150x150.jpg 150w, https:\/\/www.radiolibertadmundo.com\/web\/wp-content\/uploads\/46709c3d-bc3b-41a5-9e22-7f6bf6b22337-768x767.jpg 768w, https:\/\/www.radiolibertadmundo.com\/web\/wp-content\/uploads\/46709c3d-bc3b-41a5-9e22-7f6bf6b22337.jpg 1080w\" sizes=\"auto, (max-width: 1024px) 100vw, 1024px\" \/><\/a><\/figure>\n<\/figure>\n\n\n\n<figure class=\"wp-block-image size-large\"><a href=\"http:\/\/www.radiolibertadmundo.com\/web\/wp-content\/uploads\/Sin-titulo-1.jpg\"><img loading=\"lazy\" decoding=\"async\" width=\"1024\" height=\"683\" src=\"http:\/\/www.radiolibertadmundo.com\/web\/wp-content\/uploads\/Sin-titulo-1-1024x683.jpg\" alt=\"\" class=\"wp-image-21339\" srcset=\"https:\/\/www.radiolibertadmundo.com\/web\/wp-content\/uploads\/Sin-titulo-1-1024x683.jpg 1024w, https:\/\/www.radiolibertadmundo.com\/web\/wp-content\/uploads\/Sin-titulo-1-300x200.jpg 300w, https:\/\/www.radiolibertadmundo.com\/web\/wp-content\/uploads\/Sin-titulo-1-768x512.jpg 768w, https:\/\/www.radiolibertadmundo.com\/web\/wp-content\/uploads\/Sin-titulo-1-1536x1024.jpg 1536w, https:\/\/www.radiolibertadmundo.com\/web\/wp-content\/uploads\/Sin-titulo-1.jpg 1875w\" sizes=\"auto, (max-width: 1024px) 100vw, 1024px\" \/><\/a><\/figure>\n\n\n\n<p>Mientras que este viernes 02 de junio se conmemoraba&nbsp;los 198 a\u00f1os del fallecimiento del hijo ilustre de la provincia que lleva su nombre en la regi\u00f3n: S\u00e1nchez Carri\u00f3n, el consejero Ever Cadenillas dijo que injuriar a los pr\u00f3ceres de la Independencia es un acto cobarde y un ataque a la Naci\u00f3n, por lo que pedir\u00e1 que el Consejo Regional y otros organismos e instituciones del estado se pronuncien al respecto.<\/p>\n\n\n\n<p>Esto en relaci\u00f3n a las expresiones controvertidas del alcalde Trujillo, Arturo Fern\u00e1ndez, injuriando al tribuno Jos\u00e9 Faustino S\u00e1nchez Carri\u00f3n, indicando que nuestro pa\u00eds se encuentra as\u00ed como est\u00e1, con los problemas que tiene, por el r\u00e9gimen de Rep\u00fablica instaurado por el \u2018Solitario de Say\u00e1n\u2019.<\/p>\n\n\n\n<p>\u201cNos ha desgraciado la vida. No estamos para una Rep\u00fablica\u201d, dijo el burgomaestre en d\u00edas pasados en medio de una de sus acostumbradas transmisiones en redes sociales<\/p>\n\n\n\n<p>Nuestro primer tribuno, defensor de la democracia, fundador de la Rep\u00fablica y de importantes instituciones como la Corte Superior de Justicia de La Libertad o la Universidad Nacional de Trujillo, ha ocupado siempre&nbsp; un lugar trascendente entre los peruanos, se\u00f1al\u00f3 por su parte Cadenillas.<\/p>\n\n\n\n<p>Record\u00f3 que S\u00e1nchez Carri\u00f3n se opuso a las ideas mon\u00e1rquicas de San Mart\u00edn y que se opuso a las ideas absolutistas de Sim\u00f3n Bol\u00edvar. El tribuno muri\u00f3 en los avatares de su destino, como todos aquellos que lucharon para crear y legarnos una patria Libre e independiente.<\/p>\n\n\n\n<p>\u201cS\u00e1nchez Carri\u00f3n merece ser tratado como lo que es: un Libertador, un luchador social, un ide\u00f3logo adelantado a su tiempo y un h\u00e9roe de La Libertad del Per\u00fa. En otros tiempos, tocar su nombre para denigrarlo hubiera sido traici\u00f3n a la patria. Los liberte\u00f1os no podemos dejar pasar por alto esto\u201d, dijo.<\/p>\n\n\n\n<p>Ninguna persona o aprendiz de pol\u00edtico puede tomarse atribuciones de juzgar a quienes entregaron su vida por el Per\u00fa. Miserable aquel que no honra a los padres de la Patria y con sus expresiones mancha su honra, a\u00f1adi\u00f3.<\/p>\n\n\n\n<p>Cadenillas resalt\u00f3 que S\u00e1nchez Carri\u00f3n fue el primer \u2018liberal\u2019 en el Per\u00fa y que el liberalismo es la doctrina pol\u00edtica social y econ\u00f3mica base de nuestra Rep\u00fablica democr\u00e1tica organizada en tres poderes: Ejecutivo, Legislativo y Judicial, con procesos electorales democr\u00e1ticos, derechos constitucionales, ciudadanos y humanos.<\/p>\n\n\n\n<p>S\u00e1nchez Carri\u00f3n fund\u00f3 la UNT, la primera universidad del Per\u00fa libre e independiente, que el pr\u00f3ximo a\u00f1o conmemora el bicentenario de su fundaci\u00f3n; tambi\u00e9n cre\u00f3 la Corte Superior de Justicia de la&nbsp; Libertad, la primera de nuestra Rep\u00fablica, que tambi\u00e9n conmemorar\u00e1 su bicentenario.<\/p>\n\n\n\n<p>El 23 de noviembre del pr\u00f3ximo a\u00f1o tenemos que celebrar el bicentenario de la primera Constituci\u00f3n de nuestra naciente Rep\u00fablica,&nbsp; Constituci\u00f3n que elabor\u00f3 Jos\u00e9 Faustino S\u00e1nchez Carri\u00f3n, agreg\u00f3 el consejero.<\/p>\n\n\n\n<p>Por las razones expuestas, pidi\u00f3 que ante el agravio proferido por Arturo Fern\u00e1ndez, y si no pidiera disculpas p\u00fablicas por las expresiones vertidas, corresponde pronunciarse enf\u00e1ticamente a instituciones y organismos del Estado, como el Congreso de la Rep\u00fablica, la Corte Superior de Justicia de La Libertad, Corte Suprema de la Rep\u00fablica y la UNT.<\/p>\n","protected":false},"excerpt":{"rendered":"<div class=\"mh-excerpt\"><p>Mientras que este viernes 02 de junio se conmemoraba&nbsp;los 198 a\u00f1os del fallecimiento del hijo ilustre de la provincia que lleva su nombre en la <a class=\"mh-excerpt-more\" href=\"https:\/\/www.radiolibertadmundo.com\/web\/cadenillas-injuriar-a-los-proceres-de-la-independencia-es-un-ataque-a-la-nacion\/\" title=\"CADENILLAS: INJURIAR A LOS PR\u00d3CERES DE LA INDEPENDENCIA ES UN ATAQUE A LA NACI\u00d3N\">[&#8230;]<\/a><\/p>\n<\/div>","protected":false},"author":1,"featured_media":21338,"comment_status":"open","ping_status":"open","sticky":true,"template":"","format":"standard","meta":{"footnotes":""},"categories":[4],"tags":[27],"class_list":["post-21337","post","type-post","status-publish","format-standard","has-post-thumbnail","hentry","category-local","tag-trujillo"],"_links":{"self":[{"href":"https:\/\/www.radiolibertadmundo.com\/web\/wp-json\/wp\/v2\/posts\/21337","targetHints":{"allow":["GET"]}}],"collection":[{"href":"https:\/\/www.radiolibertadmundo.com\/web\/wp-json\/wp\/v2\/posts"}],"about":[{"href":"https:\/\/www.radiolibertadmundo.com\/web\/wp-json\/wp\/v2\/types\/post"}],"author":[{"embeddable":true,"href":"https:\/\/www.radiolibertadmundo.com\/web\/wp-json\/wp\/v2\/users\/1"}],"replies":[{"embeddable":true,"href":"https:\/\/www.radiolibertadmundo.com\/web\/wp-json\/wp\/v2\/comments?post=21337"}],"version-history":[{"count":2,"href":"https:\/\/www.radiolibertadmundo.com\/web\/wp-json\/wp\/v2\/posts\/21337\/revisions"}],"predecessor-version":[{"id":21341,"href":"https:\/\/www.radiolibertadmundo.com\/web\/wp-json\/wp\/v2\/posts\/21337\/revisions\/21341"}],"wp:featuredmedia":[{"embeddable":true,"href":"https:\/\/www.radiolibertadmundo.com\/web\/wp-json\/wp\/v2\/media\/21338"}],"wp:attachment":[{"href":"https:\/\/www.radiolibertadmundo.com\/web\/wp-json\/wp\/v2\/media?parent=21337"}],"wp:term":[{"taxonomy":"category","embeddable":true,"href":"https:\/\/www.radiolibertadmundo.com\/web\/wp-json\/wp\/v2\/categories?post=21337"},{"taxonomy":"post_tag","embeddable":true,"href":"https:\/\/www.radiolibertadmundo.com\/web\/wp-json\/wp\/v2\/tags?post=21337"}],"curies":[{"name":"wp","href":"https:\/\/api.w.org\/{rel}","templated":true}]}}