{"id":21302,"date":"2023-06-01T21:04:03","date_gmt":"2023-06-01T21:04:03","guid":{"rendered":"http:\/\/www.radiolibertadmundo.com\/web\/?p=21302"},"modified":"2023-06-01T21:04:04","modified_gmt":"2023-06-01T21:04:04","slug":"ante-llegada-de-fenomeno-del-nino-piden-celeridad-de-obras-en-quebradas","status":"publish","type":"post","link":"https:\/\/www.radiolibertadmundo.com\/web\/ante-llegada-de-fenomeno-del-nino-piden-celeridad-de-obras-en-quebradas\/","title":{"rendered":"ANTE LLEGADA DE FEN\u00d3MENO DEL NI\u00d1O PIDEN CELERIDAD DE OBRAS EN QUEBRADAS"},"content":{"rendered":"\n<figure class=\"wp-block-gallery has-nested-images columns-default is-cropped wp-block-gallery-1 is-layout-flex wp-block-gallery-is-layout-flex\">\n<figure class=\"wp-block-image size-large\"><a href=\"http:\/\/www.radiolibertadmundo.com\/web\/wp-content\/uploads\/082508_958253.jpg\"><img loading=\"lazy\" decoding=\"async\" width=\"439\" height=\"246\" data-id=\"21303\" src=\"http:\/\/www.radiolibertadmundo.com\/web\/wp-content\/uploads\/082508_958253.jpg\" alt=\"\" class=\"wp-image-21303\" srcset=\"https:\/\/www.radiolibertadmundo.com\/web\/wp-content\/uploads\/082508_958253.jpg 439w, https:\/\/www.radiolibertadmundo.com\/web\/wp-content\/uploads\/082508_958253-300x168.jpg 300w, https:\/\/www.radiolibertadmundo.com\/web\/wp-content\/uploads\/082508_958253-260x146.jpg 260w, https:\/\/www.radiolibertadmundo.com\/web\/wp-content\/uploads\/082508_958253-120x67.jpg 120w\" sizes=\"auto, (max-width: 439px) 100vw, 439px\" \/><\/a><\/figure>\n\n\n\n<figure class=\"wp-block-image size-large\"><a href=\"http:\/\/www.radiolibertadmundo.com\/web\/wp-content\/uploads\/000885031W.jpg\"><img loading=\"lazy\" decoding=\"async\" width=\"1024\" height=\"683\" data-id=\"21305\" src=\"http:\/\/www.radiolibertadmundo.com\/web\/wp-content\/uploads\/000885031W-1024x683.jpg\" alt=\"\" class=\"wp-image-21305\" srcset=\"https:\/\/www.radiolibertadmundo.com\/web\/wp-content\/uploads\/000885031W-1024x683.jpg 1024w, https:\/\/www.radiolibertadmundo.com\/web\/wp-content\/uploads\/000885031W-300x200.jpg 300w, https:\/\/www.radiolibertadmundo.com\/web\/wp-content\/uploads\/000885031W-768x512.jpg 768w, https:\/\/www.radiolibertadmundo.com\/web\/wp-content\/uploads\/000885031W-1536x1024.jpg 1536w, https:\/\/www.radiolibertadmundo.com\/web\/wp-content\/uploads\/000885031W.jpg 1800w\" sizes=\"auto, (max-width: 1024px) 100vw, 1024px\" \/><\/a><\/figure>\n\n\n\n<figure class=\"wp-block-image size-large\"><a href=\"http:\/\/www.radiolibertadmundo.com\/web\/wp-content\/uploads\/thumbnail_IMG-20190114-WA0063-1140x641-1.jpg\"><img loading=\"lazy\" decoding=\"async\" width=\"1024\" height=\"576\" data-id=\"21304\" src=\"http:\/\/www.radiolibertadmundo.com\/web\/wp-content\/uploads\/thumbnail_IMG-20190114-WA0063-1140x641-1-1024x576.jpg\" alt=\"\" class=\"wp-image-21304\" srcset=\"https:\/\/www.radiolibertadmundo.com\/web\/wp-content\/uploads\/thumbnail_IMG-20190114-WA0063-1140x641-1-1024x576.jpg 1024w, https:\/\/www.radiolibertadmundo.com\/web\/wp-content\/uploads\/thumbnail_IMG-20190114-WA0063-1140x641-1-300x169.jpg 300w, https:\/\/www.radiolibertadmundo.com\/web\/wp-content\/uploads\/thumbnail_IMG-20190114-WA0063-1140x641-1-768x432.jpg 768w, https:\/\/www.radiolibertadmundo.com\/web\/wp-content\/uploads\/thumbnail_IMG-20190114-WA0063-1140x641-1-777x437.jpg 777w, https:\/\/www.radiolibertadmundo.com\/web\/wp-content\/uploads\/thumbnail_IMG-20190114-WA0063-1140x641-1-260x146.jpg 260w, https:\/\/www.radiolibertadmundo.com\/web\/wp-content\/uploads\/thumbnail_IMG-20190114-WA0063-1140x641-1-120x67.jpg 120w, https:\/\/www.radiolibertadmundo.com\/web\/wp-content\/uploads\/thumbnail_IMG-20190114-WA0063-1140x641-1.jpg 1140w\" sizes=\"auto, (max-width: 1024px) 100vw, 1024px\" \/><\/a><\/figure>\n<\/figure>\n\n\n\n<p>Se inform\u00f3 que en la reciente reuni\u00f3n con el director ejecutivo de la Autoridad para la Reconstrucci\u00f3n con Cambios (ARCC), el gobernador ha pedido la celeridad de las obras de las quebradas San Idelfonso, San Carlos y El Le\u00f3n, que se hacen de gobierno a gobierno, para afrontar el pr\u00f3ximo fen\u00f3meno El Ni\u00f1o.<\/p>\n\n\n\n<p>Para el efecto, afirm\u00f3 que se han identificado los causes nuevos, por donde discurrir\u00e1 el agua de las lluvias, de ah\u00ed que el Gobierno Regional de La Libertad intervendr\u00e1 dichos cauces para realizar su limpieza y que se prev\u00e9, a la vez, realizar una limpieza de techos.<\/p>\n\n\n\n<p>Se\u00f1al\u00f3 tambi\u00e9n que la ARCC, entre los meses de julio a diciembre, intervendr\u00e1 los puntos m\u00e1s cr\u00edticos de las quebradas, que han sido identificados. Las empresas que ejecutan las obras en las quebradas intervendr\u00e1n los puntos cr\u00edticos durante la emergencia de producirse el fen\u00f3meno El Ni\u00f1o.<\/p>\n\n\n\n<p>\u00abComo Gobierno Regional es el segundo simulacro que realizamos en el a\u00f1o, aparte de los 3 programados a nivel nacional por INDECI, con una importante participaci\u00f3n de las entidades competentes en la gesti\u00f3n del riesgo de desastres\u00bb, dijo finalmente Acu\u00f1a Peralta.<\/p>\n","protected":false},"excerpt":{"rendered":"<div class=\"mh-excerpt\"><p>Se inform\u00f3 que en la reciente reuni\u00f3n con el director ejecutivo de la Autoridad para la Reconstrucci\u00f3n con Cambios (ARCC), el gobernador ha pedido la <a class=\"mh-excerpt-more\" href=\"https:\/\/www.radiolibertadmundo.com\/web\/ante-llegada-de-fenomeno-del-nino-piden-celeridad-de-obras-en-quebradas\/\" title=\"ANTE LLEGADA DE FEN\u00d3MENO DEL NI\u00d1O PIDEN CELERIDAD DE OBRAS EN QUEBRADAS\">[&#8230;]<\/a><\/p>\n<\/div>","protected":false},"author":1,"featured_media":21305,"comment_status":"open","ping_status":"open","sticky":true,"template":"","format":"standard","meta":{"footnotes":""},"categories":[4],"tags":[1271,59,27],"class_list":["post-21302","post","type-post","status-publish","format-standard","has-post-thumbnail","hentry","category-local","tag-fenomeno-del-nino","tag-la-libertad","tag-trujillo"],"_links":{"self":[{"href":"https:\/\/www.radiolibertadmundo.com\/web\/wp-json\/wp\/v2\/posts\/21302","targetHints":{"allow":["GET"]}}],"collection":[{"href":"https:\/\/www.radiolibertadmundo.com\/web\/wp-json\/wp\/v2\/posts"}],"about":[{"href":"https:\/\/www.radiolibertadmundo.com\/web\/wp-json\/wp\/v2\/types\/post"}],"author":[{"embeddable":true,"href":"https:\/\/www.radiolibertadmundo.com\/web\/wp-json\/wp\/v2\/users\/1"}],"replies":[{"embeddable":true,"href":"https:\/\/www.radiolibertadmundo.com\/web\/wp-json\/wp\/v2\/comments?post=21302"}],"version-history":[{"count":1,"href":"https:\/\/www.radiolibertadmundo.com\/web\/wp-json\/wp\/v2\/posts\/21302\/revisions"}],"predecessor-version":[{"id":21306,"href":"https:\/\/www.radiolibertadmundo.com\/web\/wp-json\/wp\/v2\/posts\/21302\/revisions\/21306"}],"wp:featuredmedia":[{"embeddable":true,"href":"https:\/\/www.radiolibertadmundo.com\/web\/wp-json\/wp\/v2\/media\/21305"}],"wp:attachment":[{"href":"https:\/\/www.radiolibertadmundo.com\/web\/wp-json\/wp\/v2\/media?parent=21302"}],"wp:term":[{"taxonomy":"category","embeddable":true,"href":"https:\/\/www.radiolibertadmundo.com\/web\/wp-json\/wp\/v2\/categories?post=21302"},{"taxonomy":"post_tag","embeddable":true,"href":"https:\/\/www.radiolibertadmundo.com\/web\/wp-json\/wp\/v2\/tags?post=21302"}],"curies":[{"name":"wp","href":"https:\/\/api.w.org\/{rel}","templated":true}]}}