{"id":21286,"date":"2023-05-30T20:16:46","date_gmt":"2023-05-30T20:16:46","guid":{"rendered":"http:\/\/www.radiolibertadmundo.com\/web\/?p=21286"},"modified":"2023-05-31T01:17:01","modified_gmt":"2023-05-31T01:17:01","slug":"capacitaran-a-transportistas-y-organizaran-un-pasacalle-sobre-prevencion-del-dengue","status":"publish","type":"post","link":"https:\/\/www.radiolibertadmundo.com\/web\/capacitaran-a-transportistas-y-organizaran-un-pasacalle-sobre-prevencion-del-dengue\/","title":{"rendered":"CAPACITAR\u00c1N A TRANSPORTISTAS Y ORGANIZAR\u00c1N UN PASACALLE SOBRE PREVENCI\u00d3N DEL DENGUE"},"content":{"rendered":"\n<figure class=\"wp-block-gallery has-nested-images columns-default is-cropped wp-block-gallery-1 is-layout-flex wp-block-gallery-is-layout-flex\">\n<figure class=\"wp-block-image size-large\"><a href=\"http:\/\/www.radiolibertadmundo.com\/web\/wp-content\/uploads\/WhatsApp-Image-2023-05-30-at-3.43.13-PM-1.jpeg\"><img loading=\"lazy\" decoding=\"async\" width=\"1024\" height=\"768\" data-id=\"21287\" src=\"http:\/\/www.radiolibertadmundo.com\/web\/wp-content\/uploads\/WhatsApp-Image-2023-05-30-at-3.43.13-PM-1-1024x768.jpeg\" alt=\"\" class=\"wp-image-21287\" srcset=\"https:\/\/www.radiolibertadmundo.com\/web\/wp-content\/uploads\/WhatsApp-Image-2023-05-30-at-3.43.13-PM-1-1024x768.jpeg 1024w, https:\/\/www.radiolibertadmundo.com\/web\/wp-content\/uploads\/WhatsApp-Image-2023-05-30-at-3.43.13-PM-1-300x225.jpeg 300w, https:\/\/www.radiolibertadmundo.com\/web\/wp-content\/uploads\/WhatsApp-Image-2023-05-30-at-3.43.13-PM-1-768x576.jpeg 768w, https:\/\/www.radiolibertadmundo.com\/web\/wp-content\/uploads\/WhatsApp-Image-2023-05-30-at-3.43.13-PM-1-1536x1152.jpeg 1536w, https:\/\/www.radiolibertadmundo.com\/web\/wp-content\/uploads\/WhatsApp-Image-2023-05-30-at-3.43.13-PM-1.jpeg 1600w\" sizes=\"auto, (max-width: 1024px) 100vw, 1024px\" \/><\/a><\/figure>\n\n\n\n<figure class=\"wp-block-image size-large\"><a href=\"http:\/\/www.radiolibertadmundo.com\/web\/wp-content\/uploads\/WhatsApp-Image-2023-05-30-at-3.43.13-PM.jpeg\"><img loading=\"lazy\" decoding=\"async\" width=\"1024\" height=\"768\" data-id=\"21288\" src=\"http:\/\/www.radiolibertadmundo.com\/web\/wp-content\/uploads\/WhatsApp-Image-2023-05-30-at-3.43.13-PM-1024x768.jpeg\" alt=\"\" class=\"wp-image-21288\" srcset=\"https:\/\/www.radiolibertadmundo.com\/web\/wp-content\/uploads\/WhatsApp-Image-2023-05-30-at-3.43.13-PM-1024x768.jpeg 1024w, https:\/\/www.radiolibertadmundo.com\/web\/wp-content\/uploads\/WhatsApp-Image-2023-05-30-at-3.43.13-PM-300x225.jpeg 300w, https:\/\/www.radiolibertadmundo.com\/web\/wp-content\/uploads\/WhatsApp-Image-2023-05-30-at-3.43.13-PM-768x576.jpeg 768w, https:\/\/www.radiolibertadmundo.com\/web\/wp-content\/uploads\/WhatsApp-Image-2023-05-30-at-3.43.13-PM-1536x1152.jpeg 1536w, https:\/\/www.radiolibertadmundo.com\/web\/wp-content\/uploads\/WhatsApp-Image-2023-05-30-at-3.43.13-PM.jpeg 1600w\" sizes=\"auto, (max-width: 1024px) 100vw, 1024px\" \/><\/a><\/figure>\n<\/figure>\n\n\n\n<p>Con el objetivo de evitar m\u00e1s casos de dengue, el Dr. David Guti\u00e9rrez, director ejecutivo de la Red de Salud de Trujillo, se reuni\u00f3 con dirigentes del sector de transporte p\u00fablico y funcionarios del sector para adoptar medidas en contra de la propagaci\u00f3n de la enfermedad en la provincia.<\/p>\n\n\n\n<p>Por indicaciones del gobernador regional Ing. C\u00e9sar Acu\u00f1a, se fortalecer\u00e1 la lucha frontal y constante contra el dengue. Por ello, el funcionario se reuni\u00f3 con Vicente Li\u00f1an, presidente de CERTRULL (microb\u00fas); Ra\u00fal Mu\u00f1oz, presidente de CORETRALIB (combis), Romeo Aranda Cirilo, gerente de Transportes de Trujillo y Deivis Bravo, subgerente de Seguridad Vial.<\/p>\n\n\n\n<p>Como primera medida acordada, se capacitar\u00e1 a los dirigentes de transporte p\u00fablico sobre las medidas de prevenci\u00f3n del dengue para que la informaci\u00f3n brindada sea replicada en sus hogares y comunidades. As\u00ed como para saber reconocer la sintomatolog\u00eda de esta enfermedad en salvaguarda de la vida de sus pasajeros.<\/p>\n\n\n\n<p>Los s\u00edntomas son fiebre, dolor muscular, dolor de cabeza, dolores en las articulaciones, p\u00e9rdida del apetito y dolor detr\u00e1s de los ojos.<\/p>\n\n\n\n<p>Asimismo, se organizar\u00e1 un pasacalle en el que participar\u00e1n los gremios de transportistas. Esta iniciativa tiene como prop\u00f3sito difundir el mensaje de prevenci\u00f3n y fomentar la adopci\u00f3n de pr\u00e1cticas saludables entre la poblaci\u00f3n.<\/p>\n\n\n\n<p>Es fundamental tomar conciencia sobre las medidas de prevenci\u00f3n del dengue, ya que se han reportado casi 7,000 casos en La Libertad, con 1,908 casos confirmados y 4,922 probables. Adem\u00e1s, se registra un total de 138 hospitalizados y 7 fallecidos.<\/p>\n\n\n\n<p>Trujillo y sus autoridades se mantienen firmes en la lucha contra el dengue, uniendo esfuerzos con los gremios de transporte para proteger la salud de la poblaci\u00f3n. La colaboraci\u00f3n entre diferentes sectores es fundamental para combatir eficazmente esta enfermedad y garantizar el bienestar de la comunidad.<\/p>\n","protected":false},"excerpt":{"rendered":"<div class=\"mh-excerpt\"><p>Con el objetivo de evitar m\u00e1s casos de dengue, el Dr. David Guti\u00e9rrez, director ejecutivo de la Red de Salud de Trujillo, se reuni\u00f3 con <a class=\"mh-excerpt-more\" href=\"https:\/\/www.radiolibertadmundo.com\/web\/capacitaran-a-transportistas-y-organizaran-un-pasacalle-sobre-prevencion-del-dengue\/\" title=\"CAPACITAR\u00c1N A TRANSPORTISTAS Y ORGANIZAR\u00c1N UN PASACALLE SOBRE PREVENCI\u00d3N DEL DENGUE\">[&#8230;]<\/a><\/p>\n<\/div>","protected":false},"author":1,"featured_media":21288,"comment_status":"open","ping_status":"open","sticky":true,"template":"","format":"standard","meta":{"footnotes":""},"categories":[4],"tags":[1275,59],"class_list":["post-21286","post","type-post","status-publish","format-standard","has-post-thumbnail","hentry","category-local","tag-dengue","tag-la-libertad"],"_links":{"self":[{"href":"https:\/\/www.radiolibertadmundo.com\/web\/wp-json\/wp\/v2\/posts\/21286","targetHints":{"allow":["GET"]}}],"collection":[{"href":"https:\/\/www.radiolibertadmundo.com\/web\/wp-json\/wp\/v2\/posts"}],"about":[{"href":"https:\/\/www.radiolibertadmundo.com\/web\/wp-json\/wp\/v2\/types\/post"}],"author":[{"embeddable":true,"href":"https:\/\/www.radiolibertadmundo.com\/web\/wp-json\/wp\/v2\/users\/1"}],"replies":[{"embeddable":true,"href":"https:\/\/www.radiolibertadmundo.com\/web\/wp-json\/wp\/v2\/comments?post=21286"}],"version-history":[{"count":1,"href":"https:\/\/www.radiolibertadmundo.com\/web\/wp-json\/wp\/v2\/posts\/21286\/revisions"}],"predecessor-version":[{"id":21289,"href":"https:\/\/www.radiolibertadmundo.com\/web\/wp-json\/wp\/v2\/posts\/21286\/revisions\/21289"}],"wp:featuredmedia":[{"embeddable":true,"href":"https:\/\/www.radiolibertadmundo.com\/web\/wp-json\/wp\/v2\/media\/21288"}],"wp:attachment":[{"href":"https:\/\/www.radiolibertadmundo.com\/web\/wp-json\/wp\/v2\/media?parent=21286"}],"wp:term":[{"taxonomy":"category","embeddable":true,"href":"https:\/\/www.radiolibertadmundo.com\/web\/wp-json\/wp\/v2\/categories?post=21286"},{"taxonomy":"post_tag","embeddable":true,"href":"https:\/\/www.radiolibertadmundo.com\/web\/wp-json\/wp\/v2\/tags?post=21286"}],"curies":[{"name":"wp","href":"https:\/\/api.w.org\/{rel}","templated":true}]}}