{"id":21271,"date":"2023-05-30T20:24:32","date_gmt":"2023-05-30T20:24:32","guid":{"rendered":"http:\/\/www.radiolibertadmundo.com\/web\/?p=21271"},"modified":"2023-05-31T01:24:45","modified_gmt":"2023-05-31T01:24:45","slug":"instalaran-sistema-de-alerta-temprana-para-prevenir-danos-por-huaycos","status":"publish","type":"post","link":"https:\/\/www.radiolibertadmundo.com\/web\/instalaran-sistema-de-alerta-temprana-para-prevenir-danos-por-huaycos\/","title":{"rendered":"INSTALAR\u00c1N SISTEMA DE ALERTA TEMPRANA PARA PREVENIR DA\u00d1OS POR HUAYCOS"},"content":{"rendered":"\n<figure class=\"wp-block-gallery has-nested-images columns-default is-cropped wp-block-gallery-1 is-layout-flex wp-block-gallery-is-layout-flex\">\n<figure class=\"wp-block-image size-large\"><a href=\"http:\/\/www.radiolibertadmundo.com\/web\/wp-content\/uploads\/WhatsApp-Image-2023-05-30-at-6.03.08-PM.jpeg\"><img loading=\"lazy\" decoding=\"async\" width=\"1024\" height=\"682\" data-id=\"21274\" src=\"http:\/\/www.radiolibertadmundo.com\/web\/wp-content\/uploads\/WhatsApp-Image-2023-05-30-at-6.03.08-PM-1024x682.jpeg\" alt=\"\" class=\"wp-image-21274\" srcset=\"https:\/\/www.radiolibertadmundo.com\/web\/wp-content\/uploads\/WhatsApp-Image-2023-05-30-at-6.03.08-PM-1024x682.jpeg 1024w, https:\/\/www.radiolibertadmundo.com\/web\/wp-content\/uploads\/WhatsApp-Image-2023-05-30-at-6.03.08-PM-300x200.jpeg 300w, https:\/\/www.radiolibertadmundo.com\/web\/wp-content\/uploads\/WhatsApp-Image-2023-05-30-at-6.03.08-PM-768x512.jpeg 768w, https:\/\/www.radiolibertadmundo.com\/web\/wp-content\/uploads\/WhatsApp-Image-2023-05-30-at-6.03.08-PM-1536x1023.jpeg 1536w, https:\/\/www.radiolibertadmundo.com\/web\/wp-content\/uploads\/WhatsApp-Image-2023-05-30-at-6.03.08-PM.jpeg 1600w\" sizes=\"auto, (max-width: 1024px) 100vw, 1024px\" \/><\/a><\/figure>\n\n\n\n<figure class=\"wp-block-image size-large\"><a href=\"http:\/\/www.radiolibertadmundo.com\/web\/wp-content\/uploads\/WhatsApp-Image-2023-05-30-at-6.03.09-PM-1.jpeg\"><img loading=\"lazy\" decoding=\"async\" width=\"872\" height=\"1024\" data-id=\"21273\" src=\"http:\/\/www.radiolibertadmundo.com\/web\/wp-content\/uploads\/WhatsApp-Image-2023-05-30-at-6.03.09-PM-1.jpeg\" alt=\"\" class=\"wp-image-21273\" srcset=\"https:\/\/www.radiolibertadmundo.com\/web\/wp-content\/uploads\/WhatsApp-Image-2023-05-30-at-6.03.09-PM-1.jpeg 872w, https:\/\/www.radiolibertadmundo.com\/web\/wp-content\/uploads\/WhatsApp-Image-2023-05-30-at-6.03.09-PM-1-255x300.jpeg 255w, https:\/\/www.radiolibertadmundo.com\/web\/wp-content\/uploads\/WhatsApp-Image-2023-05-30-at-6.03.09-PM-1-768x902.jpeg 768w\" sizes=\"auto, (max-width: 872px) 100vw, 872px\" \/><\/a><\/figure>\n\n\n\n<figure class=\"wp-block-image size-large\"><a href=\"http:\/\/www.radiolibertadmundo.com\/web\/wp-content\/uploads\/WhatsApp-Image-2023-05-30-at-6.03.09-PM.jpeg\"><img loading=\"lazy\" decoding=\"async\" width=\"1024\" height=\"683\" data-id=\"21272\" src=\"http:\/\/www.radiolibertadmundo.com\/web\/wp-content\/uploads\/WhatsApp-Image-2023-05-30-at-6.03.09-PM.jpeg\" alt=\"\" class=\"wp-image-21272\" srcset=\"https:\/\/www.radiolibertadmundo.com\/web\/wp-content\/uploads\/WhatsApp-Image-2023-05-30-at-6.03.09-PM.jpeg 1024w, https:\/\/www.radiolibertadmundo.com\/web\/wp-content\/uploads\/WhatsApp-Image-2023-05-30-at-6.03.09-PM-300x200.jpeg 300w, https:\/\/www.radiolibertadmundo.com\/web\/wp-content\/uploads\/WhatsApp-Image-2023-05-30-at-6.03.09-PM-768x512.jpeg 768w\" sizes=\"auto, (max-width: 1024px) 100vw, 1024px\" \/><\/a><\/figure>\n<\/figure>\n\n\n\n<p>Un Sistema de Alerta Temprana (SAT), con radares de \u00faltima generaci\u00f3n, instalar\u00e1 la Autoridad para la Reconstrucci\u00f3n con Cambios (ARCC) en el segundo semestre de este a\u00f1o en Trujillo, a fin de prevenir desastres naturales y mitigar los da\u00f1os a la poblaci\u00f3n.<\/p>\n\n\n\n<p>El pedido lo hizo hoy C\u00e9sar Acu\u00f1a, gobernador regional de La Libertad, durante una reuni\u00f3n con el director ejecutivo (e) de la ARCC, Raphael Anaya, para coordinar y articular esfuerzos sobre las obras que se desarrollan en esta regi\u00f3n castigada por el Fen\u00f3meno de El Ni\u00f1o costero el 2017, sobre todo los avances del dise\u00f1o del drenaje pluvial de Trujillo y las obras de prevenci\u00f3n en quebradas San Idelfonso, San Carlos y El Le\u00f3n.<\/p>\n\n\n\n<p>El Sistema de Alerta Temprana (SAT) representa el conjunto de capacidades necesarias para generar y difundir informaci\u00f3n de alerta oportuna y significativa, para permitir que la poblaci\u00f3n y autoridades se preparen y act\u00faen de manera adecuada y con tiempo suficiente para reducir la posibilidad de da\u00f1os o p\u00e9rdidas.<\/p>\n\n\n\n<p>Este sistema ya se encuentra en el pa\u00eds y su instalaci\u00f3n se dar\u00eda en el segundo semestre del a\u00f1o.<\/p>\n\n\n\n<p>Acu\u00f1a Peralta y Raphael Anaya vieron todo lo concerniente a la transferencia de recursos de la ARCC al Gobierno Regional de La Libertad, para los proyectos en ejecuci\u00f3n como la IE Mar\u00eda Negr\u00f3n, centro de salud El Tr\u00f3pico, continuidad de la carretera Agallpampa-Julc\u00e1n y otros, por un valor de 42 millones de soles.<\/p>\n\n\n\n<p>La autoridad regional ha pedido a la ARCC que las empresas ejecutoras aceleren las obras de las quebradas, teniendo en cuenta el pron\u00f3stico de lluvias hecha por el COER. Para el efecto, el titular de ARCC Raphael Anaya llegar\u00e1 a Trujillo la tercera semana de junio para supervisar el avance.<\/p>\n\n\n\n<p>Otro de los temas tratados durante la reuni\u00f3n del titular del gobierno regional y el director ejecutivo de la ARCC, fue la construcci\u00f3n de las defensas ribere\u00f1as y enrocados en los puntos cr\u00edticos de los r\u00edos Chicama, Moche, Vir\u00fa y quebradas.<\/p>\n\n\n\n<p><\/p>\n","protected":false},"excerpt":{"rendered":"<div class=\"mh-excerpt\"><p>Un Sistema de Alerta Temprana (SAT), con radares de \u00faltima generaci\u00f3n, instalar\u00e1 la Autoridad para la Reconstrucci\u00f3n con Cambios (ARCC) en el segundo semestre de <a class=\"mh-excerpt-more\" href=\"https:\/\/www.radiolibertadmundo.com\/web\/instalaran-sistema-de-alerta-temprana-para-prevenir-danos-por-huaycos\/\" title=\"INSTALAR\u00c1N SISTEMA DE ALERTA TEMPRANA PARA PREVENIR DA\u00d1OS POR HUAYCOS\">[&#8230;]<\/a><\/p>\n<\/div>","protected":false},"author":1,"featured_media":21273,"comment_status":"open","ping_status":"open","sticky":true,"template":"","format":"standard","meta":{"footnotes":""},"categories":[4],"tags":[1271,59,1273,27],"class_list":["post-21271","post","type-post","status-publish","format-standard","has-post-thumbnail","hentry","category-local","tag-fenomeno-del-nino","tag-la-libertad","tag-quebradas","tag-trujillo"],"_links":{"self":[{"href":"https:\/\/www.radiolibertadmundo.com\/web\/wp-json\/wp\/v2\/posts\/21271","targetHints":{"allow":["GET"]}}],"collection":[{"href":"https:\/\/www.radiolibertadmundo.com\/web\/wp-json\/wp\/v2\/posts"}],"about":[{"href":"https:\/\/www.radiolibertadmundo.com\/web\/wp-json\/wp\/v2\/types\/post"}],"author":[{"embeddable":true,"href":"https:\/\/www.radiolibertadmundo.com\/web\/wp-json\/wp\/v2\/users\/1"}],"replies":[{"embeddable":true,"href":"https:\/\/www.radiolibertadmundo.com\/web\/wp-json\/wp\/v2\/comments?post=21271"}],"version-history":[{"count":1,"href":"https:\/\/www.radiolibertadmundo.com\/web\/wp-json\/wp\/v2\/posts\/21271\/revisions"}],"predecessor-version":[{"id":21275,"href":"https:\/\/www.radiolibertadmundo.com\/web\/wp-json\/wp\/v2\/posts\/21271\/revisions\/21275"}],"wp:featuredmedia":[{"embeddable":true,"href":"https:\/\/www.radiolibertadmundo.com\/web\/wp-json\/wp\/v2\/media\/21273"}],"wp:attachment":[{"href":"https:\/\/www.radiolibertadmundo.com\/web\/wp-json\/wp\/v2\/media?parent=21271"}],"wp:term":[{"taxonomy":"category","embeddable":true,"href":"https:\/\/www.radiolibertadmundo.com\/web\/wp-json\/wp\/v2\/categories?post=21271"},{"taxonomy":"post_tag","embeddable":true,"href":"https:\/\/www.radiolibertadmundo.com\/web\/wp-json\/wp\/v2\/tags?post=21271"}],"curies":[{"name":"wp","href":"https:\/\/api.w.org\/{rel}","templated":true}]}}