{"id":21231,"date":"2023-05-29T21:11:30","date_gmt":"2023-05-29T21:11:30","guid":{"rendered":"http:\/\/www.radiolibertadmundo.com\/web\/?p=21231"},"modified":"2023-05-29T21:11:31","modified_gmt":"2023-05-29T21:11:31","slug":"emblematico-colegio-san-nicolas-de-huamachuco-tendra-nueva-infraestructura","status":"publish","type":"post","link":"https:\/\/www.radiolibertadmundo.com\/web\/emblematico-colegio-san-nicolas-de-huamachuco-tendra-nueva-infraestructura\/","title":{"rendered":"EMBLEM\u00c1TICO COLEGIO \u201cSAN NICOL\u00c1S\u201d DE HUAMACHUCO TENDR\u00c1 NUEVA INFRAESTRUCTURA"},"content":{"rendered":"\n<figure class=\"wp-block-gallery has-nested-images columns-default is-cropped wp-block-gallery-1 is-layout-flex wp-block-gallery-is-layout-flex\">\n<figure class=\"wp-block-image size-large\"><a href=\"http:\/\/www.radiolibertadmundo.com\/web\/wp-content\/uploads\/WhatsApp-Image-2023-05-28-at-5.51.24-PM.jpeg\"><img loading=\"lazy\" decoding=\"async\" width=\"1024\" height=\"684\" data-id=\"21234\" src=\"http:\/\/www.radiolibertadmundo.com\/web\/wp-content\/uploads\/WhatsApp-Image-2023-05-28-at-5.51.24-PM-1024x684.jpeg\" alt=\"\" class=\"wp-image-21234\" srcset=\"https:\/\/www.radiolibertadmundo.com\/web\/wp-content\/uploads\/WhatsApp-Image-2023-05-28-at-5.51.24-PM-1024x684.jpeg 1024w, https:\/\/www.radiolibertadmundo.com\/web\/wp-content\/uploads\/WhatsApp-Image-2023-05-28-at-5.51.24-PM-300x200.jpeg 300w, https:\/\/www.radiolibertadmundo.com\/web\/wp-content\/uploads\/WhatsApp-Image-2023-05-28-at-5.51.24-PM-768x513.jpeg 768w, https:\/\/www.radiolibertadmundo.com\/web\/wp-content\/uploads\/WhatsApp-Image-2023-05-28-at-5.51.24-PM-1536x1027.jpeg 1536w, https:\/\/www.radiolibertadmundo.com\/web\/wp-content\/uploads\/WhatsApp-Image-2023-05-28-at-5.51.24-PM.jpeg 1616w\" sizes=\"auto, (max-width: 1024px) 100vw, 1024px\" \/><\/a><\/figure>\n\n\n\n<figure class=\"wp-block-image size-large\"><a href=\"http:\/\/www.radiolibertadmundo.com\/web\/wp-content\/uploads\/WhatsApp-Image-2023-05-28-at-5.51.25-PM.jpeg\"><img loading=\"lazy\" decoding=\"async\" width=\"1024\" height=\"684\" data-id=\"21232\" src=\"http:\/\/www.radiolibertadmundo.com\/web\/wp-content\/uploads\/WhatsApp-Image-2023-05-28-at-5.51.25-PM-1024x684.jpeg\" alt=\"\" class=\"wp-image-21232\" srcset=\"https:\/\/www.radiolibertadmundo.com\/web\/wp-content\/uploads\/WhatsApp-Image-2023-05-28-at-5.51.25-PM-1024x684.jpeg 1024w, https:\/\/www.radiolibertadmundo.com\/web\/wp-content\/uploads\/WhatsApp-Image-2023-05-28-at-5.51.25-PM-300x200.jpeg 300w, https:\/\/www.radiolibertadmundo.com\/web\/wp-content\/uploads\/WhatsApp-Image-2023-05-28-at-5.51.25-PM-768x513.jpeg 768w, https:\/\/www.radiolibertadmundo.com\/web\/wp-content\/uploads\/WhatsApp-Image-2023-05-28-at-5.51.25-PM-1536x1027.jpeg 1536w, https:\/\/www.radiolibertadmundo.com\/web\/wp-content\/uploads\/WhatsApp-Image-2023-05-28-at-5.51.25-PM.jpeg 1616w\" sizes=\"auto, (max-width: 1024px) 100vw, 1024px\" \/><\/a><\/figure>\n\n\n\n<figure class=\"wp-block-image size-large\"><a href=\"http:\/\/www.radiolibertadmundo.com\/web\/wp-content\/uploads\/WhatsApp-Image-2023-05-28-at-5.51.26-PM-1.jpeg\"><img loading=\"lazy\" decoding=\"async\" width=\"1024\" height=\"684\" data-id=\"21235\" src=\"http:\/\/www.radiolibertadmundo.com\/web\/wp-content\/uploads\/WhatsApp-Image-2023-05-28-at-5.51.26-PM-1-1024x684.jpeg\" alt=\"\" class=\"wp-image-21235\" srcset=\"https:\/\/www.radiolibertadmundo.com\/web\/wp-content\/uploads\/WhatsApp-Image-2023-05-28-at-5.51.26-PM-1-1024x684.jpeg 1024w, https:\/\/www.radiolibertadmundo.com\/web\/wp-content\/uploads\/WhatsApp-Image-2023-05-28-at-5.51.26-PM-1-300x200.jpeg 300w, https:\/\/www.radiolibertadmundo.com\/web\/wp-content\/uploads\/WhatsApp-Image-2023-05-28-at-5.51.26-PM-1-768x513.jpeg 768w, https:\/\/www.radiolibertadmundo.com\/web\/wp-content\/uploads\/WhatsApp-Image-2023-05-28-at-5.51.26-PM-1-1536x1027.jpeg 1536w, https:\/\/www.radiolibertadmundo.com\/web\/wp-content\/uploads\/WhatsApp-Image-2023-05-28-at-5.51.26-PM-1.jpeg 1616w\" sizes=\"auto, (max-width: 1024px) 100vw, 1024px\" \/><\/a><\/figure>\n\n\n\n<figure class=\"wp-block-image size-large\"><a href=\"http:\/\/www.radiolibertadmundo.com\/web\/wp-content\/uploads\/WhatsApp-Image-2023-05-28-at-5.51.26-PM-2.jpeg\"><img loading=\"lazy\" decoding=\"async\" width=\"1024\" height=\"684\" data-id=\"21233\" src=\"http:\/\/www.radiolibertadmundo.com\/web\/wp-content\/uploads\/WhatsApp-Image-2023-05-28-at-5.51.26-PM-2-1024x684.jpeg\" alt=\"\" class=\"wp-image-21233\" srcset=\"https:\/\/www.radiolibertadmundo.com\/web\/wp-content\/uploads\/WhatsApp-Image-2023-05-28-at-5.51.26-PM-2-1024x684.jpeg 1024w, https:\/\/www.radiolibertadmundo.com\/web\/wp-content\/uploads\/WhatsApp-Image-2023-05-28-at-5.51.26-PM-2-300x200.jpeg 300w, https:\/\/www.radiolibertadmundo.com\/web\/wp-content\/uploads\/WhatsApp-Image-2023-05-28-at-5.51.26-PM-2-768x513.jpeg 768w, https:\/\/www.radiolibertadmundo.com\/web\/wp-content\/uploads\/WhatsApp-Image-2023-05-28-at-5.51.26-PM-2-1536x1027.jpeg 1536w, https:\/\/www.radiolibertadmundo.com\/web\/wp-content\/uploads\/WhatsApp-Image-2023-05-28-at-5.51.26-PM-2.jpeg 1616w\" sizes=\"auto, (max-width: 1024px) 100vw, 1024px\" \/><\/a><\/figure>\n\n\n\n<figure class=\"wp-block-image size-large\"><a href=\"http:\/\/www.radiolibertadmundo.com\/web\/wp-content\/uploads\/WhatsApp-Image-2023-05-28-at-5.51.26-PM.jpeg\"><img loading=\"lazy\" decoding=\"async\" width=\"1024\" height=\"684\" data-id=\"21236\" src=\"http:\/\/www.radiolibertadmundo.com\/web\/wp-content\/uploads\/WhatsApp-Image-2023-05-28-at-5.51.26-PM-1024x684.jpeg\" alt=\"\" class=\"wp-image-21236\" srcset=\"https:\/\/www.radiolibertadmundo.com\/web\/wp-content\/uploads\/WhatsApp-Image-2023-05-28-at-5.51.26-PM-1024x684.jpeg 1024w, https:\/\/www.radiolibertadmundo.com\/web\/wp-content\/uploads\/WhatsApp-Image-2023-05-28-at-5.51.26-PM-300x200.jpeg 300w, https:\/\/www.radiolibertadmundo.com\/web\/wp-content\/uploads\/WhatsApp-Image-2023-05-28-at-5.51.26-PM-768x513.jpeg 768w, https:\/\/www.radiolibertadmundo.com\/web\/wp-content\/uploads\/WhatsApp-Image-2023-05-28-at-5.51.26-PM-1536x1027.jpeg 1536w, https:\/\/www.radiolibertadmundo.com\/web\/wp-content\/uploads\/WhatsApp-Image-2023-05-28-at-5.51.26-PM.jpeg 1616w\" sizes=\"auto, (max-width: 1024px) 100vw, 1024px\" \/><\/a><\/figure>\n<\/figure>\n\n\n\n<p>El gobernador regional C\u00e9sar Acu\u00f1a, con motivo de la celebraci\u00f3n del 163 aniversario de la IE \u201cSan Nicol\u00e1s\u201d, anunci\u00f3 impulsar la construcci\u00f3n de su nueva infraestructura, pues la que ocupa es muy antigua, por lo que requiere de otra moderna que se adec\u00fae a las actuales exigencias de la educaci\u00f3n.<\/p>\n\n\n\n<p>Para el efecto, Acu\u00f1a anunci\u00f3 que el Gobierno Regional de La Libertad elaborar\u00e1 el respectivo expediente t\u00e9cnico, que estar\u00e1 listo para octubre pr\u00f3ximo.<\/p>\n\n\n\n<p>\u201cUna vez con el expediente t\u00e9cnico vamos a gestionar su financiamiento. Si el Gobierno nacional no otorga los recursos, el Gobierno Regional de La Libertad y la Municipalidad Provincial de S\u00e1nchez Carri\u00f3n haremos realidad la construcci\u00f3n de la nueva sede\u201d, declar\u00f3.<\/p>\n\n\n\n<p>La IE \u201cSan Nicol\u00e1s tiene una poblaci\u00f3n estudiantil de alrededor de 2 mil ni\u00f1os y j\u00f3venes de primaria y secundaria. En \u00e9l han estudiado ilustres personalidades, como C\u00e9sar Vallejo, que hizo su secundaria de 1905 al 1908, Abelardo Gamarra \u201cEl Tunante\u201d y N\u00e9stor Gasta\u00f1adu\u00ed.<\/p>\n\n\n\n<p>Fue el primer centro educativo creado en la provincia de Huamachuco (hoy Faustino S\u00e1nchez Carri\u00f3n). Lleva el nombre de \u201cSan Nicol\u00e1s\u201d, en honor a su fundador maestro, parlamentario y magistrado Nicol\u00e1s Rebaza Cueto, qui\u00e9n con acendrado amor a su tierra, convirti\u00f3 en realidad su iniciativa de crear un colegio nacional en la Ilustre y Fiel Ciudad de Huamachuco.<\/p>\n\n\n\n<p>Huamachuco es cuna del pr\u00f3cer de la independencia nacional Faustino S\u00e1nchez Carri\u00f3n, que luego gobern\u00f3 el pa\u00eds entre los a\u00f1os de 1823 y 1825, como miembro de la Junta de Gobierno que dej\u00f3 Bol\u00edvar tras su salida del Per\u00fa.<\/p>\n","protected":false},"excerpt":{"rendered":"<div class=\"mh-excerpt\"><p>El gobernador regional C\u00e9sar Acu\u00f1a, con motivo de la celebraci\u00f3n del 163 aniversario de la IE \u201cSan Nicol\u00e1s\u201d, anunci\u00f3 impulsar la construcci\u00f3n de su nueva <a class=\"mh-excerpt-more\" href=\"https:\/\/www.radiolibertadmundo.com\/web\/emblematico-colegio-san-nicolas-de-huamachuco-tendra-nueva-infraestructura\/\" title=\"EMBLEM\u00c1TICO COLEGIO \u201cSAN NICOL\u00c1S\u201d DE HUAMACHUCO TENDR\u00c1 NUEVA INFRAESTRUCTURA\">[&#8230;]<\/a><\/p>\n<\/div>","protected":false},"author":1,"featured_media":21234,"comment_status":"open","ping_status":"open","sticky":true,"template":"","format":"standard","meta":{"footnotes":""},"categories":[4],"tags":[],"class_list":["post-21231","post","type-post","status-publish","format-standard","has-post-thumbnail","hentry","category-local"],"_links":{"self":[{"href":"https:\/\/www.radiolibertadmundo.com\/web\/wp-json\/wp\/v2\/posts\/21231","targetHints":{"allow":["GET"]}}],"collection":[{"href":"https:\/\/www.radiolibertadmundo.com\/web\/wp-json\/wp\/v2\/posts"}],"about":[{"href":"https:\/\/www.radiolibertadmundo.com\/web\/wp-json\/wp\/v2\/types\/post"}],"author":[{"embeddable":true,"href":"https:\/\/www.radiolibertadmundo.com\/web\/wp-json\/wp\/v2\/users\/1"}],"replies":[{"embeddable":true,"href":"https:\/\/www.radiolibertadmundo.com\/web\/wp-json\/wp\/v2\/comments?post=21231"}],"version-history":[{"count":1,"href":"https:\/\/www.radiolibertadmundo.com\/web\/wp-json\/wp\/v2\/posts\/21231\/revisions"}],"predecessor-version":[{"id":21237,"href":"https:\/\/www.radiolibertadmundo.com\/web\/wp-json\/wp\/v2\/posts\/21231\/revisions\/21237"}],"wp:featuredmedia":[{"embeddable":true,"href":"https:\/\/www.radiolibertadmundo.com\/web\/wp-json\/wp\/v2\/media\/21234"}],"wp:attachment":[{"href":"https:\/\/www.radiolibertadmundo.com\/web\/wp-json\/wp\/v2\/media?parent=21231"}],"wp:term":[{"taxonomy":"category","embeddable":true,"href":"https:\/\/www.radiolibertadmundo.com\/web\/wp-json\/wp\/v2\/categories?post=21231"},{"taxonomy":"post_tag","embeddable":true,"href":"https:\/\/www.radiolibertadmundo.com\/web\/wp-json\/wp\/v2\/tags?post=21231"}],"curies":[{"name":"wp","href":"https:\/\/api.w.org\/{rel}","templated":true}]}}