{"id":21220,"date":"2023-05-29T20:54:45","date_gmt":"2023-05-29T20:54:45","guid":{"rendered":"http:\/\/www.radiolibertadmundo.com\/web\/?p=21220"},"modified":"2023-05-29T20:54:46","modified_gmt":"2023-05-29T20:54:46","slug":"amnistia-internacional-asegura-que-la-policia-peruana-utilizo-armas-letales-para-controlar-las-protestas-en-peru","status":"publish","type":"post","link":"https:\/\/www.radiolibertadmundo.com\/web\/amnistia-internacional-asegura-que-la-policia-peruana-utilizo-armas-letales-para-controlar-las-protestas-en-peru\/","title":{"rendered":"AMNIST\u00cdA INTERNACIONAL ASEGURA QUE LA POLIC\u00cdA PERUANA UTILIZ\u00d3 ARMAS LETALES PARA CONTROLAR LAS PROTESTAS EN PER\u00da"},"content":{"rendered":"\n<figure class=\"wp-block-gallery has-nested-images columns-default is-cropped wp-block-gallery-1 is-layout-flex wp-block-gallery-is-layout-flex\">\n<figure class=\"wp-block-image size-large\"><a href=\"http:\/\/www.radiolibertadmundo.com\/web\/wp-content\/uploads\/003.jpg\"><img loading=\"lazy\" decoding=\"async\" width=\"1024\" height=\"683\" data-id=\"21224\" src=\"http:\/\/www.radiolibertadmundo.com\/web\/wp-content\/uploads\/003-1024x683.jpg\" alt=\"\" class=\"wp-image-21224\" srcset=\"https:\/\/www.radiolibertadmundo.com\/web\/wp-content\/uploads\/003-1024x683.jpg 1024w, https:\/\/www.radiolibertadmundo.com\/web\/wp-content\/uploads\/003-300x200.jpg 300w, https:\/\/www.radiolibertadmundo.com\/web\/wp-content\/uploads\/003-768x512.jpg 768w, https:\/\/www.radiolibertadmundo.com\/web\/wp-content\/uploads\/003-1536x1024.jpg 1536w, https:\/\/www.radiolibertadmundo.com\/web\/wp-content\/uploads\/003.jpg 1920w\" sizes=\"auto, (max-width: 1024px) 100vw, 1024px\" \/><\/a><\/figure>\n\n\n\n<figure class=\"wp-block-image size-large\"><a href=\"http:\/\/www.radiolibertadmundo.com\/web\/wp-content\/uploads\/4A4PUVBXPNHFBG7YAS2A5NHOFU.jpg\"><img loading=\"lazy\" decoding=\"async\" width=\"1024\" height=\"682\" data-id=\"21223\" src=\"http:\/\/www.radiolibertadmundo.com\/web\/wp-content\/uploads\/4A4PUVBXPNHFBG7YAS2A5NHOFU-1024x682.jpg\" alt=\"\" class=\"wp-image-21223\" srcset=\"https:\/\/www.radiolibertadmundo.com\/web\/wp-content\/uploads\/4A4PUVBXPNHFBG7YAS2A5NHOFU-1024x682.jpg 1024w, https:\/\/www.radiolibertadmundo.com\/web\/wp-content\/uploads\/4A4PUVBXPNHFBG7YAS2A5NHOFU-300x200.jpg 300w, https:\/\/www.radiolibertadmundo.com\/web\/wp-content\/uploads\/4A4PUVBXPNHFBG7YAS2A5NHOFU-768x511.jpg 768w, https:\/\/www.radiolibertadmundo.com\/web\/wp-content\/uploads\/4A4PUVBXPNHFBG7YAS2A5NHOFU.jpg 1440w\" sizes=\"auto, (max-width: 1024px) 100vw, 1024px\" \/><\/a><\/figure>\n\n\n\n<figure class=\"wp-block-image size-large\"><a href=\"http:\/\/www.radiolibertadmundo.com\/web\/wp-content\/uploads\/images-8.jpg\"><img loading=\"lazy\" decoding=\"async\" width=\"225\" height=\"225\" data-id=\"21221\" src=\"http:\/\/www.radiolibertadmundo.com\/web\/wp-content\/uploads\/images-8.jpg\" alt=\"\" class=\"wp-image-21221\" srcset=\"https:\/\/www.radiolibertadmundo.com\/web\/wp-content\/uploads\/images-8.jpg 225w, https:\/\/www.radiolibertadmundo.com\/web\/wp-content\/uploads\/images-8-150x150.jpg 150w\" sizes=\"auto, (max-width: 225px) 100vw, 225px\" \/><\/a><\/figure>\n\n\n\n<figure class=\"wp-block-image size-large\"><a href=\"http:\/\/www.radiolibertadmundo.com\/web\/wp-content\/uploads\/VUDZXAMR45AWDH4D54X5UPIXJE.jpg\"><img loading=\"lazy\" decoding=\"async\" width=\"640\" height=\"376\" data-id=\"21222\" src=\"http:\/\/www.radiolibertadmundo.com\/web\/wp-content\/uploads\/VUDZXAMR45AWDH4D54X5UPIXJE.jpg\" alt=\"\" class=\"wp-image-21222\" srcset=\"https:\/\/www.radiolibertadmundo.com\/web\/wp-content\/uploads\/VUDZXAMR45AWDH4D54X5UPIXJE.jpg 640w, https:\/\/www.radiolibertadmundo.com\/web\/wp-content\/uploads\/VUDZXAMR45AWDH4D54X5UPIXJE-300x176.jpg 300w\" sizes=\"auto, (max-width: 640px) 100vw, 640px\" \/><\/a><\/figure>\n<\/figure>\n\n\n\n<p>Un informe se\u00f1ala que las fuerzas del orden emplearon munici\u00f3n prohibida que caus\u00f3 muertes durante las movilizaciones en contra del Gobierno de Boluarte y que las investigaciones penales en curso \u201ccarecen de rigor y eficacia\u201d.<\/p>\n\n\n\n<p>A un par de semanas de cumplir su primer semestre en Palacio, el Gobierno de Dina Boluarte contin\u00faa en jaque por un nuevo informe de una instituci\u00f3n de derechos humanos que escarba en la manera como encararon las protestas en su contra desde que asumieron el mando. Amnist\u00eda Internacional ha presentado este jueves otro documento valioso que ayuda a esclarecer la muerte de 49 civiles. Lleva por nombre Racismo letal. Ejecuciones extrajudiciales y uso ileg\u00edtimo de la fuerza por los cuerpos de seguridad de Per\u00fa, y documentan sucesos entre el 7 de diciembre de 2022 y el 9 de febrero de 2023. Su trabajo de campo se enfoc\u00f3 en las ciudades con mayor n\u00famero de heridos y fallecidos: Ayacucho (Ayacucho), Juliaca (Puno), Andahuaylas y Chincheros (Apur\u00edmac), y tambi\u00e9n Lima, la capital.<\/p>\n\n\n\n<p>Despu\u00e9s de analizar 92 piezas de informaci\u00f3n audiovisual, acceder a carpetas de la Fiscal\u00eda, escudri\u00f1ar en certificados m\u00e9dicos, necropsias, pericias forenses, y entrevistarse con familiares de las v\u00edctimas, funcionarios p\u00fablicos, entre ellos la presidenta Boluarte, representantes de organizaciones de la sociedad civil y periodistas, Amnist\u00eda Internacional asegura haber encontrado cinco hallazgos principales: En primer lugar, \u201cla Polic\u00eda Nacional del Per\u00fa y el Ej\u00e9rcito Peruano utilizaron la fuerza letal (balas) y armas prohibidas para tareas de control del orden p\u00fablico (perdigones) de manera ileg\u00edtima y la fuerza menos letal (gas lacrim\u00f3geno) de manera excesiva, desproporcionada y, en ocasiones, innecesaria\u201d. En segundo lugar, \u201clejos de tratarse de incidentes aislados de excesos policiales y militares individuales apuntar\u00eda a una respuesta estatal deliberada y coordinada\u201d. (elpa\u00eds.com)<\/p>\n","protected":false},"excerpt":{"rendered":"<div class=\"mh-excerpt\"><p>Un informe se\u00f1ala que las fuerzas del orden emplearon munici\u00f3n prohibida que caus\u00f3 muertes durante las movilizaciones en contra del Gobierno de Boluarte y que <a class=\"mh-excerpt-more\" href=\"https:\/\/www.radiolibertadmundo.com\/web\/amnistia-internacional-asegura-que-la-policia-peruana-utilizo-armas-letales-para-controlar-las-protestas-en-peru\/\" title=\"AMNIST\u00cdA INTERNACIONAL ASEGURA QUE LA POLIC\u00cdA PERUANA UTILIZ\u00d3 ARMAS LETALES PARA CONTROLAR LAS PROTESTAS EN PER\u00da\">[&#8230;]<\/a><\/p>\n<\/div>","protected":false},"author":1,"featured_media":21224,"comment_status":"open","ping_status":"open","sticky":true,"template":"","format":"standard","meta":{"footnotes":""},"categories":[5],"tags":[],"class_list":["post-21220","post","type-post","status-publish","format-standard","has-post-thumbnail","hentry","category-nacional"],"_links":{"self":[{"href":"https:\/\/www.radiolibertadmundo.com\/web\/wp-json\/wp\/v2\/posts\/21220","targetHints":{"allow":["GET"]}}],"collection":[{"href":"https:\/\/www.radiolibertadmundo.com\/web\/wp-json\/wp\/v2\/posts"}],"about":[{"href":"https:\/\/www.radiolibertadmundo.com\/web\/wp-json\/wp\/v2\/types\/post"}],"author":[{"embeddable":true,"href":"https:\/\/www.radiolibertadmundo.com\/web\/wp-json\/wp\/v2\/users\/1"}],"replies":[{"embeddable":true,"href":"https:\/\/www.radiolibertadmundo.com\/web\/wp-json\/wp\/v2\/comments?post=21220"}],"version-history":[{"count":1,"href":"https:\/\/www.radiolibertadmundo.com\/web\/wp-json\/wp\/v2\/posts\/21220\/revisions"}],"predecessor-version":[{"id":21225,"href":"https:\/\/www.radiolibertadmundo.com\/web\/wp-json\/wp\/v2\/posts\/21220\/revisions\/21225"}],"wp:featuredmedia":[{"embeddable":true,"href":"https:\/\/www.radiolibertadmundo.com\/web\/wp-json\/wp\/v2\/media\/21224"}],"wp:attachment":[{"href":"https:\/\/www.radiolibertadmundo.com\/web\/wp-json\/wp\/v2\/media?parent=21220"}],"wp:term":[{"taxonomy":"category","embeddable":true,"href":"https:\/\/www.radiolibertadmundo.com\/web\/wp-json\/wp\/v2\/categories?post=21220"},{"taxonomy":"post_tag","embeddable":true,"href":"https:\/\/www.radiolibertadmundo.com\/web\/wp-json\/wp\/v2\/tags?post=21220"}],"curies":[{"name":"wp","href":"https:\/\/api.w.org\/{rel}","templated":true}]}}