{"id":21203,"date":"2023-05-28T03:44:31","date_gmt":"2023-05-28T03:44:31","guid":{"rendered":"http:\/\/www.radiolibertadmundo.com\/web\/?p=21203"},"modified":"2023-05-28T03:44:32","modified_gmt":"2023-05-28T03:44:32","slug":"mpt-socorre-a-nina-en-situacion-de-abandono-y-con-sindrome-de-down","status":"publish","type":"post","link":"https:\/\/www.radiolibertadmundo.com\/web\/mpt-socorre-a-nina-en-situacion-de-abandono-y-con-sindrome-de-down\/","title":{"rendered":"MPT SOCORRE A NI\u00d1A EN SITUACI\u00d3N DE ABANDONO Y CON S\u00cdNDROME DE DOWN"},"content":{"rendered":"\n<figure class=\"wp-block-image size-large\"><a href=\"http:\/\/www.radiolibertadmundo.com\/web\/wp-content\/uploads\/20c24ec1-1b87-4d1b-9308-30b65b607156.jpg\"><img loading=\"lazy\" decoding=\"async\" width=\"1024\" height=\"768\" src=\"http:\/\/www.radiolibertadmundo.com\/web\/wp-content\/uploads\/20c24ec1-1b87-4d1b-9308-30b65b607156-1024x768.jpg\" alt=\"\" class=\"wp-image-21204\" srcset=\"https:\/\/www.radiolibertadmundo.com\/web\/wp-content\/uploads\/20c24ec1-1b87-4d1b-9308-30b65b607156-1024x768.jpg 1024w, https:\/\/www.radiolibertadmundo.com\/web\/wp-content\/uploads\/20c24ec1-1b87-4d1b-9308-30b65b607156-300x225.jpg 300w, https:\/\/www.radiolibertadmundo.com\/web\/wp-content\/uploads\/20c24ec1-1b87-4d1b-9308-30b65b607156-768x576.jpg 768w, https:\/\/www.radiolibertadmundo.com\/web\/wp-content\/uploads\/20c24ec1-1b87-4d1b-9308-30b65b607156-1536x1152.jpg 1536w, https:\/\/www.radiolibertadmundo.com\/web\/wp-content\/uploads\/20c24ec1-1b87-4d1b-9308-30b65b607156.jpg 1600w\" sizes=\"auto, (max-width: 1024px) 100vw, 1024px\" \/><\/a><\/figure>\n\n\n\n<p>Una ni\u00f1a de siete a\u00f1os, con s\u00edndrome de down, que vive en El Milagro, en presunto estado de abandono por parte de sus padres, fue llevada al Hospital Regional Docente de Trujillo para su atenci\u00f3n por problemas de salud, fue visitada y ser\u00e1 apoyada por personal de la Municipalidad Provincial de Trujillo (MPT).<\/p>\n\n\n\n<p>Marco Quintana, subgerente de Derechos Humanos de la comuna, indic\u00f3 que atendiendo una denuncia se\u00f1alando que la menor, que vive con su abuela, que es de bajos recursos econ\u00f3micos, estar\u00eda en situaci\u00f3n de abandono, por lo que junto al encargado de la Omaped y Demuna acudieron al nosocomio para verificar su estado.<\/p>\n\n\n\n<p>La ni\u00f1a tiene problemas respiratorios, pero ya est\u00e1 recibiendo el tratamiento del caso y se le han sacado an\u00e1lisis para ver si tiene alg\u00fan otro problema de salud o enfermedad, indic\u00f3 el funcionario edil.<\/p>\n\n\n\n<p>Vamos a regresar ma\u00f1ana (hoy viernes) llevando ropa y ayuda alimentaria humanitaria. Haremos una colecta para entregar v\u00edveres, como leche y otros alimentos que la menor necesite, precis\u00f3 el funcionario edil.<\/p>\n\n\n\n<p>La abuela, que est\u00e1 al cuidado de la menor, tiene un documento firmado por un abogado, donde le dan poderes para el cuidado de la menor.&nbsp; Al parecer, eso no es correcto, no tendr\u00eda validez, y le habr\u00edan cobrado 60 soles por el escrito.<\/p>\n\n\n\n<p>Seg\u00fan se averigu\u00f3, la mam\u00e1 abandon\u00f3 a la ni\u00f1a y el pap\u00e1 estar\u00eda purgando una pena en el penal de El Milagro, por lo que la menor est\u00e1 al cuidado de la abuela.<\/p>\n\n\n\n<p>En la Oficina Municipal de Atenci\u00f3n a las Personas con Discapacidad \u2013 Omaped, se han comprometido que una vez que la ni\u00f1a salga de alta del hospital ir\u00e1n a su domicilio para ofrecerle terapia f\u00edsica de rehabilitaci\u00f3n y con la Defensor\u00eda Municipal del Ni\u00f1os y el Adolescente \u2013 Demuna, se ver\u00e1 c\u00f3mo m\u00e1s de le puede ayudar.<\/p>\n\n\n\n<p>Apenas tomamos conocimiento del caso hemos ido al hospital para ver si las est\u00e1n atendiendo de manera adecuada averiguar y en qu\u00e9 forma se le puede apoyar. La ni\u00f1a tiene unas manchitas, que podr\u00edan ser hongos. Eso es lo que se busca descartar con los an\u00e1lisis que se le han hecho, a\u00f1adi\u00f3.<\/p>\n\n\n\n<p class=\"has-cyan-bluish-gray-background-color has-background\">Por otra parte, record\u00f3 que ante situaciones como estas ellos atienden denuncias en la subgerencia de Derechos Humanos, en la Mz \u201cR\u201d Lote 11 de urbanizaci\u00f3n Los Portales.<\/p>\n","protected":false},"excerpt":{"rendered":"<div class=\"mh-excerpt\"><p>Una ni\u00f1a de siete a\u00f1os, con s\u00edndrome de down, que vive en El Milagro, en presunto estado de abandono por parte de sus padres, fue <a class=\"mh-excerpt-more\" href=\"https:\/\/www.radiolibertadmundo.com\/web\/mpt-socorre-a-nina-en-situacion-de-abandono-y-con-sindrome-de-down\/\" title=\"MPT SOCORRE A NI\u00d1A EN SITUACI\u00d3N DE ABANDONO Y CON S\u00cdNDROME DE DOWN\">[&#8230;]<\/a><\/p>\n<\/div>","protected":false},"author":1,"featured_media":21204,"comment_status":"open","ping_status":"open","sticky":true,"template":"","format":"standard","meta":{"footnotes":""},"categories":[4],"tags":[],"class_list":["post-21203","post","type-post","status-publish","format-standard","has-post-thumbnail","hentry","category-local"],"_links":{"self":[{"href":"https:\/\/www.radiolibertadmundo.com\/web\/wp-json\/wp\/v2\/posts\/21203","targetHints":{"allow":["GET"]}}],"collection":[{"href":"https:\/\/www.radiolibertadmundo.com\/web\/wp-json\/wp\/v2\/posts"}],"about":[{"href":"https:\/\/www.radiolibertadmundo.com\/web\/wp-json\/wp\/v2\/types\/post"}],"author":[{"embeddable":true,"href":"https:\/\/www.radiolibertadmundo.com\/web\/wp-json\/wp\/v2\/users\/1"}],"replies":[{"embeddable":true,"href":"https:\/\/www.radiolibertadmundo.com\/web\/wp-json\/wp\/v2\/comments?post=21203"}],"version-history":[{"count":1,"href":"https:\/\/www.radiolibertadmundo.com\/web\/wp-json\/wp\/v2\/posts\/21203\/revisions"}],"predecessor-version":[{"id":21205,"href":"https:\/\/www.radiolibertadmundo.com\/web\/wp-json\/wp\/v2\/posts\/21203\/revisions\/21205"}],"wp:featuredmedia":[{"embeddable":true,"href":"https:\/\/www.radiolibertadmundo.com\/web\/wp-json\/wp\/v2\/media\/21204"}],"wp:attachment":[{"href":"https:\/\/www.radiolibertadmundo.com\/web\/wp-json\/wp\/v2\/media?parent=21203"}],"wp:term":[{"taxonomy":"category","embeddable":true,"href":"https:\/\/www.radiolibertadmundo.com\/web\/wp-json\/wp\/v2\/categories?post=21203"},{"taxonomy":"post_tag","embeddable":true,"href":"https:\/\/www.radiolibertadmundo.com\/web\/wp-json\/wp\/v2\/tags?post=21203"}],"curies":[{"name":"wp","href":"https:\/\/api.w.org\/{rel}","templated":true}]}}