{"id":21111,"date":"2021-12-20T06:43:19","date_gmt":"2021-12-20T06:43:19","guid":{"rendered":"http:\/\/www.radiolibertadmundo.com\/web\/?p=21111"},"modified":"2021-12-20T06:43:22","modified_gmt":"2021-12-20T06:43:22","slug":"aprueban-ley-que-fija-requisitos-para-nombramiento-de-ministros-y-personal-de-confianza","status":"publish","type":"post","link":"https:\/\/www.radiolibertadmundo.com\/web\/aprueban-ley-que-fija-requisitos-para-nombramiento-de-ministros-y-personal-de-confianza\/","title":{"rendered":"APRUEBAN LEY QUE FIJA REQUISITOS PARA  NOMBRAMIENTO DE MINISTROS Y PERSONAL DE CONFIANZA"},"content":{"rendered":"\n<figure class=\"wp-block-gallery columns-1 is-cropped wp-block-gallery-1 is-layout-flex wp-block-gallery-is-layout-flex\"><ul class=\"blocks-gallery-grid\"><li class=\"blocks-gallery-item\"><figure><a href=\"http:\/\/www.radiolibertadmundo.com\/web\/wp-content\/uploads\/la-voz-de-la-calle-radio-libertad.jpg\"><img loading=\"lazy\" decoding=\"async\" width=\"1024\" height=\"602\" src=\"http:\/\/www.radiolibertadmundo.com\/web\/wp-content\/uploads\/la-voz-de-la-calle-radio-libertad-1024x602.jpg\" alt=\"\" data-id=\"21112\" data-full-url=\"http:\/\/www.radiolibertadmundo.com\/web\/wp-content\/uploads\/la-voz-de-la-calle-radio-libertad.jpg\" data-link=\"http:\/\/www.radiolibertadmundo.com\/web\/?attachment_id=21112\" class=\"wp-image-21112\" srcset=\"https:\/\/www.radiolibertadmundo.com\/web\/wp-content\/uploads\/la-voz-de-la-calle-radio-libertad-1024x602.jpg 1024w, https:\/\/www.radiolibertadmundo.com\/web\/wp-content\/uploads\/la-voz-de-la-calle-radio-libertad-300x176.jpg 300w, https:\/\/www.radiolibertadmundo.com\/web\/wp-content\/uploads\/la-voz-de-la-calle-radio-libertad-768x452.jpg 768w, https:\/\/www.radiolibertadmundo.com\/web\/wp-content\/uploads\/la-voz-de-la-calle-radio-libertad.jpg 1250w\" sizes=\"auto, (max-width: 1024px) 100vw, 1024px\" \/><\/a><\/figure><\/li><\/ul><\/figure>\n\n\n\n<p>El Pleno del Congreso aprob\u00f3 una propuesta de ley para establecer requisitos m\u00ednimos para el acceso a la funci\u00f3n y servicio p\u00fablico de funcionarios p\u00fablicos de libre designaci\u00f3n y remoci\u00f3n, y personal de confianza.<\/p>\n\n\n\n<p>Al respecto, la titular de la Comisi\u00f3n de Descentralizaci\u00f3n Norma Yarrow Lumbreras (RP), sustent\u00f3 el dictamen de los proyectos de ley 5, 37, 48, 51 y 55 que propone incorporar los art\u00edculos 15-A y 26-A en la Ley 29158 (Ley Org\u00e1nica del Poder Ejecutivo), acerca del nombramiento de ministros de Estado y viceministros.<\/p>\n\n\n\n<p>Se dio a conocer que la iniciativa fija un marco regulatorio para el proceso de designaci\u00f3n de autoridades respetando las atribuciones asignadas al Poder Ejecutivo, y ponderando principios jur\u00eddicos para este caso. As\u00ed, se establece procedimientos para la designaci\u00f3n de ministros de Estado, que incluye una serie de nuevos requisitos como tal, as\u00ed como para la designaci\u00f3n de viceministros de Estado.<\/p>\n\n\n\n<p>Seguidamente, la congresista Adriana Tudela Guti\u00e9rrez (Avanza Pa\u00eds), sustent\u00f3 el dictamen en mayor\u00eda de la Comisi\u00f3n de Constituci\u00f3n que tambi\u00e9n propone la modificaci\u00f3n de la Ley Org\u00e1nica del Poder Ejecutivo para el nombramiento de los ministros de Estado, con la finalidad de incorporar a personas id\u00f3neas en esos cargos de alta responsabilidad p\u00fablica.<\/p>\n\n\n\n<p>\u00abSe propone establecer nuevos criterios en la calidad e idoneidad y trayectoria democr\u00e1tica en la elecci\u00f3n de ministros de Estado, as\u00ed como diversos requisitos que deber\u00e1n ser incluidos para este caso. Se est\u00e1 sistematizando la normativa dispersa al respecto y que est\u00e1n establecidas para este caso. Queremos asegurar de quienes tienen los cargos m\u00e1s altos de la Naci\u00f3n lo hagan lo mejor posible, para no hacer da\u00f1o al Estado, y reducir el uso de confianza\u00bb, consider\u00f3 la legisladora Adriana Tudela.<\/p>\n\n\n\n<p>Luego de ambas exposiciones, la congresista Yessica Amuruz Dulanto (Avanza Pa\u00eds), se\u00f1al\u00f3 la importancia de la aprobaci\u00f3n de la presente ley para que el pa\u00eds tenga funcionarios id\u00f3neos y de calidad para ejecutar los proyectos de ley que son aprobados en el Congreso. Su colega V\u00edctor Flores Ruiz (FP), dio a conocer su acuerdo con la propuesta.<\/p>\n\n\n\n<p>La parlamentaria Silvana Robles Araujo (PL), dio a conocer su disconformidad con el proyecto en menci\u00f3n mientras que su colega Isabel Cortez Aguirre (JP), plante\u00f3 que tambi\u00e9n se deber\u00eda aplicar las mismas normas y requisitos para los congresistas actuales. \u201cSi se exige esto al Poder Ejecutivo, de repente muchos congresistas no estar\u00edamos en este hemiciclo\u201d, consider\u00f3.<\/p>\n\n\n\n<p>El legislador Germ\u00e1n Tacuri Valdivia (PL), tambi\u00e9n se pronunci\u00f3 en contra de la proposici\u00f3n y su colega Diego Baz\u00e1n Calder\u00f3n (RP), se\u00f1al\u00f3 que se deben establecer nuevos mecanismos para el nombramiento de funcionarios que est\u00e1n investigados y procesados en delitos de terrorismo y narcotr\u00e1fico, entre otros aspectos.<\/p>\n\n\n\n<p>H\u00e9ctor Valer solicit\u00f3 una cuesti\u00f3n previa para que el proyecto en menci\u00f3n regrese a la Comisi\u00f3n de Constituci\u00f3n para su revisi\u00f3n y mejor estudio. Asimismo, el legislador Edward M\u00e1laga Trillo (PM), plante\u00f3 una cuesti\u00f3n previa para que se voten por separado algunos art\u00edculos del proyecto en menci\u00f3n.<\/p>\n\n\n\n<p>Al t\u00e9rmino de las intervenciones, se dio lectura a un texto sustitutorio consensuado en ambas comisiones dictaminadoras y que fue aprobado con 73 votos a favor, 28 en contra y tres abstenciones. Luego de la votaci\u00f3n la Mesa Directiva se\u00f1al\u00f3 los alcances del art\u00edculo 78 del Reglamento del Congreso para la segunda votaci\u00f3n.<\/p>\n","protected":false},"excerpt":{"rendered":"<div class=\"mh-excerpt\"><p>El Pleno del Congreso aprob\u00f3 una propuesta de ley para establecer requisitos m\u00ednimos para el acceso a la funci\u00f3n y servicio p\u00fablico de funcionarios p\u00fablicos <a class=\"mh-excerpt-more\" href=\"https:\/\/www.radiolibertadmundo.com\/web\/aprueban-ley-que-fija-requisitos-para-nombramiento-de-ministros-y-personal-de-confianza\/\" title=\"APRUEBAN LEY QUE FIJA REQUISITOS PARA  NOMBRAMIENTO DE MINISTROS Y PERSONAL DE CONFIANZA\">[&#8230;]<\/a><\/p>\n<\/div>","protected":false},"author":1,"featured_media":21112,"comment_status":"open","ping_status":"open","sticky":true,"template":"","format":"gallery","meta":{"footnotes":""},"categories":[3],"tags":[],"class_list":["post-21111","post","type-post","status-publish","format-gallery","has-post-thumbnail","hentry","category-noticias","post_format-post-format-gallery"],"_links":{"self":[{"href":"https:\/\/www.radiolibertadmundo.com\/web\/wp-json\/wp\/v2\/posts\/21111","targetHints":{"allow":["GET"]}}],"collection":[{"href":"https:\/\/www.radiolibertadmundo.com\/web\/wp-json\/wp\/v2\/posts"}],"about":[{"href":"https:\/\/www.radiolibertadmundo.com\/web\/wp-json\/wp\/v2\/types\/post"}],"author":[{"embeddable":true,"href":"https:\/\/www.radiolibertadmundo.com\/web\/wp-json\/wp\/v2\/users\/1"}],"replies":[{"embeddable":true,"href":"https:\/\/www.radiolibertadmundo.com\/web\/wp-json\/wp\/v2\/comments?post=21111"}],"version-history":[{"count":1,"href":"https:\/\/www.radiolibertadmundo.com\/web\/wp-json\/wp\/v2\/posts\/21111\/revisions"}],"predecessor-version":[{"id":21113,"href":"https:\/\/www.radiolibertadmundo.com\/web\/wp-json\/wp\/v2\/posts\/21111\/revisions\/21113"}],"wp:featuredmedia":[{"embeddable":true,"href":"https:\/\/www.radiolibertadmundo.com\/web\/wp-json\/wp\/v2\/media\/21112"}],"wp:attachment":[{"href":"https:\/\/www.radiolibertadmundo.com\/web\/wp-json\/wp\/v2\/media?parent=21111"}],"wp:term":[{"taxonomy":"category","embeddable":true,"href":"https:\/\/www.radiolibertadmundo.com\/web\/wp-json\/wp\/v2\/categories?post=21111"},{"taxonomy":"post_tag","embeddable":true,"href":"https:\/\/www.radiolibertadmundo.com\/web\/wp-json\/wp\/v2\/tags?post=21111"}],"curies":[{"name":"wp","href":"https:\/\/api.w.org\/{rel}","templated":true}]}}