{"id":21063,"date":"2021-11-19T04:53:10","date_gmt":"2021-11-19T04:53:10","guid":{"rendered":"http:\/\/www.radiolibertadmundo.com\/web\/?p=21063"},"modified":"2021-11-19T06:28:59","modified_gmt":"2021-11-19T06:28:59","slug":"gobierno-trabaja-con-alcaldes-para-garantizar-un-retorno-seguro-a-clases-presenciales","status":"publish","type":"post","link":"https:\/\/www.radiolibertadmundo.com\/web\/gobierno-trabaja-con-alcaldes-para-garantizar-un-retorno-seguro-a-clases-presenciales\/","title":{"rendered":"GOBIERNO TRABAJA CON ALCALDES PARA GARANTIZAR UN RETORNO SEGURO A CLASES PRESENCIALES"},"content":{"rendered":"\r\n<figure class=\"wp-block-gallery columns-1 is-cropped wp-block-gallery-1 is-layout-flex wp-block-gallery-is-layout-flex\">\r\n<ul class=\"blocks-gallery-grid\">\r\n<li class=\"blocks-gallery-item\">\r\n<figure><a href=\"http:\/\/www.radiolibertadmundo.com\/web\/wp-content\/uploads\/000825023W.jpg\"><img loading=\"lazy\" decoding=\"async\" width=\"1024\" height=\"683\" class=\"wp-image-21064\" src=\"http:\/\/www.radiolibertadmundo.com\/web\/wp-content\/uploads\/000825023W-1024x683.jpg\" alt=\"\" data-id=\"21064\" data-full-url=\"http:\/\/www.radiolibertadmundo.com\/web\/wp-content\/uploads\/000825023W.jpg\" data-link=\"http:\/\/www.radiolibertadmundo.com\/web\/?attachment_id=21064\" srcset=\"https:\/\/www.radiolibertadmundo.com\/web\/wp-content\/uploads\/000825023W-1024x683.jpg 1024w, https:\/\/www.radiolibertadmundo.com\/web\/wp-content\/uploads\/000825023W-300x200.jpg 300w, https:\/\/www.radiolibertadmundo.com\/web\/wp-content\/uploads\/000825023W-768x512.jpg 768w, https:\/\/www.radiolibertadmundo.com\/web\/wp-content\/uploads\/000825023W.jpg 1800w\" sizes=\"auto, (max-width: 1024px) 100vw, 1024px\" \/><\/a><\/figure>\r\n<\/li>\r\n<\/ul>\r\n<\/figure>\r\n\r\n\r\n\r\n<p>El presidente de la Rep\u00fablica, Pedro Castillo, convoc\u00f3 a los alcaldes del pa\u00eds a trabajar juntos para garantizar un retorno seguro a las clases presenciales en marzo del 2022.<\/p>\r\n\r\n\r\n\r\n<p>\u201cEn marzo del pr\u00f3ximo a\u00f1o vamos a garantizar, conjuntamente con ustedes, la presencialidad escolar al cien por ciento, para ello llevaremos agua a las escuelas del pa\u00eds a trav\u00e9s de proyectos de saneamiento en todos los centros poblados\u201d, enfatiz\u00f3.<\/p>\r\n\r\n\r\n\r\n<p>Durante su participaci\u00f3n en el \u2018Encuentro del Ejecutivo con alcaldes de municipalidades rurales y urbanas trabajando por el desarrollo local\u2019, el Mandatario afirm\u00f3 que apoyar\u00e1 a los burgomaestres en el objetivo de atender las principales necesidades de sus pueblos.<\/p>\r\n\r\n\r\n\r\n<p>\u201cCueste lo que cueste tenemos que hacer cumplir el sue\u00f1o de sus pueblos, que es el acceso al agua potable, luz, desag\u00fce y gas. Conozco el gran esfuerzo que hacen ustedes por venir a la capital y les digo que su visita no ser\u00e1 en vano\u201d, manifest\u00f3.<\/p>\r\n\r\n\r\n\r\n<p>El Jefe de Estado, adelant\u00f3 que el Poder Ejecutivo presentar\u00e1 al Congreso de la Rep\u00fablica un proyecto de ley para ejecutar una \u201cverdadera reforma del Estado\u201d la misma que fortalecer\u00e1 la descentralizaci\u00f3n del pa\u00eds.<\/p>\r\n\r\n\r\n\r\n<p>Tambi\u00e9n lea: Jefe de Estado: presentaremos proyecto de ley para lograr la verdadera reforma del Estado<\/p>\r\n\r\n\r\n\r\n<p>\u201cTenemos que acabar con estas trabas burocr\u00e1ticas para ya no estar meciendo a los alcaldes y gobernadores. Esperemos que el Legislativo nos apoye con algunas normas que atan las manos a los alcaldes e impiden que el presupuesto llegue directamente a las municipalidades\u201d, apunt\u00f3.<\/p>\r\n\r\n\r\n\r\n<p>En esa misma l\u00ednea, se\u00f1al\u00f3 que la pr\u00f3xima semana se debatir\u00e1 en el Parlamento el proyecto de Ley de Presupuesto del a\u00f1o fiscal 2022, el mismo que priorizar\u00e1 las obras demandadas por los alcaldes del pa\u00eds y su respectiva poblaci\u00f3n.<\/p>\r\n\r\n\r\n\r\n<p>\u201cLa propuesta de presupuesto del Ejecutivo agend\u00f3 lo que ustedes est\u00e1n pidiendo; agua, escuelas y postas m\u00e9dicas y les vamos a dar los recursos necesarios\u201d, apunt\u00f3.<\/p>\r\n\r\n\r\n\r\n<p>Asimismo, el Presidente salud\u00f3 la madurez de algunos congresistas de la Rep\u00fablica por preocuparse por los intereses del pa\u00eds y exhort\u00f3 a otro sector de parlamentarios a dejar de pensar en temas alejados de lo que necesitan los peruanos.<\/p>\r\n\r\n\r\n\r\n<p>\u201cNo creo que alg\u00fan pueblo del pa\u00eds los haya elegido para estos pedidos. Es necesario que ustedes conversen con los congresistas para informarles las necesidades de cada pueblo\u201d, remarc\u00f3.<\/p>\r\n\r\n\r\n\r\n<p>&nbsp;<\/p>\r\n\r\n\r\n\r\n<p><em><strong>Fuente: Andina<\/strong><\/em><\/p>\r\n","protected":false},"excerpt":{"rendered":"<div class=\"mh-excerpt\"><p>El presidente de la Rep\u00fablica, Pedro Castillo, convoc\u00f3 a los alcaldes del pa\u00eds a trabajar juntos para garantizar un retorno seguro a las clases presenciales <a class=\"mh-excerpt-more\" href=\"https:\/\/www.radiolibertadmundo.com\/web\/gobierno-trabaja-con-alcaldes-para-garantizar-un-retorno-seguro-a-clases-presenciales\/\" title=\"GOBIERNO TRABAJA CON ALCALDES PARA GARANTIZAR UN RETORNO SEGURO A CLASES PRESENCIALES\">[&#8230;]<\/a><\/p>\n<\/div>","protected":false},"author":1,"featured_media":21064,"comment_status":"open","ping_status":"open","sticky":true,"template":"","format":"gallery","meta":{"footnotes":""},"categories":[3],"tags":[],"class_list":["post-21063","post","type-post","status-publish","format-gallery","has-post-thumbnail","hentry","category-noticias","post_format-post-format-gallery"],"_links":{"self":[{"href":"https:\/\/www.radiolibertadmundo.com\/web\/wp-json\/wp\/v2\/posts\/21063","targetHints":{"allow":["GET"]}}],"collection":[{"href":"https:\/\/www.radiolibertadmundo.com\/web\/wp-json\/wp\/v2\/posts"}],"about":[{"href":"https:\/\/www.radiolibertadmundo.com\/web\/wp-json\/wp\/v2\/types\/post"}],"author":[{"embeddable":true,"href":"https:\/\/www.radiolibertadmundo.com\/web\/wp-json\/wp\/v2\/users\/1"}],"replies":[{"embeddable":true,"href":"https:\/\/www.radiolibertadmundo.com\/web\/wp-json\/wp\/v2\/comments?post=21063"}],"version-history":[{"count":2,"href":"https:\/\/www.radiolibertadmundo.com\/web\/wp-json\/wp\/v2\/posts\/21063\/revisions"}],"predecessor-version":[{"id":21094,"href":"https:\/\/www.radiolibertadmundo.com\/web\/wp-json\/wp\/v2\/posts\/21063\/revisions\/21094"}],"wp:featuredmedia":[{"embeddable":true,"href":"https:\/\/www.radiolibertadmundo.com\/web\/wp-json\/wp\/v2\/media\/21064"}],"wp:attachment":[{"href":"https:\/\/www.radiolibertadmundo.com\/web\/wp-json\/wp\/v2\/media?parent=21063"}],"wp:term":[{"taxonomy":"category","embeddable":true,"href":"https:\/\/www.radiolibertadmundo.com\/web\/wp-json\/wp\/v2\/categories?post=21063"},{"taxonomy":"post_tag","embeddable":true,"href":"https:\/\/www.radiolibertadmundo.com\/web\/wp-json\/wp\/v2\/tags?post=21063"}],"curies":[{"name":"wp","href":"https:\/\/api.w.org\/{rel}","templated":true}]}}