{"id":21023,"date":"2021-11-15T15:29:18","date_gmt":"2021-11-15T15:29:18","guid":{"rendered":"http:\/\/www.radiolibertadmundo.com\/web\/?p=21023"},"modified":"2021-11-15T15:29:20","modified_gmt":"2021-11-15T15:29:20","slug":"covid-19-viru-entra-a-nivel-alto-y-habra-toque-de-queda","status":"publish","type":"post","link":"https:\/\/www.radiolibertadmundo.com\/web\/covid-19-viru-entra-a-nivel-alto-y-habra-toque-de-queda\/","title":{"rendered":"COVID 19: VIR\u00da ENTRA A NIVEL ALTO Y HABR\u00c1 TOQUE DE QUEDA"},"content":{"rendered":"\n<div class=\"wp-block-group\"><div class=\"wp-block-group__inner-container is-layout-flow wp-block-group-is-layout-flow\">\n<figure class=\"wp-block-gallery columns-2 is-cropped wp-block-gallery-1 is-layout-flex wp-block-gallery-is-layout-flex\"><ul class=\"blocks-gallery-grid\"><li class=\"blocks-gallery-item\"><figure><a href=\"http:\/\/www.radiolibertadmundo.com\/web\/wp-content\/uploads\/plaza-de-armas-de-viru-radio-libertad-mundo-la-voz-de-la-calle-covid-19.jpg\"><img loading=\"lazy\" decoding=\"async\" width=\"1024\" height=\"599\" src=\"http:\/\/www.radiolibertadmundo.com\/web\/wp-content\/uploads\/plaza-de-armas-de-viru-radio-libertad-mundo-la-voz-de-la-calle-covid-19-1024x599.jpg\" alt=\"\" data-id=\"21024\" data-full-url=\"http:\/\/www.radiolibertadmundo.com\/web\/wp-content\/uploads\/plaza-de-armas-de-viru-radio-libertad-mundo-la-voz-de-la-calle-covid-19.jpg\" data-link=\"http:\/\/www.radiolibertadmundo.com\/web\/?attachment_id=21024\" class=\"wp-image-21024\" srcset=\"https:\/\/www.radiolibertadmundo.com\/web\/wp-content\/uploads\/plaza-de-armas-de-viru-radio-libertad-mundo-la-voz-de-la-calle-covid-19-1024x599.jpg 1024w, https:\/\/www.radiolibertadmundo.com\/web\/wp-content\/uploads\/plaza-de-armas-de-viru-radio-libertad-mundo-la-voz-de-la-calle-covid-19-300x176.jpg 300w, https:\/\/www.radiolibertadmundo.com\/web\/wp-content\/uploads\/plaza-de-armas-de-viru-radio-libertad-mundo-la-voz-de-la-calle-covid-19-768x449.jpg 768w, https:\/\/www.radiolibertadmundo.com\/web\/wp-content\/uploads\/plaza-de-armas-de-viru-radio-libertad-mundo-la-voz-de-la-calle-covid-19.jpg 1200w\" sizes=\"auto, (max-width: 1024px) 100vw, 1024px\" \/><\/a><\/figure><\/li><li class=\"blocks-gallery-item\"><figure><a href=\"http:\/\/www.radiolibertadmundo.com\/web\/wp-content\/uploads\/viru-covid-nivel-alto-la-voz-de-la-calle.jpeg\"><img loading=\"lazy\" decoding=\"async\" width=\"1024\" height=\"946\" src=\"http:\/\/www.radiolibertadmundo.com\/web\/wp-content\/uploads\/viru-covid-nivel-alto-la-voz-de-la-calle-1024x946.jpeg\" alt=\"\" data-id=\"21025\" data-full-url=\"http:\/\/www.radiolibertadmundo.com\/web\/wp-content\/uploads\/viru-covid-nivel-alto-la-voz-de-la-calle.jpeg\" data-link=\"http:\/\/www.radiolibertadmundo.com\/web\/?attachment_id=21025\" class=\"wp-image-21025\" srcset=\"https:\/\/www.radiolibertadmundo.com\/web\/wp-content\/uploads\/viru-covid-nivel-alto-la-voz-de-la-calle-1024x946.jpeg 1024w, https:\/\/www.radiolibertadmundo.com\/web\/wp-content\/uploads\/viru-covid-nivel-alto-la-voz-de-la-calle-300x277.jpeg 300w, https:\/\/www.radiolibertadmundo.com\/web\/wp-content\/uploads\/viru-covid-nivel-alto-la-voz-de-la-calle-768x709.jpeg 768w, https:\/\/www.radiolibertadmundo.com\/web\/wp-content\/uploads\/viru-covid-nivel-alto-la-voz-de-la-calle.jpeg 1280w\" sizes=\"auto, (max-width: 1024px) 100vw, 1024px\" \/><\/a><\/figure><\/li><\/ul><\/figure>\n<\/div><\/div>\n\n\n\n<p>El Gobierno ampli\u00f3 las nuevas medidas sanitarias vigentes con el fin de mitigar el avance del COVID-19 en el pa\u00eds y ante una posible aparici\u00f3n de una tercera ola. Tras una evaluaci\u00f3n de la situaci\u00f3n sanitaria, se dispuso que siete provincias retornen al nivel de alerta alto, mientras las restantes contin\u00faen siendo clasificadas en nivel de alerta moderado.<\/p>\n\n\n\n<p>De acuerdo con el Decreto Supremo N\u00b0 168-2021-PCM publicado hoy en el diario El Peruano, las provincias de Vir\u00fa, Huaura, Mariscal Nieto, Morrop\u00f3n, Sullana, Moyobamba y Chincha permanecer\u00e1n en el nivel de alerta alto hasta el domingo 28 de noviembre.<\/p>\n\n\n\n<p>En esa l\u00ednea, el horario de inmovilizaci\u00f3n social en dichas provincias -que se encuentran en nivel de alerta alto-<strong>&nbsp;comenzar\u00e1 desde este lunes 15 de noviembre a las 11 p.m. hasta las 4 a.m. del d\u00eda siguiente.<\/strong><\/p>\n\n\n\n<p><strong>AFORO EN NIVEL ALTO<\/strong><strong><\/strong><\/p>\n\n\n\n<p><strong>Actividades en espacios cerrados:<\/strong><\/p>\n\n\n\n<p>Centros comerciales, galer\u00edas comerciales, tiendas por departamento, tiendas en general y conglomerados:40%<\/p>\n\n\n\n<p>Tiendas de abastecimiento de productos de primera necesidad, supermercados, mercados, bodegas y farmacias: 50%<\/p>\n\n\n\n<p>Restaurantes y afines en zonas internas: 50%<\/p>\n\n\n\n<p>Casinos y tragamonedas: 40%<\/p>\n\n\n\n<p>Cines y artes esc\u00e9nicas: 40%<\/p>\n\n\n\n<p>Bancos y otras entidades financieras: 60%<\/p>\n\n\n\n<p>Templos y lugares de culto: 40%<\/p>\n\n\n\n<p>Bibliotecas, museos, centros culturales y galer\u00edas de arte: 50%<\/p>\n\n\n\n<p>Actividades de clubes y asociaciones deportivas (deportes con contacto): 50%<\/p>\n\n\n\n<p>Actividades de clubes y asociaciones deportivas (deportes sin contacto): 50%<\/p>\n\n\n\n<p>Eventos empresariales y profesionales: 50%<\/p>\n\n\n\n<p>Peluquer\u00eda y Barberia: 50%<\/p>\n\n\n\n<p>Spa, Ba\u00f1os turcos, sauna, ba\u00f1os termales: 40%<\/p>\n\n\n\n<p>Coliseos: 0%<\/p>\n\n\n\n<p>Gimnasios: 40%<\/p>\n\n\n\n<p><strong>Actividades en espacios abiertos (respetando aforo y protocolos, previa autorizaci\u00f3n de los gobiernos locales en el marco de sus competencias):<\/strong><\/p>\n\n\n\n<p>Artes esc\u00e9nicas<\/p>\n\n\n\n<p>Ense\u00f1anza cultural<\/p>\n\n\n\n<p>Restaurantes y afines en zonas al aire libre<\/p>\n\n\n\n<p>\u00c1reas naturales protegidas, jardines bot\u00e1nicos, monumentos o \u00e1reas arqueol\u00f3gicas, museos al aire libre y zool\u00f3gicos<\/p>\n\n\n\n<p>Ba\u00f1os termales al aire libre<\/p>\n\n\n\n<p>Actividades de clubes y asociaciones deportivas al aire libre<\/p>\n\n\n\n<p>Eventos empresariales y profesionales al aire libre<\/p>\n\n\n\n<p>Mercados itinerantes<\/p>\n\n\n\n<p>Estadios deportivos: 0%<\/p>\n\n\n\n<p><strong><em>Fuente: El Comercio<\/em><\/strong><\/p>\n","protected":false},"excerpt":{"rendered":"<div class=\"mh-excerpt\"><p>El Gobierno ampli\u00f3 las nuevas medidas sanitarias vigentes con el fin de mitigar el avance del COVID-19 en el pa\u00eds y ante una posible aparici\u00f3n <a class=\"mh-excerpt-more\" href=\"https:\/\/www.radiolibertadmundo.com\/web\/covid-19-viru-entra-a-nivel-alto-y-habra-toque-de-queda\/\" title=\"COVID 19: VIR\u00da ENTRA A NIVEL ALTO Y HABR\u00c1 TOQUE DE QUEDA\">[&#8230;]<\/a><\/p>\n<\/div>","protected":false},"author":1,"featured_media":21024,"comment_status":"open","ping_status":"open","sticky":true,"template":"","format":"gallery","meta":{"footnotes":""},"categories":[3],"tags":[],"class_list":["post-21023","post","type-post","status-publish","format-gallery","has-post-thumbnail","hentry","category-noticias","post_format-post-format-gallery"],"_links":{"self":[{"href":"https:\/\/www.radiolibertadmundo.com\/web\/wp-json\/wp\/v2\/posts\/21023","targetHints":{"allow":["GET"]}}],"collection":[{"href":"https:\/\/www.radiolibertadmundo.com\/web\/wp-json\/wp\/v2\/posts"}],"about":[{"href":"https:\/\/www.radiolibertadmundo.com\/web\/wp-json\/wp\/v2\/types\/post"}],"author":[{"embeddable":true,"href":"https:\/\/www.radiolibertadmundo.com\/web\/wp-json\/wp\/v2\/users\/1"}],"replies":[{"embeddable":true,"href":"https:\/\/www.radiolibertadmundo.com\/web\/wp-json\/wp\/v2\/comments?post=21023"}],"version-history":[{"count":1,"href":"https:\/\/www.radiolibertadmundo.com\/web\/wp-json\/wp\/v2\/posts\/21023\/revisions"}],"predecessor-version":[{"id":21026,"href":"https:\/\/www.radiolibertadmundo.com\/web\/wp-json\/wp\/v2\/posts\/21023\/revisions\/21026"}],"wp:featuredmedia":[{"embeddable":true,"href":"https:\/\/www.radiolibertadmundo.com\/web\/wp-json\/wp\/v2\/media\/21024"}],"wp:attachment":[{"href":"https:\/\/www.radiolibertadmundo.com\/web\/wp-json\/wp\/v2\/media?parent=21023"}],"wp:term":[{"taxonomy":"category","embeddable":true,"href":"https:\/\/www.radiolibertadmundo.com\/web\/wp-json\/wp\/v2\/categories?post=21023"},{"taxonomy":"post_tag","embeddable":true,"href":"https:\/\/www.radiolibertadmundo.com\/web\/wp-json\/wp\/v2\/tags?post=21023"}],"curies":[{"name":"wp","href":"https:\/\/api.w.org\/{rel}","templated":true}]}}