{"id":20986,"date":"2021-11-12T16:15:30","date_gmt":"2021-11-12T16:15:30","guid":{"rendered":"http:\/\/www.radiolibertadmundo.com\/web\/?p=20986"},"modified":"2021-11-12T16:15:32","modified_gmt":"2021-11-12T16:15:32","slug":"presidente-castillo-propone-produccion-de-vacunas","status":"publish","type":"post","link":"https:\/\/www.radiolibertadmundo.com\/web\/presidente-castillo-propone-produccion-de-vacunas\/","title":{"rendered":"PRESIDENTE CASTILLO PROPONE PRODUCCI\u00d3N DE VACUNAS"},"content":{"rendered":"\n<figure class=\"wp-block-image size-large\"><a href=\"http:\/\/www.radiolibertadmundo.com\/web\/wp-content\/uploads\/la-voz-de-la-calle-radio-libertad-mundo-1.jpg\"><img loading=\"lazy\" decoding=\"async\" width=\"1024\" height=\"683\" src=\"http:\/\/www.radiolibertadmundo.com\/web\/wp-content\/uploads\/la-voz-de-la-calle-radio-libertad-mundo-1-1024x683.jpg\" alt=\"\" class=\"wp-image-20987\" srcset=\"https:\/\/www.radiolibertadmundo.com\/web\/wp-content\/uploads\/la-voz-de-la-calle-radio-libertad-mundo-1-1024x683.jpg 1024w, https:\/\/www.radiolibertadmundo.com\/web\/wp-content\/uploads\/la-voz-de-la-calle-radio-libertad-mundo-1-300x200.jpg 300w, https:\/\/www.radiolibertadmundo.com\/web\/wp-content\/uploads\/la-voz-de-la-calle-radio-libertad-mundo-1-768x512.jpg 768w, https:\/\/www.radiolibertadmundo.com\/web\/wp-content\/uploads\/la-voz-de-la-calle-radio-libertad-mundo-1.jpg 1800w\" sizes=\"auto, (max-width: 1024px) 100vw, 1024px\" \/><\/a><\/figure>\n\n\n\n<p>El presidente Pedro Castillo particip\u00f3, de manera virtual, en la cumbre de l\u00edderes del Foro de Cooperaci\u00f3n Econ\u00f3mica Asia Pac\u00edfico (APEC), donde propuso la producci\u00f3n de vacunas en todas las econom\u00edas del Asia Pac\u00edfico y reiter\u00f3 el ofrecimiento de nuestro pa\u00eds para ser sede en el 2024.<\/p>\n\n\n\n<p>Durante el encuentro, el jefe del Estado plante\u00f3 que en APEC se adopten medidas que ayuden a aliviar la pobreza, apoyar a las pymes en su recuperaci\u00f3n econ\u00f3mica y luchar contra la deforestaci\u00f3n, desigualdad, el crimen y la corrupci\u00f3n.<\/p>\n\n\n\n<p>Asimismo, dijo que el Per\u00fa continuar\u00e1 con el impulso de la estrategia com\u00fan de crecimiento econ\u00f3mico inclusivo y el cierre de brechas sociales.<\/p>\n\n\n\n<p>\u201cEl Per\u00fa seguir\u00e1 impulsando la estrategia com\u00fan de crecimiento econ\u00f3mico inclusivo para nuestros pueblos y el cierre de brechas sociales, para construir sociedades m\u00e1s justas, equitativas y sostenibles\u201d, expres\u00f3.<\/p>\n\n\n\n<p>El Mandatario estuvo acompa\u00f1ado del Canciller \u00d3scar Ma\u00fartua.<\/p>\n\n\n\n<p>Fuente: Andina<\/p>\n","protected":false},"excerpt":{"rendered":"<div class=\"mh-excerpt\"><p>El presidente Pedro Castillo particip\u00f3, de manera virtual, en la cumbre de l\u00edderes del Foro de Cooperaci\u00f3n Econ\u00f3mica Asia Pac\u00edfico (APEC), donde propuso la producci\u00f3n <a class=\"mh-excerpt-more\" href=\"https:\/\/www.radiolibertadmundo.com\/web\/presidente-castillo-propone-produccion-de-vacunas\/\" title=\"PRESIDENTE CASTILLO PROPONE PRODUCCI\u00d3N DE VACUNAS\">[&#8230;]<\/a><\/p>\n<\/div>","protected":false},"author":1,"featured_media":20987,"comment_status":"open","ping_status":"open","sticky":true,"template":"","format":"gallery","meta":{"footnotes":""},"categories":[3],"tags":[],"class_list":["post-20986","post","type-post","status-publish","format-gallery","has-post-thumbnail","hentry","category-noticias","post_format-post-format-gallery"],"_links":{"self":[{"href":"https:\/\/www.radiolibertadmundo.com\/web\/wp-json\/wp\/v2\/posts\/20986","targetHints":{"allow":["GET"]}}],"collection":[{"href":"https:\/\/www.radiolibertadmundo.com\/web\/wp-json\/wp\/v2\/posts"}],"about":[{"href":"https:\/\/www.radiolibertadmundo.com\/web\/wp-json\/wp\/v2\/types\/post"}],"author":[{"embeddable":true,"href":"https:\/\/www.radiolibertadmundo.com\/web\/wp-json\/wp\/v2\/users\/1"}],"replies":[{"embeddable":true,"href":"https:\/\/www.radiolibertadmundo.com\/web\/wp-json\/wp\/v2\/comments?post=20986"}],"version-history":[{"count":1,"href":"https:\/\/www.radiolibertadmundo.com\/web\/wp-json\/wp\/v2\/posts\/20986\/revisions"}],"predecessor-version":[{"id":20988,"href":"https:\/\/www.radiolibertadmundo.com\/web\/wp-json\/wp\/v2\/posts\/20986\/revisions\/20988"}],"wp:featuredmedia":[{"embeddable":true,"href":"https:\/\/www.radiolibertadmundo.com\/web\/wp-json\/wp\/v2\/media\/20987"}],"wp:attachment":[{"href":"https:\/\/www.radiolibertadmundo.com\/web\/wp-json\/wp\/v2\/media?parent=20986"}],"wp:term":[{"taxonomy":"category","embeddable":true,"href":"https:\/\/www.radiolibertadmundo.com\/web\/wp-json\/wp\/v2\/categories?post=20986"},{"taxonomy":"post_tag","embeddable":true,"href":"https:\/\/www.radiolibertadmundo.com\/web\/wp-json\/wp\/v2\/tags?post=20986"}],"curies":[{"name":"wp","href":"https:\/\/api.w.org\/{rel}","templated":true}]}}