{"id":20939,"date":"2021-10-25T03:46:09","date_gmt":"2021-10-25T03:46:09","guid":{"rendered":"http:\/\/www.radiolibertadmundo.com\/web\/?p=20939"},"modified":"2021-10-25T03:46:11","modified_gmt":"2021-10-25T03:46:11","slug":"gr-recibio-249-frigorificos-para-reforzar-cadena-de-frio","status":"publish","type":"post","link":"https:\/\/www.radiolibertadmundo.com\/web\/gr-recibio-249-frigorificos-para-reforzar-cadena-de-frio\/","title":{"rendered":"GR RECIBI\u00d3 249 FRIGOR\u00cdFICOS PARA REFORZAR CADENA DE FR\u00cdO"},"content":{"rendered":"\n<figure class=\"wp-block-gallery columns-1 is-cropped wp-block-gallery-1 is-layout-flex wp-block-gallery-is-layout-flex\"><ul class=\"blocks-gallery-grid\"><li class=\"blocks-gallery-item\"><figure><a href=\"http:\/\/www.radiolibertadmundo.com\/web\/wp-content\/uploads\/radio-libertad-mundo.jpeg\"><img loading=\"lazy\" decoding=\"async\" width=\"1024\" height=\"711\" src=\"http:\/\/www.radiolibertadmundo.com\/web\/wp-content\/uploads\/radio-libertad-mundo-1024x711.jpeg\" alt=\"\" data-id=\"20940\" data-full-url=\"http:\/\/www.radiolibertadmundo.com\/web\/wp-content\/uploads\/radio-libertad-mundo.jpeg\" data-link=\"http:\/\/www.radiolibertadmundo.com\/web\/?attachment_id=20940\" class=\"wp-image-20940\" srcset=\"https:\/\/www.radiolibertadmundo.com\/web\/wp-content\/uploads\/radio-libertad-mundo-1024x711.jpeg 1024w, https:\/\/www.radiolibertadmundo.com\/web\/wp-content\/uploads\/radio-libertad-mundo-300x208.jpeg 300w, https:\/\/www.radiolibertadmundo.com\/web\/wp-content\/uploads\/radio-libertad-mundo-768x533.jpeg 768w, https:\/\/www.radiolibertadmundo.com\/web\/wp-content\/uploads\/radio-libertad-mundo.jpeg 1280w\" sizes=\"auto, (max-width: 1024px) 100vw, 1024px\" \/><\/a><\/figure><\/li><\/ul><\/figure>\n\n\n\n<p>Para equipar y fortalecer el sistema de la cadena de fr\u00edo en los establecimientos de salud p\u00fablica de La Libertad, el ministro del sector, Hernando Cevallos, entreg\u00f3 ayer al gobernador regional Manuel Llemp\u00e9n 249 equipos frigor\u00edficos, entre congeladoras y refrigeradoras.<\/p>\n\n\n\n<p>Estas son parte de un lote mayor que en total incluir\u00e1 566 de estos equipos y antes de fines del presente mes llegar\u00e1n los 317 equipos que faltan, dijo el ministro al efectuar la entrega en el frontis de la Gerencia Regional de Salud.<\/p>\n\n\n\n<p>Adem\u00e1s de funcionar con energ\u00eda el\u00e9ctrica convencional estos aparatos tambi\u00e9n pueden ser utilizados con energ\u00eda generada a trav\u00e9s de paneles solares, sin requerir el uso de bater\u00edas o reguladores, lo que permitir\u00e1 su funcionamiento en localidades distantes donde el abastecimiento del servicio el\u00e9ctrico es deficitario, lo que destac\u00f3 Llemp\u00e9n Coronel.<\/p>\n\n\n\n<p>Los equipos fueron enviados por el Centro Nacional de Abastecimiento de Recursos Estrat\u00e9gicos en Salud (CENARES) del MINSA para implementar y seguir mejorando la cadena de fr\u00edo que requieren las vacunas contra la covid-19 y dem\u00e1s biol\u00f3gicos pertenecientes al calendario nacional de vacunaci\u00f3n.<\/p>\n\n\n\n<p>El lote pertenece a una compra hecha como parte del acuerdo suscrito entre el MINSA y la Organizaci\u00f3n Mundial de la Salud (OMS) y el Fondo de las Naciones Unidas para la Infancia (UNICEF), para que este \u00faltimo provea el servicio de adquisiciones de productos estrat\u00e9gicos en salud, que incluye un total de 5,293 unidades de refrigeraci\u00f3n y congelaci\u00f3n en los que se preservar\u00e1 vacunas bajo condiciones de frio que garanticen su calidad.<\/p>\n","protected":false},"excerpt":{"rendered":"<div class=\"mh-excerpt\"><p>Para equipar y fortalecer el sistema de la cadena de fr\u00edo en los establecimientos de salud p\u00fablica de La Libertad, el ministro del sector, Hernando <a class=\"mh-excerpt-more\" href=\"https:\/\/www.radiolibertadmundo.com\/web\/gr-recibio-249-frigorificos-para-reforzar-cadena-de-frio\/\" title=\"GR RECIBI\u00d3 249 FRIGOR\u00cdFICOS PARA REFORZAR CADENA DE FR\u00cdO\">[&#8230;]<\/a><\/p>\n<\/div>","protected":false},"author":1,"featured_media":20940,"comment_status":"open","ping_status":"open","sticky":true,"template":"","format":"gallery","meta":{"footnotes":""},"categories":[3],"tags":[],"class_list":["post-20939","post","type-post","status-publish","format-gallery","has-post-thumbnail","hentry","category-noticias","post_format-post-format-gallery"],"_links":{"self":[{"href":"https:\/\/www.radiolibertadmundo.com\/web\/wp-json\/wp\/v2\/posts\/20939","targetHints":{"allow":["GET"]}}],"collection":[{"href":"https:\/\/www.radiolibertadmundo.com\/web\/wp-json\/wp\/v2\/posts"}],"about":[{"href":"https:\/\/www.radiolibertadmundo.com\/web\/wp-json\/wp\/v2\/types\/post"}],"author":[{"embeddable":true,"href":"https:\/\/www.radiolibertadmundo.com\/web\/wp-json\/wp\/v2\/users\/1"}],"replies":[{"embeddable":true,"href":"https:\/\/www.radiolibertadmundo.com\/web\/wp-json\/wp\/v2\/comments?post=20939"}],"version-history":[{"count":1,"href":"https:\/\/www.radiolibertadmundo.com\/web\/wp-json\/wp\/v2\/posts\/20939\/revisions"}],"predecessor-version":[{"id":20941,"href":"https:\/\/www.radiolibertadmundo.com\/web\/wp-json\/wp\/v2\/posts\/20939\/revisions\/20941"}],"wp:featuredmedia":[{"embeddable":true,"href":"https:\/\/www.radiolibertadmundo.com\/web\/wp-json\/wp\/v2\/media\/20940"}],"wp:attachment":[{"href":"https:\/\/www.radiolibertadmundo.com\/web\/wp-json\/wp\/v2\/media?parent=20939"}],"wp:term":[{"taxonomy":"category","embeddable":true,"href":"https:\/\/www.radiolibertadmundo.com\/web\/wp-json\/wp\/v2\/categories?post=20939"},{"taxonomy":"post_tag","embeddable":true,"href":"https:\/\/www.radiolibertadmundo.com\/web\/wp-json\/wp\/v2\/tags?post=20939"}],"curies":[{"name":"wp","href":"https:\/\/api.w.org\/{rel}","templated":true}]}}