{"id":20898,"date":"2021-10-10T17:15:23","date_gmt":"2021-10-10T17:15:23","guid":{"rendered":"http:\/\/www.radiolibertadmundo.com\/web\/?p=20898"},"modified":"2021-10-10T17:17:12","modified_gmt":"2021-10-10T17:17:12","slug":"inician-campana-de-desprestigio-contra-ministra-gisela-ortiz","status":"publish","type":"post","link":"https:\/\/www.radiolibertadmundo.com\/web\/inician-campana-de-desprestigio-contra-ministra-gisela-ortiz\/","title":{"rendered":"INICIAN CAMPA\u00d1A DE DESPRESTIGIO CONTRA MINISTRA GISELA ORTIZ"},"content":{"rendered":"\n<figure class=\"wp-block-gallery columns-1 is-cropped wp-block-gallery-1 is-layout-flex wp-block-gallery-is-layout-flex\"><ul class=\"blocks-gallery-grid\"><li class=\"blocks-gallery-item\"><figure><a href=\"http:\/\/www.radiolibertadmundo.com\/web\/wp-content\/uploads\/guisela-ortiz-perea-la-voz-de-la-calle-radio-libertad-mundo.jpg\"><img loading=\"lazy\" decoding=\"async\" width=\"640\" height=\"345\" src=\"http:\/\/www.radiolibertadmundo.com\/web\/wp-content\/uploads\/guisela-ortiz-perea-la-voz-de-la-calle-radio-libertad-mundo.jpg\" alt=\"\" data-id=\"20899\" data-full-url=\"http:\/\/www.radiolibertadmundo.com\/web\/wp-content\/uploads\/guisela-ortiz-perea-la-voz-de-la-calle-radio-libertad-mundo.jpg\" data-link=\"http:\/\/www.radiolibertadmundo.com\/web\/?attachment_id=20899\" class=\"wp-image-20899\" srcset=\"https:\/\/www.radiolibertadmundo.com\/web\/wp-content\/uploads\/guisela-ortiz-perea-la-voz-de-la-calle-radio-libertad-mundo.jpg 640w, https:\/\/www.radiolibertadmundo.com\/web\/wp-content\/uploads\/guisela-ortiz-perea-la-voz-de-la-calle-radio-libertad-mundo-300x162.jpg 300w\" sizes=\"auto, (max-width: 640px) 100vw, 640px\" \/><\/a><\/figure><\/li><\/ul><\/figure>\n\n\n\n<p>Ante la campa\u00f1a iniciada contra la ministra de Cultura, Andrea Gisela Ortiz Perea las organizaciones nacionales e internacionales abajo firmantes, debemos se\u00f1alar lo siguiente:<\/p>\n\n\n\n<p>1.- La opini\u00f3n p\u00fablica tom\u00f3 conocimiento en julio de 1992 de la desaparici\u00f3n de 9 estudiantes y un profesor de la universidad la Cantuta, ocurrida a manos de un escuadr\u00f3n del ej\u00e9rcito por la denuncia p\u00fablica de los familiares de los desaparecidos. Entre ellas se destacaba Gisela Ortiz Perea, hermana de Enrique Ortiz, uno de los estudiantes desaparecidos.<\/p>\n\n\n\n<p>2do.- Desde el momento de la denuncia inicial, Gisela Ortiz fue conocida p\u00fablicamente por su ardua labor en favor de conocer la verdad y obtener justicia para los desaparecidos de La Cantuta. Posteriormente, su lucha se ampli\u00f3, transform\u00e1ndose en una activista de derechos humanos en causas contra graves cr\u00edmenes cometidos en el pa\u00eds. Desde all\u00ed, abog\u00f3 por los derechos de las v\u00edctimas y sus familiares en el Per\u00fa.<\/p>\n\n\n\n<p>3ro.- Las campa\u00f1a y acciones por verdad y justicia, por derrotar la ley de amnist\u00eda impuesta por el fujimorismo en retribuci\u00f3n a los criminales del destacamento Colina, por la vuelta a la democracia, la extradici\u00f3n y el juicio a Alberto Fujimori, as\u00ed como por la condena y el no al indulto del sentenciado Fujimori, por la b\u00fasqueda de los desaparecidos, por el respeto a la memoria hist\u00f3rica y contra el negacionismo; todas estas y muchas m\u00e1s ha tenido como una de sus protagonistas a Gisela Ortiz Perea.<\/p>\n\n\n\n<p>4to.- Por todo ello, Gisela Ortiz ha sido blanco de diversas campa\u00f1as de desprestigio y estigmatizaci\u00f3n que han pretendido ligarla tanto a ella como a las v\u00edctimas de La Cantuta a organizaciones subversivas. Sin embargo, el propio Poder Judicial reconoci\u00f3 en la sentencia a Alberto Fujimori que no exist\u00eda ninguna vinculaci\u00f3n entre las v\u00edctimas a las acciones terroristas del PCP\u2013SL ni integraban esa organizaci\u00f3n criminal. A pesar de las campa\u00f1as jam\u00e1s ha existido investigaci\u00f3n alguna que se se\u00f1ale v\u00ednculos alguno de Gisela Ortiz una organizaci\u00f3n terrorista.<\/p>\n\n\n\n<p>El Concejo de la Prensa Peruana sancion\u00f3 en el a\u00f1o 2012 al diario Correo por haber hecho publicaciones que pretend\u00edan sin fundamento alguno vincular a la actual ministra con el senderismo<\/p>\n\n\n\n<p>La decisi\u00f3n del Tribunal de \u00c9tica puede verse aqu\u00ed: http:\/\/tribunaldeetica.org\/&#8230;\/upl&#8230;\/2014\/11\/caso-05-12.pdf<\/p>\n\n\n\n<p>5to.- Por lo expuesto: Exigimos a las fuerzas pol\u00edticas que condenen este tipo de hechos, y que hagan un llamado a respetar la dignidad de Gisela Ortiz como de las v\u00edctimas y familiares que han dedicado su vida a la b\u00fasqueda de justicia y verdad en nuestro pa\u00eds.<\/p>\n\n\n\n<p>Carlos Burmester Landauro (Periodista)<\/p>\n","protected":false},"excerpt":{"rendered":"<div class=\"mh-excerpt\"><p>Ante la campa\u00f1a iniciada contra la ministra de Cultura, Andrea Gisela Ortiz Perea las organizaciones nacionales e internacionales abajo firmantes, debemos se\u00f1alar lo siguiente: 1.- <a class=\"mh-excerpt-more\" href=\"https:\/\/www.radiolibertadmundo.com\/web\/inician-campana-de-desprestigio-contra-ministra-gisela-ortiz\/\" title=\"INICIAN CAMPA\u00d1A DE DESPRESTIGIO CONTRA MINISTRA GISELA ORTIZ\">[&#8230;]<\/a><\/p>\n<\/div>","protected":false},"author":1,"featured_media":20899,"comment_status":"open","ping_status":"open","sticky":true,"template":"","format":"gallery","meta":{"footnotes":""},"categories":[3],"tags":[],"class_list":["post-20898","post","type-post","status-publish","format-gallery","has-post-thumbnail","hentry","category-noticias","post_format-post-format-gallery"],"_links":{"self":[{"href":"https:\/\/www.radiolibertadmundo.com\/web\/wp-json\/wp\/v2\/posts\/20898","targetHints":{"allow":["GET"]}}],"collection":[{"href":"https:\/\/www.radiolibertadmundo.com\/web\/wp-json\/wp\/v2\/posts"}],"about":[{"href":"https:\/\/www.radiolibertadmundo.com\/web\/wp-json\/wp\/v2\/types\/post"}],"author":[{"embeddable":true,"href":"https:\/\/www.radiolibertadmundo.com\/web\/wp-json\/wp\/v2\/users\/1"}],"replies":[{"embeddable":true,"href":"https:\/\/www.radiolibertadmundo.com\/web\/wp-json\/wp\/v2\/comments?post=20898"}],"version-history":[{"count":2,"href":"https:\/\/www.radiolibertadmundo.com\/web\/wp-json\/wp\/v2\/posts\/20898\/revisions"}],"predecessor-version":[{"id":20902,"href":"https:\/\/www.radiolibertadmundo.com\/web\/wp-json\/wp\/v2\/posts\/20898\/revisions\/20902"}],"wp:featuredmedia":[{"embeddable":true,"href":"https:\/\/www.radiolibertadmundo.com\/web\/wp-json\/wp\/v2\/media\/20899"}],"wp:attachment":[{"href":"https:\/\/www.radiolibertadmundo.com\/web\/wp-json\/wp\/v2\/media?parent=20898"}],"wp:term":[{"taxonomy":"category","embeddable":true,"href":"https:\/\/www.radiolibertadmundo.com\/web\/wp-json\/wp\/v2\/categories?post=20898"},{"taxonomy":"post_tag","embeddable":true,"href":"https:\/\/www.radiolibertadmundo.com\/web\/wp-json\/wp\/v2\/tags?post=20898"}],"curies":[{"name":"wp","href":"https:\/\/api.w.org\/{rel}","templated":true}]}}