{"id":21506,"date":"2023-06-23T16:00:00","date_gmt":"2023-06-23T16:00:00","guid":{"rendered":"http:\/\/www.radiolibertadmundo.com\/web\/?p=21506"},"modified":"2023-06-23T21:00:52","modified_gmt":"2023-06-23T21:00:52","slug":"erradican-45-toneladas-de-inservibles-en-urb-san-andres","status":"publish","type":"post","link":"http:\/\/www.radiolibertadmundo.com\/web\/erradican-45-toneladas-de-inservibles-en-urb-san-andres\/","title":{"rendered":"ERRADICAN 45 TONELADAS DE INSERVIBLES EN URB. SAN ANDR\u00c9S"},"content":{"rendered":"\n<figure class=\"wp-block-gallery has-nested-images columns-default is-cropped wp-block-gallery-1 is-layout-flex wp-block-gallery-is-layout-flex\">\n<figure class=\"wp-block-image size-large\"><a href=\"http:\/\/www.radiolibertadmundo.com\/web\/wp-content\/uploads\/13b11c10-e942-4645-ac9c-4d801dd7b055.jpg\"><img loading=\"lazy\" decoding=\"async\" width=\"1024\" height=\"768\" data-id=\"21508\" src=\"http:\/\/www.radiolibertadmundo.com\/web\/wp-content\/uploads\/13b11c10-e942-4645-ac9c-4d801dd7b055-1024x768.jpg\" alt=\"\" class=\"wp-image-21508\" srcset=\"http:\/\/www.radiolibertadmundo.com\/web\/wp-content\/uploads\/13b11c10-e942-4645-ac9c-4d801dd7b055-1024x768.jpg 1024w, http:\/\/www.radiolibertadmundo.com\/web\/wp-content\/uploads\/13b11c10-e942-4645-ac9c-4d801dd7b055-300x225.jpg 300w, http:\/\/www.radiolibertadmundo.com\/web\/wp-content\/uploads\/13b11c10-e942-4645-ac9c-4d801dd7b055-768x576.jpg 768w, http:\/\/www.radiolibertadmundo.com\/web\/wp-content\/uploads\/13b11c10-e942-4645-ac9c-4d801dd7b055-1536x1152.jpg 1536w, http:\/\/www.radiolibertadmundo.com\/web\/wp-content\/uploads\/13b11c10-e942-4645-ac9c-4d801dd7b055.jpg 1600w\" sizes=\"auto, (max-width: 1024px) 100vw, 1024px\" \/><\/a><\/figure>\n\n\n\n<figure class=\"wp-block-image size-large\"><a href=\"http:\/\/www.radiolibertadmundo.com\/web\/wp-content\/uploads\/a61e5811-64c4-4e9e-99e1-ef7115825714.jpg\"><img loading=\"lazy\" decoding=\"async\" width=\"1024\" height=\"768\" data-id=\"21507\" src=\"http:\/\/www.radiolibertadmundo.com\/web\/wp-content\/uploads\/a61e5811-64c4-4e9e-99e1-ef7115825714-1024x768.jpg\" alt=\"\" class=\"wp-image-21507\" srcset=\"http:\/\/www.radiolibertadmundo.com\/web\/wp-content\/uploads\/a61e5811-64c4-4e9e-99e1-ef7115825714-1024x768.jpg 1024w, http:\/\/www.radiolibertadmundo.com\/web\/wp-content\/uploads\/a61e5811-64c4-4e9e-99e1-ef7115825714-300x225.jpg 300w, http:\/\/www.radiolibertadmundo.com\/web\/wp-content\/uploads\/a61e5811-64c4-4e9e-99e1-ef7115825714-768x576.jpg 768w, http:\/\/www.radiolibertadmundo.com\/web\/wp-content\/uploads\/a61e5811-64c4-4e9e-99e1-ef7115825714-1536x1152.jpg 1536w, http:\/\/www.radiolibertadmundo.com\/web\/wp-content\/uploads\/a61e5811-64c4-4e9e-99e1-ef7115825714.jpg 1600w\" sizes=\"auto, (max-width: 1024px) 100vw, 1024px\" \/><\/a><\/figure>\n\n\n\n<figure class=\"wp-block-image size-large\"><a href=\"http:\/\/www.radiolibertadmundo.com\/web\/wp-content\/uploads\/c45482e6-2030-43dd-b83d-6833d03a3485.jpg\"><img loading=\"lazy\" decoding=\"async\" width=\"1024\" height=\"768\" data-id=\"21509\" src=\"http:\/\/www.radiolibertadmundo.com\/web\/wp-content\/uploads\/c45482e6-2030-43dd-b83d-6833d03a3485-1024x768.jpg\" alt=\"\" class=\"wp-image-21509\" srcset=\"http:\/\/www.radiolibertadmundo.com\/web\/wp-content\/uploads\/c45482e6-2030-43dd-b83d-6833d03a3485-1024x768.jpg 1024w, http:\/\/www.radiolibertadmundo.com\/web\/wp-content\/uploads\/c45482e6-2030-43dd-b83d-6833d03a3485-300x225.jpg 300w, http:\/\/www.radiolibertadmundo.com\/web\/wp-content\/uploads\/c45482e6-2030-43dd-b83d-6833d03a3485-768x576.jpg 768w, http:\/\/www.radiolibertadmundo.com\/web\/wp-content\/uploads\/c45482e6-2030-43dd-b83d-6833d03a3485-1536x1152.jpg 1536w, http:\/\/www.radiolibertadmundo.com\/web\/wp-content\/uploads\/c45482e6-2030-43dd-b83d-6833d03a3485.jpg 1600w\" sizes=\"auto, (max-width: 1024px) 100vw, 1024px\" \/><\/a><\/figure>\n\n\n\n<figure class=\"wp-block-image size-large\"><a href=\"http:\/\/www.radiolibertadmundo.com\/web\/wp-content\/uploads\/d73b9f83-b98d-4039-b6b2-78a8197d32b0.jpg\"><img loading=\"lazy\" decoding=\"async\" width=\"1024\" height=\"768\" data-id=\"21511\" src=\"http:\/\/www.radiolibertadmundo.com\/web\/wp-content\/uploads\/d73b9f83-b98d-4039-b6b2-78a8197d32b0-1024x768.jpg\" alt=\"\" class=\"wp-image-21511\" srcset=\"http:\/\/www.radiolibertadmundo.com\/web\/wp-content\/uploads\/d73b9f83-b98d-4039-b6b2-78a8197d32b0-1024x768.jpg 1024w, http:\/\/www.radiolibertadmundo.com\/web\/wp-content\/uploads\/d73b9f83-b98d-4039-b6b2-78a8197d32b0-300x225.jpg 300w, http:\/\/www.radiolibertadmundo.com\/web\/wp-content\/uploads\/d73b9f83-b98d-4039-b6b2-78a8197d32b0-768x576.jpg 768w, http:\/\/www.radiolibertadmundo.com\/web\/wp-content\/uploads\/d73b9f83-b98d-4039-b6b2-78a8197d32b0-1536x1152.jpg 1536w, http:\/\/www.radiolibertadmundo.com\/web\/wp-content\/uploads\/d73b9f83-b98d-4039-b6b2-78a8197d32b0.jpg 1600w\" sizes=\"auto, (max-width: 1024px) 100vw, 1024px\" \/><\/a><\/figure>\n\n\n\n<figure class=\"wp-block-image size-large\"><a href=\"http:\/\/www.radiolibertadmundo.com\/web\/wp-content\/uploads\/f989104b-1d99-414f-98a5-dece438bb618.jpg\"><img loading=\"lazy\" decoding=\"async\" width=\"1024\" height=\"768\" data-id=\"21510\" src=\"http:\/\/www.radiolibertadmundo.com\/web\/wp-content\/uploads\/f989104b-1d99-414f-98a5-dece438bb618-1024x768.jpg\" alt=\"\" class=\"wp-image-21510\" srcset=\"http:\/\/www.radiolibertadmundo.com\/web\/wp-content\/uploads\/f989104b-1d99-414f-98a5-dece438bb618-1024x768.jpg 1024w, http:\/\/www.radiolibertadmundo.com\/web\/wp-content\/uploads\/f989104b-1d99-414f-98a5-dece438bb618-300x225.jpg 300w, http:\/\/www.radiolibertadmundo.com\/web\/wp-content\/uploads\/f989104b-1d99-414f-98a5-dece438bb618-768x576.jpg 768w, http:\/\/www.radiolibertadmundo.com\/web\/wp-content\/uploads\/f989104b-1d99-414f-98a5-dece438bb618-1536x1152.jpg 1536w, http:\/\/www.radiolibertadmundo.com\/web\/wp-content\/uploads\/f989104b-1d99-414f-98a5-dece438bb618.jpg 1600w\" sizes=\"auto, (max-width: 1024px) 100vw, 1024px\" \/><\/a><\/figure>\n<\/figure>\n\n\n\n<p>Unas 45 toneladas de residuos org\u00e1nicos, inorg\u00e1nicos, arena, trastos viejos, entre otros inservibles, se erradicaron de la urbanizaci\u00f3n San Andr\u00e9s I etapa durante la cuarta semana de campa\u00f1a de limpieza p\u00fablica organizada por el Servicio de Gesti\u00f3n Ambiental de Trujillo (Segat y la Municipalidad Provincial de Trujillo (MPT).<\/p>\n\n\n\n<p>Los restos fueron acopiados con participaci\u00f3n de personal y maquinaria pesada ayer viernes, desde muy temprano.<\/p>\n\n\n\n<p>A diferencia de las anteriores jornadas de limpieza de techos y azoteas, esta vez tambi\u00e9n se intervino en la mejora de las \u00e1reas verdes de los parques San Vicente, Montes de Olivo, San Mart\u00edn y San Esteban, ubicados en esta parte de la ciudad.<\/p>\n\n\n\n<p>La labor de los auxiliares del Segat incluy\u00f3 el barrido, desarenado, acondicionamiento y mejora de las \u00e1reas verdes con el sembrado de: margaritas fucsias (100), geranios (80), arbustos y kalifas rojas (250), cinta de novia (100) crotos y plantas de borde.<\/p>\n\n\n\n<p>Tambi\u00e9n se hizo la resiembra de grass bermuda en unos 450 metros cuadrados durante intervenciones al parque La Paz, donde se mejor\u00f3 la berma lateral; y en el parque San Vicente.<\/p>\n\n\n\n<p>Las anteriores campa\u00f1as de limpieza se realizaron en las urbanizaciones Chicago, La Noria y Miraflores, con similar \u00e9xito.<\/p>\n\n\n\n<p>Gisella Le\u00f3n Algarate, gerente del Segat, dijo que todo lo erradicado en esta nueva intervenci\u00f3n de limpieza fue llevado al botadero de El Milagro.<\/p>\n\n\n\n<p>Por el Segat participaron las subgerencias de \u00c1reas Verdes, Limpieza P\u00fablica, Calidad Ambiental y Proyectos; en tanto que la unidad de Fiscalizaci\u00f3n y Control Ambiental del Segat ayud\u00f3 a educar a la comunidad sobre temas del cuidado del medio ambiente.<\/p>\n\n\n\n<p>La campa\u00f1a de limpieza tambi\u00e9n tuvo como objetivo ayudar a combatir el dengue, al eliminar todo tipo de objetos o dep\u00f3sitos que suelen dejarse en los techos donde se puede reproducir el vector de este mal, propiciando as\u00ed el bienestar y la salud de la comunidad en general.<\/p>\n","protected":false},"excerpt":{"rendered":"<div class=\"mh-excerpt\"><p>Unas 45 toneladas de residuos org\u00e1nicos, inorg\u00e1nicos, arena, trastos viejos, entre otros inservibles, se erradicaron de la urbanizaci\u00f3n San Andr\u00e9s I etapa durante la cuarta <a class=\"mh-excerpt-more\" href=\"http:\/\/www.radiolibertadmundo.com\/web\/erradican-45-toneladas-de-inservibles-en-urb-san-andres\/\" title=\"ERRADICAN 45 TONELADAS DE INSERVIBLES EN URB. SAN ANDR\u00c9S\">[&#8230;]<\/a><\/p>\n<\/div>","protected":false},"author":1,"featured_media":21507,"comment_status":"open","ping_status":"open","sticky":true,"template":"","format":"standard","meta":{"footnotes":""},"categories":[4],"tags":[59,27],"class_list":["post-21506","post","type-post","status-publish","format-standard","has-post-thumbnail","hentry","category-local","tag-la-libertad","tag-trujillo"],"_links":{"self":[{"href":"http:\/\/www.radiolibertadmundo.com\/web\/wp-json\/wp\/v2\/posts\/21506","targetHints":{"allow":["GET"]}}],"collection":[{"href":"http:\/\/www.radiolibertadmundo.com\/web\/wp-json\/wp\/v2\/posts"}],"about":[{"href":"http:\/\/www.radiolibertadmundo.com\/web\/wp-json\/wp\/v2\/types\/post"}],"author":[{"embeddable":true,"href":"http:\/\/www.radiolibertadmundo.com\/web\/wp-json\/wp\/v2\/users\/1"}],"replies":[{"embeddable":true,"href":"http:\/\/www.radiolibertadmundo.com\/web\/wp-json\/wp\/v2\/comments?post=21506"}],"version-history":[{"count":1,"href":"http:\/\/www.radiolibertadmundo.com\/web\/wp-json\/wp\/v2\/posts\/21506\/revisions"}],"predecessor-version":[{"id":21512,"href":"http:\/\/www.radiolibertadmundo.com\/web\/wp-json\/wp\/v2\/posts\/21506\/revisions\/21512"}],"wp:featuredmedia":[{"embeddable":true,"href":"http:\/\/www.radiolibertadmundo.com\/web\/wp-json\/wp\/v2\/media\/21507"}],"wp:attachment":[{"href":"http:\/\/www.radiolibertadmundo.com\/web\/wp-json\/wp\/v2\/media?parent=21506"}],"wp:term":[{"taxonomy":"category","embeddable":true,"href":"http:\/\/www.radiolibertadmundo.com\/web\/wp-json\/wp\/v2\/categories?post=21506"},{"taxonomy":"post_tag","embeddable":true,"href":"http:\/\/www.radiolibertadmundo.com\/web\/wp-json\/wp\/v2\/tags?post=21506"}],"curies":[{"name":"wp","href":"https:\/\/api.w.org\/{rel}","templated":true}]}}