{"id":21502,"date":"2023-06-23T15:50:00","date_gmt":"2023-06-23T15:50:00","guid":{"rendered":"http:\/\/www.radiolibertadmundo.com\/web\/?p=21502"},"modified":"2023-06-23T20:55:14","modified_gmt":"2023-06-23T20:55:14","slug":"martes-27-es-concurso-gastronomico-por-el-dia-del-ceviche-el-rico-porvenir","status":"publish","type":"post","link":"http:\/\/www.radiolibertadmundo.com\/web\/martes-27-es-concurso-gastronomico-por-el-dia-del-ceviche-el-rico-porvenir\/","title":{"rendered":"MARTES 27 ES CONCURSO GASTRON\u00d3MICO\u00a0POR EL DIA DEL CEVICHE \u00abEL RICO PORVENIR\u00bb"},"content":{"rendered":"\n<figure class=\"wp-block-gallery has-nested-images columns-default is-cropped wp-block-gallery-1 is-layout-flex wp-block-gallery-is-layout-flex\">\n<figure class=\"wp-block-image size-large\"><a href=\"http:\/\/www.radiolibertadmundo.com\/web\/wp-content\/uploads\/CEVICHE.jpg\"><img loading=\"lazy\" decoding=\"async\" width=\"1024\" height=\"768\" data-id=\"21503\" src=\"http:\/\/www.radiolibertadmundo.com\/web\/wp-content\/uploads\/CEVICHE-1024x768.jpg\" alt=\"\" class=\"wp-image-21503\" srcset=\"http:\/\/www.radiolibertadmundo.com\/web\/wp-content\/uploads\/CEVICHE-1024x768.jpg 1024w, http:\/\/www.radiolibertadmundo.com\/web\/wp-content\/uploads\/CEVICHE-300x225.jpg 300w, http:\/\/www.radiolibertadmundo.com\/web\/wp-content\/uploads\/CEVICHE-768x576.jpg 768w, http:\/\/www.radiolibertadmundo.com\/web\/wp-content\/uploads\/CEVICHE.jpg 1400w\" sizes=\"auto, (max-width: 1024px) 100vw, 1024px\" \/><\/a><\/figure>\n\n\n\n<figure class=\"wp-block-image size-large\"><a href=\"http:\/\/www.radiolibertadmundo.com\/web\/wp-content\/uploads\/EXPOSITORA.jpg\"><img loading=\"lazy\" decoding=\"async\" width=\"645\" height=\"363\" data-id=\"21504\" src=\"http:\/\/www.radiolibertadmundo.com\/web\/wp-content\/uploads\/EXPOSITORA.jpg\" alt=\"\" class=\"wp-image-21504\" srcset=\"http:\/\/www.radiolibertadmundo.com\/web\/wp-content\/uploads\/EXPOSITORA.jpg 645w, http:\/\/www.radiolibertadmundo.com\/web\/wp-content\/uploads\/EXPOSITORA-300x169.jpg 300w, http:\/\/www.radiolibertadmundo.com\/web\/wp-content\/uploads\/EXPOSITORA-260x146.jpg 260w, http:\/\/www.radiolibertadmundo.com\/web\/wp-content\/uploads\/EXPOSITORA-120x67.jpg 120w\" sizes=\"auto, (max-width: 645px) 100vw, 645px\" \/><\/a><\/figure>\n<\/figure>\n\n\n\n<p>Por el d\u00eda del ceviche y con el objetivo de reactivar la econom\u00eda de los empresarios, el pr\u00f3ximo martes 27 de junio se estar\u00e1 desarrollando el concurso gastron\u00f3mico, denominado \u201cEl Rico Porvenir\u00bb en el jir\u00f3n Francisco de Zela cuadras 12 y 13 del distrito de El Porvenir.<\/p>\n\n\n\n<p>El certamen es organizado por la Municipalidad Distrital de El Porvenir con el alcalde Dr. Juan Carranza Ventura a trav\u00e9s de la Gerencia de Desarrollo Econ\u00f3mico Local dirigida por Dar\u00edo Daniel Prado \u00c1lvarez, subgerencia de promoci\u00f3n empresarial y empleo, y la asociaci\u00f3n de restaurant y afines de La Libertad.<\/p>\n\n\n\n<p>En dicho concurso se expondr\u00e1 los m\u00e1s exquisitos potajes y tradicionales de la regi\u00f3n La Libertad, empezando por el rico ceviche en sus diversas formas de preparaci\u00f3n, sudado, arroz con pato, cabrito, cuy, aj\u00ed de gallina, papa a la huanca\u00edna, acompa\u00f1ada de saborizantes bebidas de chicha morada y de jora, llenos de sabor y m\u00fasica.<\/p>\n\n\n\n<p>El concurso gastron\u00f3mico \u00abEl Rico Porvenir\u00bb ser\u00e1 el martes 27 de junio a partir de las 9 de la ma\u00f1ana en el jir\u00f3n Francisco de Zela cuadras 12 y 13, donde se ofrecer\u00e1n diversos platos gastron\u00f3micos y con el mejor sabor para que los vecinos puedan disfrutar junto a su familia.<\/p>\n\n\n\n<p>&nbsp;M\u00e1s de medio centenar de empresarios emprendedores de gastronom\u00eda que tienen sus locales y dirigentes de clubes de madres con sus comedores populares ser\u00e1n las que \u201cpondr\u00e1n la cuota de sabor y colorido\u201d para el deleite de las personas.<\/p>\n","protected":false},"excerpt":{"rendered":"<div class=\"mh-excerpt\"><p>Por el d\u00eda del ceviche y con el objetivo de reactivar la econom\u00eda de los empresarios, el pr\u00f3ximo martes 27 de junio se estar\u00e1 desarrollando <a class=\"mh-excerpt-more\" href=\"http:\/\/www.radiolibertadmundo.com\/web\/martes-27-es-concurso-gastronomico-por-el-dia-del-ceviche-el-rico-porvenir\/\" title=\"MARTES 27 ES CONCURSO GASTRON\u00d3MICO\u00a0POR EL DIA DEL CEVICHE \u00abEL RICO PORVENIR\u00bb\">[&#8230;]<\/a><\/p>\n<\/div>","protected":false},"author":1,"featured_media":21504,"comment_status":"open","ping_status":"open","sticky":true,"template":"","format":"standard","meta":{"footnotes":""},"categories":[4],"tags":[59,27],"class_list":["post-21502","post","type-post","status-publish","format-standard","has-post-thumbnail","hentry","category-local","tag-la-libertad","tag-trujillo"],"_links":{"self":[{"href":"http:\/\/www.radiolibertadmundo.com\/web\/wp-json\/wp\/v2\/posts\/21502","targetHints":{"allow":["GET"]}}],"collection":[{"href":"http:\/\/www.radiolibertadmundo.com\/web\/wp-json\/wp\/v2\/posts"}],"about":[{"href":"http:\/\/www.radiolibertadmundo.com\/web\/wp-json\/wp\/v2\/types\/post"}],"author":[{"embeddable":true,"href":"http:\/\/www.radiolibertadmundo.com\/web\/wp-json\/wp\/v2\/users\/1"}],"replies":[{"embeddable":true,"href":"http:\/\/www.radiolibertadmundo.com\/web\/wp-json\/wp\/v2\/comments?post=21502"}],"version-history":[{"count":1,"href":"http:\/\/www.radiolibertadmundo.com\/web\/wp-json\/wp\/v2\/posts\/21502\/revisions"}],"predecessor-version":[{"id":21505,"href":"http:\/\/www.radiolibertadmundo.com\/web\/wp-json\/wp\/v2\/posts\/21502\/revisions\/21505"}],"wp:featuredmedia":[{"embeddable":true,"href":"http:\/\/www.radiolibertadmundo.com\/web\/wp-json\/wp\/v2\/media\/21504"}],"wp:attachment":[{"href":"http:\/\/www.radiolibertadmundo.com\/web\/wp-json\/wp\/v2\/media?parent=21502"}],"wp:term":[{"taxonomy":"category","embeddable":true,"href":"http:\/\/www.radiolibertadmundo.com\/web\/wp-json\/wp\/v2\/categories?post=21502"},{"taxonomy":"post_tag","embeddable":true,"href":"http:\/\/www.radiolibertadmundo.com\/web\/wp-json\/wp\/v2\/tags?post=21502"}],"curies":[{"name":"wp","href":"https:\/\/api.w.org\/{rel}","templated":true}]}}