{"id":21485,"date":"2023-06-20T09:11:00","date_gmt":"2023-06-20T09:11:00","guid":{"rendered":"http:\/\/www.radiolibertadmundo.com\/web\/?p=21485"},"modified":"2023-06-20T14:14:47","modified_gmt":"2023-06-20T14:14:47","slug":"quien-es-el-nuevo-ministro-de-salud-cesar-vaquez-sanchez","status":"publish","type":"post","link":"http:\/\/www.radiolibertadmundo.com\/web\/quien-es-el-nuevo-ministro-de-salud-cesar-vaquez-sanchez\/","title":{"rendered":"QUI\u00c9N ES EL NUEVO MINISTRO DE SALUD C\u00c9SAR V\u00c1QUEZ S\u00c1NCHEZ"},"content":{"rendered":"\n<figure class=\"wp-block-image size-large\"><a href=\"http:\/\/www.radiolibertadmundo.com\/web\/wp-content\/uploads\/000968305W.jpg\"><img loading=\"lazy\" decoding=\"async\" width=\"1024\" height=\"683\" src=\"http:\/\/www.radiolibertadmundo.com\/web\/wp-content\/uploads\/000968305W-1024x683.jpg\" alt=\"\" class=\"wp-image-21486\" srcset=\"http:\/\/www.radiolibertadmundo.com\/web\/wp-content\/uploads\/000968305W-1024x683.jpg 1024w, http:\/\/www.radiolibertadmundo.com\/web\/wp-content\/uploads\/000968305W-300x200.jpg 300w, http:\/\/www.radiolibertadmundo.com\/web\/wp-content\/uploads\/000968305W-768x512.jpg 768w, http:\/\/www.radiolibertadmundo.com\/web\/wp-content\/uploads\/000968305W-1536x1024.jpg 1536w, http:\/\/www.radiolibertadmundo.com\/web\/wp-content\/uploads\/000968305W.jpg 1800w\" sizes=\"auto, (max-width: 1024px) 100vw, 1024px\" \/><\/a><\/figure>\n\n\n\n<figure class=\"wp-block-image size-full\"><a href=\"http:\/\/www.radiolibertadmundo.com\/web\/wp-content\/uploads\/standard_Dr.-Cesar-Henry-Vasquez-Sanchez-es-el-nuevo-ministro-de-Salud-1.jpeg\"><img loading=\"lazy\" decoding=\"async\" width=\"645\" height=\"363\" src=\"http:\/\/www.radiolibertadmundo.com\/web\/wp-content\/uploads\/standard_Dr.-Cesar-Henry-Vasquez-Sanchez-es-el-nuevo-ministro-de-Salud-1.jpeg\" alt=\"\" class=\"wp-image-21487\" srcset=\"http:\/\/www.radiolibertadmundo.com\/web\/wp-content\/uploads\/standard_Dr.-Cesar-Henry-Vasquez-Sanchez-es-el-nuevo-ministro-de-Salud-1.jpeg 645w, http:\/\/www.radiolibertadmundo.com\/web\/wp-content\/uploads\/standard_Dr.-Cesar-Henry-Vasquez-Sanchez-es-el-nuevo-ministro-de-Salud-1-300x169.jpeg 300w, http:\/\/www.radiolibertadmundo.com\/web\/wp-content\/uploads\/standard_Dr.-Cesar-Henry-Vasquez-Sanchez-es-el-nuevo-ministro-de-Salud-1-260x146.jpeg 260w, http:\/\/www.radiolibertadmundo.com\/web\/wp-content\/uploads\/standard_Dr.-Cesar-Henry-Vasquez-Sanchez-es-el-nuevo-ministro-de-Salud-1-120x67.jpeg 120w\" sizes=\"auto, (max-width: 645px) 100vw, 645px\" \/><\/a><\/figure>\n\n\n\n<p>La presidenta Dina Boluarte, nombr\u00f3 al nuevo ministro de Salud, C\u00e9sar V\u00e1squez S\u00e1nchez. \u00c9l reemplazar\u00e1 en el cargo a Rosa Guti\u00e9rrez, quien renunci\u00f3 a la cartera en la peor crisis de dengue que ha sufrido el pa\u00eds.<\/p>\n\n\n\n<p>El nuevo ministro, quien es m\u00e9dico cirujano general, fue congresista entre los a\u00f1os 2016 y 2019 representando a Cajamarca. En ese entonces fue vocero de la bancada de Alianza Para el Progreso. Durante sus a\u00f1os en el parlamento se le destaca por haber sido presidente de la Comisi\u00f3n de Salud y Poblaci\u00f3n del Congreso de la Rep\u00fablica (2016-2017).<\/p>\n\n\n\n<p>Sin embargo, tambi\u00e9n fue conocido en su momento por una investigaci\u00f3n que le realiz\u00f3 el Ministerio P\u00fablico por tr\u00e1fico de influencias. A V\u00e1squez S\u00e1nchez lo relacionaron la presunta organizaci\u00f3n criminal que dirig\u00eda el exalcalde de Chiclayo, David Cornejo Chinguel y lo denunciaron por cometer el supuesto delito de tr\u00e1fico de influencias agravado.<\/p>\n\n\n\n<p>\u201cEste caso la fiscal\u00eda lo sustenta solo con lo dicho por un reo acusado de corrupci\u00f3n. El caso ya tiene tres a\u00f1os de investigaci\u00f3n en la fiscal\u00eda e incluso he solicitado dos veces su archivamiento por no tener pruebas\u201d, dijo en su momento el ministro de Salud.<\/p>\n\n\n\n<p>Diferentes miembros del Congreso, en ese entonces, desde la Subcomisi\u00f3n de Acusaciones Constitucionales, mandaron a archivo la denuncia contra el excongresista (ahora ministro).<\/p>\n\n\n\n<p><strong>RENUNCIA LA MINISTRA<\/strong><\/p>\n\n\n\n<p>La ministra de Salud, Rosa Guti\u00e9rrez, asegur\u00f3 que present\u00f3 su carta de renuncia a la presidenta Dina Boluarte, al acabar su presentaci\u00f3n en el Pleno del Congreso. La jefa de Estado acept\u00f3 su dimisi\u00f3n.<\/p>\n\n\n\n<p>La renuncia de Guti\u00e9rrez fue su camino de salida pues fue aprobada su interpelaci\u00f3n. Y, la pr\u00f3xima semana iba a asistir para responder un pliego de 22 preguntas por su mala gesti\u00f3n en la lucha contra el dengue.<\/p>\n\n\n\n<p>Con poco m\u00e1s de seis meses en el cargo, Guti\u00e9rrez, tuvo que presentar su renuncia debido a la incapacidad para gestionar una lucha contra la epidemia del dengue que se presenta en el norte del Per\u00fa.<\/p>\n\n\n\n<p>El dengue ya registra m\u00e1s de 150 mil infectados y 186 muertos en nuestro pa\u00eds.<\/p>\n","protected":false},"excerpt":{"rendered":"<div class=\"mh-excerpt\"><p>La presidenta Dina Boluarte, nombr\u00f3 al nuevo ministro de Salud, C\u00e9sar V\u00e1squez S\u00e1nchez. \u00c9l reemplazar\u00e1 en el cargo a Rosa Guti\u00e9rrez, quien renunci\u00f3 a la <a class=\"mh-excerpt-more\" href=\"http:\/\/www.radiolibertadmundo.com\/web\/quien-es-el-nuevo-ministro-de-salud-cesar-vaquez-sanchez\/\" title=\"QUI\u00c9N ES EL NUEVO MINISTRO DE SALUD C\u00c9SAR V\u00c1QUEZ S\u00c1NCHEZ\">[&#8230;]<\/a><\/p>\n<\/div>","protected":false},"author":1,"featured_media":21486,"comment_status":"open","ping_status":"open","sticky":true,"template":"","format":"standard","meta":{"footnotes":""},"categories":[5],"tags":[950],"class_list":["post-21485","post","type-post","status-publish","format-standard","has-post-thumbnail","hentry","category-nacional","tag-salud"],"_links":{"self":[{"href":"http:\/\/www.radiolibertadmundo.com\/web\/wp-json\/wp\/v2\/posts\/21485","targetHints":{"allow":["GET"]}}],"collection":[{"href":"http:\/\/www.radiolibertadmundo.com\/web\/wp-json\/wp\/v2\/posts"}],"about":[{"href":"http:\/\/www.radiolibertadmundo.com\/web\/wp-json\/wp\/v2\/types\/post"}],"author":[{"embeddable":true,"href":"http:\/\/www.radiolibertadmundo.com\/web\/wp-json\/wp\/v2\/users\/1"}],"replies":[{"embeddable":true,"href":"http:\/\/www.radiolibertadmundo.com\/web\/wp-json\/wp\/v2\/comments?post=21485"}],"version-history":[{"count":1,"href":"http:\/\/www.radiolibertadmundo.com\/web\/wp-json\/wp\/v2\/posts\/21485\/revisions"}],"predecessor-version":[{"id":21488,"href":"http:\/\/www.radiolibertadmundo.com\/web\/wp-json\/wp\/v2\/posts\/21485\/revisions\/21488"}],"wp:featuredmedia":[{"embeddable":true,"href":"http:\/\/www.radiolibertadmundo.com\/web\/wp-json\/wp\/v2\/media\/21486"}],"wp:attachment":[{"href":"http:\/\/www.radiolibertadmundo.com\/web\/wp-json\/wp\/v2\/media?parent=21485"}],"wp:term":[{"taxonomy":"category","embeddable":true,"href":"http:\/\/www.radiolibertadmundo.com\/web\/wp-json\/wp\/v2\/categories?post=21485"},{"taxonomy":"post_tag","embeddable":true,"href":"http:\/\/www.radiolibertadmundo.com\/web\/wp-json\/wp\/v2\/tags?post=21485"}],"curies":[{"name":"wp","href":"https:\/\/api.w.org\/{rel}","templated":true}]}}