{"id":21479,"date":"2023-06-20T09:02:00","date_gmt":"2023-06-20T09:02:00","guid":{"rendered":"http:\/\/www.radiolibertadmundo.com\/web\/?p=21479"},"modified":"2023-06-20T14:04:30","modified_gmt":"2023-06-20T14:04:30","slug":"gore-la-libertad-destinara-2-millones-500-mil-para-equipar-16-companias-de-bomberos","status":"publish","type":"post","link":"http:\/\/www.radiolibertadmundo.com\/web\/gore-la-libertad-destinara-2-millones-500-mil-para-equipar-16-companias-de-bomberos\/","title":{"rendered":"GORE LA LIBERTAD DESTINAR\u00c1 2 MILLONES 500 MIL PARA EQUIPAR 16 COMPA\u00d1\u00cdAS DE BOMBEROS"},"content":{"rendered":"\n<figure class=\"wp-block-gallery has-nested-images columns-default is-cropped wp-block-gallery-1 is-layout-flex wp-block-gallery-is-layout-flex\">\n<figure class=\"wp-block-image size-large\"><a href=\"http:\/\/www.radiolibertadmundo.com\/web\/wp-content\/uploads\/WhatsApp-Image-2023-06-19-at-5.52.55-PM-1.jpeg\"><img loading=\"lazy\" decoding=\"async\" width=\"722\" height=\"425\" data-id=\"21481\" src=\"http:\/\/www.radiolibertadmundo.com\/web\/wp-content\/uploads\/WhatsApp-Image-2023-06-19-at-5.52.55-PM-1.jpeg\" alt=\"\" class=\"wp-image-21481\" srcset=\"http:\/\/www.radiolibertadmundo.com\/web\/wp-content\/uploads\/WhatsApp-Image-2023-06-19-at-5.52.55-PM-1.jpeg 722w, http:\/\/www.radiolibertadmundo.com\/web\/wp-content\/uploads\/WhatsApp-Image-2023-06-19-at-5.52.55-PM-1-300x177.jpeg 300w\" sizes=\"auto, (max-width: 722px) 100vw, 722px\" \/><\/a><\/figure>\n\n\n\n<figure class=\"wp-block-image size-large\"><a href=\"http:\/\/www.radiolibertadmundo.com\/web\/wp-content\/uploads\/WhatsApp-Image-2023-06-19-at-5.52.55-PM.jpeg\"><img loading=\"lazy\" decoding=\"async\" width=\"678\" height=\"452\" data-id=\"21480\" src=\"http:\/\/www.radiolibertadmundo.com\/web\/wp-content\/uploads\/WhatsApp-Image-2023-06-19-at-5.52.55-PM.jpeg\" alt=\"\" class=\"wp-image-21480\" srcset=\"http:\/\/www.radiolibertadmundo.com\/web\/wp-content\/uploads\/WhatsApp-Image-2023-06-19-at-5.52.55-PM.jpeg 678w, http:\/\/www.radiolibertadmundo.com\/web\/wp-content\/uploads\/WhatsApp-Image-2023-06-19-at-5.52.55-PM-300x200.jpeg 300w\" sizes=\"auto, (max-width: 678px) 100vw, 678px\" \/><\/a><\/figure>\n\n\n\n<figure class=\"wp-block-image size-large\"><a href=\"http:\/\/www.radiolibertadmundo.com\/web\/wp-content\/uploads\/WhatsApp-Image-2023-06-19-at-5.52.56-PM.jpeg\"><img loading=\"lazy\" decoding=\"async\" width=\"1024\" height=\"706\" data-id=\"21482\" src=\"http:\/\/www.radiolibertadmundo.com\/web\/wp-content\/uploads\/WhatsApp-Image-2023-06-19-at-5.52.56-PM-1024x706.jpeg\" alt=\"\" class=\"wp-image-21482\" srcset=\"http:\/\/www.radiolibertadmundo.com\/web\/wp-content\/uploads\/WhatsApp-Image-2023-06-19-at-5.52.56-PM-1024x706.jpeg 1024w, http:\/\/www.radiolibertadmundo.com\/web\/wp-content\/uploads\/WhatsApp-Image-2023-06-19-at-5.52.56-PM-300x207.jpeg 300w, http:\/\/www.radiolibertadmundo.com\/web\/wp-content\/uploads\/WhatsApp-Image-2023-06-19-at-5.52.56-PM-768x529.jpeg 768w, http:\/\/www.radiolibertadmundo.com\/web\/wp-content\/uploads\/WhatsApp-Image-2023-06-19-at-5.52.56-PM.jpeg 1465w\" sizes=\"auto, (max-width: 1024px) 100vw, 1024px\" \/><\/a><\/figure>\n<\/figure>\n\n\n\n<p>Las 16 compa\u00f1\u00edas de bomberos voluntarios que existen en la regi\u00f3n La Libertad ser\u00e1n potenciadas para el mejor cumplimiento de sus funciones en casos de emergencia, con una partida de 2 millones y medio de soles, que asignar\u00e1 el Gobierno Regional de La Libertad.<\/p>\n\n\n\n<p>La buena nueva a los bomberos, la dio hoy en la ma\u00f1ana el gobernador regional C\u00e9sar Acu\u00f1a, durante el di\u00e1logo que sostuvo en la Casa del Gobierno Regional con el comandante departamental de los bomberos voluntarios, Brigadier CBP Gelqui G\u00f3mez Guerrero.<\/p>\n\n\n\n<p>La partida econ\u00f3mica ser\u00e1 incluida en el presupuesto regional correspondiente al a\u00f1o fiscal 2024, que ser\u00e1 aprobado antes de finalizar este a\u00f1o. El proyecto de inversi\u00f3n deber\u00e1 estar listo para setiembre, el mismo que ya tiene un avance, seg\u00fan refiri\u00f3 Gelqui G\u00f3mez.<\/p>\n\n\n\n<p>La autoridad regional se comprometi\u00f3 otorgar los 2 millones y 500 mil soles para adquirir equipos de protecci\u00f3n personal, as\u00ed como equipos de potencia, maquinaria y herramientas, que son imprescindibles para realizar una labor de auxilio eficiente y r\u00e1pida.<\/p>\n\n\n\n<p>En la regi\u00f3n La Libertad funcionan 16 compa\u00f1\u00edas de bomberos voluntarios y hay 1,200 bomberos en total, que ante casos grandes de emergencia tienen limitaciones al intervenir por falta de un mejor equipamiento. \u201cGracias al gobernador C\u00e9sar Acu\u00f1a esta situaci\u00f3n ser\u00e1 superada\u201d, a\u00f1adi\u00f3 el comandante de los bomberos liberte\u00f1os.<\/p>\n\n\n\n<p>Adem\u00e1s, explic\u00f3 que hay un convenio marco, que ha terminado el a\u00f1o pasado, y que ser\u00e1 renovado o activado con el fin de lograr el respaldo de otras instituciones, teniendo en cuenta que las compa\u00f1\u00edas de bomberos voluntarios tienen carencias, que impiden un mejor trabajo de protecci\u00f3n a la poblaci\u00f3n en situaciones de emergencia. La labor de los bomberos es extinguir incendios, entre otras acciones, y en supuesto que ocurra cualquier siniestro o situaci\u00f3n de emergencia, actuar con la finalidad de minimizar los da\u00f1os, tanto personales como materiales, en el \u00e1mbito territorial de su competencia<\/p>\n","protected":false},"excerpt":{"rendered":"<div class=\"mh-excerpt\"><p>Las 16 compa\u00f1\u00edas de bomberos voluntarios que existen en la regi\u00f3n La Libertad ser\u00e1n potenciadas para el mejor cumplimiento de sus funciones en casos de <a class=\"mh-excerpt-more\" href=\"http:\/\/www.radiolibertadmundo.com\/web\/gore-la-libertad-destinara-2-millones-500-mil-para-equipar-16-companias-de-bomberos\/\" title=\"GORE LA LIBERTAD DESTINAR\u00c1 2 MILLONES 500 MIL PARA EQUIPAR 16 COMPA\u00d1\u00cdAS DE BOMBEROS\">[&#8230;]<\/a><\/p>\n<\/div>","protected":false},"author":1,"featured_media":21482,"comment_status":"open","ping_status":"open","sticky":true,"template":"","format":"standard","meta":{"footnotes":""},"categories":[4],"tags":[59,27],"class_list":["post-21479","post","type-post","status-publish","format-standard","has-post-thumbnail","hentry","category-local","tag-la-libertad","tag-trujillo"],"_links":{"self":[{"href":"http:\/\/www.radiolibertadmundo.com\/web\/wp-json\/wp\/v2\/posts\/21479","targetHints":{"allow":["GET"]}}],"collection":[{"href":"http:\/\/www.radiolibertadmundo.com\/web\/wp-json\/wp\/v2\/posts"}],"about":[{"href":"http:\/\/www.radiolibertadmundo.com\/web\/wp-json\/wp\/v2\/types\/post"}],"author":[{"embeddable":true,"href":"http:\/\/www.radiolibertadmundo.com\/web\/wp-json\/wp\/v2\/users\/1"}],"replies":[{"embeddable":true,"href":"http:\/\/www.radiolibertadmundo.com\/web\/wp-json\/wp\/v2\/comments?post=21479"}],"version-history":[{"count":1,"href":"http:\/\/www.radiolibertadmundo.com\/web\/wp-json\/wp\/v2\/posts\/21479\/revisions"}],"predecessor-version":[{"id":21483,"href":"http:\/\/www.radiolibertadmundo.com\/web\/wp-json\/wp\/v2\/posts\/21479\/revisions\/21483"}],"wp:featuredmedia":[{"embeddable":true,"href":"http:\/\/www.radiolibertadmundo.com\/web\/wp-json\/wp\/v2\/media\/21482"}],"wp:attachment":[{"href":"http:\/\/www.radiolibertadmundo.com\/web\/wp-json\/wp\/v2\/media?parent=21479"}],"wp:term":[{"taxonomy":"category","embeddable":true,"href":"http:\/\/www.radiolibertadmundo.com\/web\/wp-json\/wp\/v2\/categories?post=21479"},{"taxonomy":"post_tag","embeddable":true,"href":"http:\/\/www.radiolibertadmundo.com\/web\/wp-json\/wp\/v2\/tags?post=21479"}],"curies":[{"name":"wp","href":"https:\/\/api.w.org\/{rel}","templated":true}]}}