{"id":21466,"date":"2023-06-15T16:42:00","date_gmt":"2023-06-15T16:42:00","guid":{"rendered":"http:\/\/www.radiolibertadmundo.com\/web\/?p=21466"},"modified":"2023-06-20T14:05:58","modified_gmt":"2023-06-20T14:05:58","slug":"camaradas-carlos-y-dilan-ya-se-encuentran-recluidos-en-la-direccion-de-aviacion-policial","status":"publish","type":"post","link":"http:\/\/www.radiolibertadmundo.com\/web\/camaradas-carlos-y-dilan-ya-se-encuentran-recluidos-en-la-direccion-de-aviacion-policial\/","title":{"rendered":"CAMARADAS \u201cCARLOS\u201d Y \u201cDILAN\u201d YA SE ENCUENTRAN RECLUIDOS EN LA DIRECCI\u00d3N DE AVIACI\u00d3N POLICIAL"},"content":{"rendered":"\n<figure class=\"wp-block-gallery has-nested-images columns-default is-cropped wp-block-gallery-1 is-layout-flex wp-block-gallery-is-layout-flex\">\n<figure class=\"wp-block-image size-large\"><a href=\"http:\/\/www.radiolibertadmundo.com\/web\/wp-content\/uploads\/000252718M.jpg\"><img loading=\"lazy\" decoding=\"async\" width=\"760\" height=\"507\" data-id=\"21467\" src=\"http:\/\/www.radiolibertadmundo.com\/web\/wp-content\/uploads\/000252718M.jpg\" alt=\"\" class=\"wp-image-21467\" srcset=\"http:\/\/www.radiolibertadmundo.com\/web\/wp-content\/uploads\/000252718M.jpg 760w, http:\/\/www.radiolibertadmundo.com\/web\/wp-content\/uploads\/000252718M-300x200.jpg 300w\" sizes=\"auto, (max-width: 760px) 100vw, 760px\" \/><\/a><\/figure>\n\n\n\n<figure class=\"wp-block-image size-large\"><a href=\"http:\/\/www.radiolibertadmundo.com\/web\/wp-content\/uploads\/000252723M.jpg\"><img loading=\"lazy\" decoding=\"async\" width=\"760\" height=\"507\" data-id=\"21469\" src=\"http:\/\/www.radiolibertadmundo.com\/web\/wp-content\/uploads\/000252723M.jpg\" alt=\"\" class=\"wp-image-21469\" srcset=\"http:\/\/www.radiolibertadmundo.com\/web\/wp-content\/uploads\/000252723M.jpg 760w, http:\/\/www.radiolibertadmundo.com\/web\/wp-content\/uploads\/000252723M-300x200.jpg 300w\" sizes=\"auto, (max-width: 760px) 100vw, 760px\" \/><\/a><\/figure>\n\n\n\n<figure class=\"wp-block-image size-large\"><a href=\"http:\/\/www.radiolibertadmundo.com\/web\/wp-content\/uploads\/000967042M.jpg\"><img loading=\"lazy\" decoding=\"async\" width=\"500\" height=\"334\" data-id=\"21468\" src=\"http:\/\/www.radiolibertadmundo.com\/web\/wp-content\/uploads\/000967042M.jpg\" alt=\"\" class=\"wp-image-21468\" srcset=\"http:\/\/www.radiolibertadmundo.com\/web\/wp-content\/uploads\/000967042M.jpg 500w, http:\/\/www.radiolibertadmundo.com\/web\/wp-content\/uploads\/000967042M-300x200.jpg 300w\" sizes=\"auto, (max-width: 500px) 100vw, 500px\" \/><\/a><\/figure>\n<\/figure>\n\n\n\n<p>El Ministro del Interior, Vicente Romero, se\u00f1al\u00f3 que la reciente captura de los narcoterroristas, conocidos como camaradas \u201cCarlos\u00bb y \u00abDilan\u00bb, representa un golpe potente para los remanentes de Sendero Luminoso.<\/p>\n\n\n\n<p>Precisamente, la captura del \u00abcamarada Carlos\u00bb se realiz\u00f3 el pasado mi\u00e9rcoles 14 de junio en Huanta, Ayacucho. El sujeto mencionado era mando militar del denominado Militarizado Partido Comunista del Per\u00fa (MPCP), una facci\u00f3n senderista que opera en el Vraem.<\/p>\n\n\n\n<p>Al respecto, se\u00f1al\u00f3 que fue gracias al trabajo articulado realizado por las fuerzas del orden es que se pudo realizar la captura de manera exitosa.<\/p>\n\n\n\n<p>Ambos detenidos llegaron a la Direcci\u00f3n de Aviaci\u00f3n Policial (DIPA), ubicado en el Callao, luego de que la Segunda Fiscal\u00eda Especializada en Tr\u00e1fico Il\u00edcito de Drogas de Huamanga logr\u00f3 su traslado a la capital.<\/p>\n\n\n\n<p><strong>Los ya mencionados fueron interceptados durante el presunto traslado de alcaloide coca\u00edna<\/strong>&nbsp;desde la zona del Vraem con destino a Huamanga, en Ayacucho.<\/p>\n\n\n\n<p>En la diligencia, ejecutada en coordinaci\u00f3n con personal de inteligencia y efectivos del Departamento de Operaciones T\u00e1cticas Antidrogas (Depotad) de Huamanga,&nbsp;<strong>se intervino el veh\u00edculo en el que iban a bordo ambos imputados<\/strong>.<\/p>\n\n\n\n<p><strong>El operativo se concret\u00f3 tras una investigaci\u00f3n reservada<\/strong>&nbsp;realizada por la Segunda Fiscal\u00eda Especializada en Tr\u00e1fico Il\u00edcito de Drogas (Fetid) de Ayacucho,&nbsp;<strong>que sigue los pasos de una red de traficantes de sustancias il\u00edcitas<\/strong>.&nbsp;<\/p>\n\n\n\n<p>De acuerdo a las pesquisas, estos dos presuntos terroristas ser\u00edan parte de un pelot\u00f3n integrado por 12 elementos subversivos, quienes actuar\u00edan bajo las \u00f3rdenes del camarada \u00abMendoza\u00bb.<\/p>\n\n\n\n<p>Ambos habr\u00edan partido de la zona de Vizcat\u00e1n hacia Putis con la finalidad de hostigar una base militar en el distrito de Santillana.<\/p>\n\n\n\n<p>Al \u201ccamarada Carlos\u201d se le atribuye diferentes ataques sanguinarios, llegando a ser el \u00faltimo el 11 de febrero de este a\u00f1o, en la localidad de Natividad, en La Convenci\u00f3n, Cusco, donde asesinaron a 7 efectivos policiales. Tambi\u00e9n dirigi\u00f3 la matanza de 16 civiles en San Miguel del Ene, en Jun\u00edn, en mayo del 2021.<\/p>\n","protected":false},"excerpt":{"rendered":"<div class=\"mh-excerpt\"><p>El Ministro del Interior, Vicente Romero, se\u00f1al\u00f3 que la reciente captura de los narcoterroristas, conocidos como camaradas \u201cCarlos\u00bb y \u00abDilan\u00bb, representa un golpe potente para <a class=\"mh-excerpt-more\" href=\"http:\/\/www.radiolibertadmundo.com\/web\/camaradas-carlos-y-dilan-ya-se-encuentran-recluidos-en-la-direccion-de-aviacion-policial\/\" title=\"CAMARADAS \u201cCARLOS\u201d Y \u201cDILAN\u201d YA SE ENCUENTRAN RECLUIDOS EN LA DIRECCI\u00d3N DE AVIACI\u00d3N POLICIAL\">[&#8230;]<\/a><\/p>\n<\/div>","protected":false},"author":1,"featured_media":21469,"comment_status":"open","ping_status":"open","sticky":true,"template":"","format":"standard","meta":{"footnotes":""},"categories":[5],"tags":[596],"class_list":["post-21466","post","type-post","status-publish","format-standard","has-post-thumbnail","hentry","category-nacional","tag-terrorismo"],"_links":{"self":[{"href":"http:\/\/www.radiolibertadmundo.com\/web\/wp-json\/wp\/v2\/posts\/21466","targetHints":{"allow":["GET"]}}],"collection":[{"href":"http:\/\/www.radiolibertadmundo.com\/web\/wp-json\/wp\/v2\/posts"}],"about":[{"href":"http:\/\/www.radiolibertadmundo.com\/web\/wp-json\/wp\/v2\/types\/post"}],"author":[{"embeddable":true,"href":"http:\/\/www.radiolibertadmundo.com\/web\/wp-json\/wp\/v2\/users\/1"}],"replies":[{"embeddable":true,"href":"http:\/\/www.radiolibertadmundo.com\/web\/wp-json\/wp\/v2\/comments?post=21466"}],"version-history":[{"count":1,"href":"http:\/\/www.radiolibertadmundo.com\/web\/wp-json\/wp\/v2\/posts\/21466\/revisions"}],"predecessor-version":[{"id":21470,"href":"http:\/\/www.radiolibertadmundo.com\/web\/wp-json\/wp\/v2\/posts\/21466\/revisions\/21470"}],"wp:featuredmedia":[{"embeddable":true,"href":"http:\/\/www.radiolibertadmundo.com\/web\/wp-json\/wp\/v2\/media\/21469"}],"wp:attachment":[{"href":"http:\/\/www.radiolibertadmundo.com\/web\/wp-json\/wp\/v2\/media?parent=21466"}],"wp:term":[{"taxonomy":"category","embeddable":true,"href":"http:\/\/www.radiolibertadmundo.com\/web\/wp-json\/wp\/v2\/categories?post=21466"},{"taxonomy":"post_tag","embeddable":true,"href":"http:\/\/www.radiolibertadmundo.com\/web\/wp-json\/wp\/v2\/tags?post=21466"}],"curies":[{"name":"wp","href":"https:\/\/api.w.org\/{rel}","templated":true}]}}