{"id":21460,"date":"2023-06-15T16:24:00","date_gmt":"2023-06-15T16:24:00","guid":{"rendered":"http:\/\/www.radiolibertadmundo.com\/web\/?p=21460"},"modified":"2023-06-20T13:59:55","modified_gmt":"2023-06-20T13:59:55","slug":"reniec-instala-centro-de-impresion-de-dni-electronico-en-el-porvenir","status":"publish","type":"post","link":"http:\/\/www.radiolibertadmundo.com\/web\/reniec-instala-centro-de-impresion-de-dni-electronico-en-el-porvenir\/","title":{"rendered":"RENIEC INSTALA CENTRO DE IMPRESI\u00d3N DE DNI ELECTR\u00d3NICO EN EL PORVENIR"},"content":{"rendered":"\n<figure class=\"wp-block-gallery has-nested-images columns-default is-cropped wp-block-gallery-1 is-layout-flex wp-block-gallery-is-layout-flex\">\n<figure class=\"wp-block-image size-large\"><a href=\"http:\/\/www.radiolibertadmundo.com\/web\/wp-content\/uploads\/WhatsApp-Image-2023-06-15-at-12.54.55-PM.jpeg\"><img loading=\"lazy\" decoding=\"async\" width=\"1024\" height=\"682\" data-id=\"21464\" src=\"http:\/\/www.radiolibertadmundo.com\/web\/wp-content\/uploads\/WhatsApp-Image-2023-06-15-at-12.54.55-PM-1024x682.jpeg\" alt=\"\" class=\"wp-image-21464\" srcset=\"http:\/\/www.radiolibertadmundo.com\/web\/wp-content\/uploads\/WhatsApp-Image-2023-06-15-at-12.54.55-PM-1024x682.jpeg 1024w, http:\/\/www.radiolibertadmundo.com\/web\/wp-content\/uploads\/WhatsApp-Image-2023-06-15-at-12.54.55-PM-300x200.jpeg 300w, http:\/\/www.radiolibertadmundo.com\/web\/wp-content\/uploads\/WhatsApp-Image-2023-06-15-at-12.54.55-PM-768x512.jpeg 768w, http:\/\/www.radiolibertadmundo.com\/web\/wp-content\/uploads\/WhatsApp-Image-2023-06-15-at-12.54.55-PM-1536x1023.jpeg 1536w, http:\/\/www.radiolibertadmundo.com\/web\/wp-content\/uploads\/WhatsApp-Image-2023-06-15-at-12.54.55-PM.jpeg 1600w\" sizes=\"auto, (max-width: 1024px) 100vw, 1024px\" \/><\/a><\/figure>\n\n\n\n<figure class=\"wp-block-image size-large\"><a href=\"http:\/\/www.radiolibertadmundo.com\/web\/wp-content\/uploads\/WhatsApp-Image-2023-06-15-at-12.54.56-PM-1.jpeg\"><img loading=\"lazy\" decoding=\"async\" width=\"1024\" height=\"760\" data-id=\"21462\" src=\"http:\/\/www.radiolibertadmundo.com\/web\/wp-content\/uploads\/WhatsApp-Image-2023-06-15-at-12.54.56-PM-1-1024x760.jpeg\" alt=\"\" class=\"wp-image-21462\" srcset=\"http:\/\/www.radiolibertadmundo.com\/web\/wp-content\/uploads\/WhatsApp-Image-2023-06-15-at-12.54.56-PM-1-1024x760.jpeg 1024w, http:\/\/www.radiolibertadmundo.com\/web\/wp-content\/uploads\/WhatsApp-Image-2023-06-15-at-12.54.56-PM-1-300x223.jpeg 300w, http:\/\/www.radiolibertadmundo.com\/web\/wp-content\/uploads\/WhatsApp-Image-2023-06-15-at-12.54.56-PM-1-768x570.jpeg 768w, http:\/\/www.radiolibertadmundo.com\/web\/wp-content\/uploads\/WhatsApp-Image-2023-06-15-at-12.54.56-PM-1.jpeg 1364w\" sizes=\"auto, (max-width: 1024px) 100vw, 1024px\" \/><\/a><\/figure>\n\n\n\n<figure class=\"wp-block-image size-large\"><a href=\"http:\/\/www.radiolibertadmundo.com\/web\/wp-content\/uploads\/WhatsApp-Image-2023-06-15-at-12.54.56-PM-2.jpeg\"><img loading=\"lazy\" decoding=\"async\" width=\"1024\" height=\"775\" data-id=\"21461\" src=\"http:\/\/www.radiolibertadmundo.com\/web\/wp-content\/uploads\/WhatsApp-Image-2023-06-15-at-12.54.56-PM-2-1024x775.jpeg\" alt=\"\" class=\"wp-image-21461\" srcset=\"http:\/\/www.radiolibertadmundo.com\/web\/wp-content\/uploads\/WhatsApp-Image-2023-06-15-at-12.54.56-PM-2-1024x775.jpeg 1024w, http:\/\/www.radiolibertadmundo.com\/web\/wp-content\/uploads\/WhatsApp-Image-2023-06-15-at-12.54.56-PM-2-300x227.jpeg 300w, http:\/\/www.radiolibertadmundo.com\/web\/wp-content\/uploads\/WhatsApp-Image-2023-06-15-at-12.54.56-PM-2-768x581.jpeg 768w, http:\/\/www.radiolibertadmundo.com\/web\/wp-content\/uploads\/WhatsApp-Image-2023-06-15-at-12.54.56-PM-2.jpeg 1409w\" sizes=\"auto, (max-width: 1024px) 100vw, 1024px\" \/><\/a><\/figure>\n\n\n\n<figure class=\"wp-block-image size-large\"><a href=\"http:\/\/www.radiolibertadmundo.com\/web\/wp-content\/uploads\/WhatsApp-Image-2023-06-15-at-12.54.56-PM.jpeg\"><img loading=\"lazy\" decoding=\"async\" width=\"1024\" height=\"682\" data-id=\"21463\" src=\"http:\/\/www.radiolibertadmundo.com\/web\/wp-content\/uploads\/WhatsApp-Image-2023-06-15-at-12.54.56-PM-1024x682.jpeg\" alt=\"\" class=\"wp-image-21463\" srcset=\"http:\/\/www.radiolibertadmundo.com\/web\/wp-content\/uploads\/WhatsApp-Image-2023-06-15-at-12.54.56-PM-1024x682.jpeg 1024w, http:\/\/www.radiolibertadmundo.com\/web\/wp-content\/uploads\/WhatsApp-Image-2023-06-15-at-12.54.56-PM-300x200.jpeg 300w, http:\/\/www.radiolibertadmundo.com\/web\/wp-content\/uploads\/WhatsApp-Image-2023-06-15-at-12.54.56-PM-768x512.jpeg 768w, http:\/\/www.radiolibertadmundo.com\/web\/wp-content\/uploads\/WhatsApp-Image-2023-06-15-at-12.54.56-PM-1536x1023.jpeg 1536w, http:\/\/www.radiolibertadmundo.com\/web\/wp-content\/uploads\/WhatsApp-Image-2023-06-15-at-12.54.56-PM.jpeg 1600w\" sizes=\"auto, (max-width: 1024px) 100vw, 1024px\" \/><\/a><\/figure>\n<\/figure>\n\n\n\n<p>La jefa nacional del Registro Nacional de Identificaci\u00f3n y Estado Civil (Reniec) Carmen Velarde Koechlin junto al gerente Municipal de El Porvenir Franco Rodr\u00edguez Diestra visitaron las oficinas del Reniec en este distrito para verificar la instalaci\u00f3n de una m\u00e1quina de impresi\u00f3n de DNI electr\u00f3nico (DNIe) de \u00faltima generaci\u00f3n.<\/p>\n\n\n\n<p>La alta funcionaria explic\u00f3 \u201ccon estos equipos de impresi\u00f3n se busca mejorar el tiempo de atenci\u00f3n a la ciudadan\u00eda, as\u00ed ellos podr\u00e1n obtener sus DNIe en un menor plazo. Adem\u00e1s de evitar la ciberdelincuencia y la usurpaci\u00f3n de identidad. Cada m\u00e1quina puede imprimir hasta 150 DNI diario\u201d, coment\u00f3 Velarde Koechlin en su intervenci\u00f3n.<\/p>\n\n\n\n<p>Este centro de impresi\u00f3n lograr\u00e1 colmar las expectativas de los 235 mil habitantes, quienes hasta el momento esperaban 15 d\u00edas para recibir sus documentos de identificaci\u00f3n. Adem\u00e1s, los usuarios de los sectores de extrema pobreza tendr\u00e1n la preferencia y la agilidad de la entrega del DNIe.<\/p>\n\n\n\n<p>\u201cAl digitalizar todo impacta directamente en la base de datos del Reniec. Asimismo, gracias a estos sistemas de captura en vivo se podr\u00e1 autenticar al ciudadano de forma eficiente\u201d, explic\u00f3 la alta funcionaria del Reniec.<\/p>\n\n\n\n<p>Por su parte, el gerente Municipal, agradeci\u00f3 la visita de la jefa nacional de Reniec y destac\u00f3 que desde ahora la instituci\u00f3n est\u00e1 al nivel de la tecnolog\u00eda y podr\u00e1n agilizar la impresi\u00f3n y la entrega de los documentos de inmediato.<\/p>\n","protected":false},"excerpt":{"rendered":"<div class=\"mh-excerpt\"><p>La jefa nacional del Registro Nacional de Identificaci\u00f3n y Estado Civil (Reniec) Carmen Velarde Koechlin junto al gerente Municipal de El Porvenir Franco Rodr\u00edguez Diestra <a class=\"mh-excerpt-more\" href=\"http:\/\/www.radiolibertadmundo.com\/web\/reniec-instala-centro-de-impresion-de-dni-electronico-en-el-porvenir\/\" title=\"RENIEC INSTALA CENTRO DE IMPRESI\u00d3N DE DNI ELECTR\u00d3NICO EN EL PORVENIR\">[&#8230;]<\/a><\/p>\n<\/div>","protected":false},"author":1,"featured_media":21461,"comment_status":"open","ping_status":"open","sticky":true,"template":"","format":"standard","meta":{"footnotes":""},"categories":[4],"tags":[59,27],"class_list":["post-21460","post","type-post","status-publish","format-standard","has-post-thumbnail","hentry","category-local","tag-la-libertad","tag-trujillo"],"_links":{"self":[{"href":"http:\/\/www.radiolibertadmundo.com\/web\/wp-json\/wp\/v2\/posts\/21460","targetHints":{"allow":["GET"]}}],"collection":[{"href":"http:\/\/www.radiolibertadmundo.com\/web\/wp-json\/wp\/v2\/posts"}],"about":[{"href":"http:\/\/www.radiolibertadmundo.com\/web\/wp-json\/wp\/v2\/types\/post"}],"author":[{"embeddable":true,"href":"http:\/\/www.radiolibertadmundo.com\/web\/wp-json\/wp\/v2\/users\/1"}],"replies":[{"embeddable":true,"href":"http:\/\/www.radiolibertadmundo.com\/web\/wp-json\/wp\/v2\/comments?post=21460"}],"version-history":[{"count":1,"href":"http:\/\/www.radiolibertadmundo.com\/web\/wp-json\/wp\/v2\/posts\/21460\/revisions"}],"predecessor-version":[{"id":21465,"href":"http:\/\/www.radiolibertadmundo.com\/web\/wp-json\/wp\/v2\/posts\/21460\/revisions\/21465"}],"wp:featuredmedia":[{"embeddable":true,"href":"http:\/\/www.radiolibertadmundo.com\/web\/wp-json\/wp\/v2\/media\/21461"}],"wp:attachment":[{"href":"http:\/\/www.radiolibertadmundo.com\/web\/wp-json\/wp\/v2\/media?parent=21460"}],"wp:term":[{"taxonomy":"category","embeddable":true,"href":"http:\/\/www.radiolibertadmundo.com\/web\/wp-json\/wp\/v2\/categories?post=21460"},{"taxonomy":"post_tag","embeddable":true,"href":"http:\/\/www.radiolibertadmundo.com\/web\/wp-json\/wp\/v2\/tags?post=21460"}],"curies":[{"name":"wp","href":"https:\/\/api.w.org\/{rel}","templated":true}]}}