{"id":21455,"date":"2023-06-15T16:11:00","date_gmt":"2023-06-15T16:11:00","guid":{"rendered":"http:\/\/www.radiolibertadmundo.com\/web\/?p=21455"},"modified":"2023-06-15T21:24:17","modified_gmt":"2023-06-15T21:24:17","slug":"gobierno-regional-le-declara-la-guerra-a-invasores-de-terrenos-de-chavimochic","status":"publish","type":"post","link":"http:\/\/www.radiolibertadmundo.com\/web\/gobierno-regional-le-declara-la-guerra-a-invasores-de-terrenos-de-chavimochic\/","title":{"rendered":"GOBIERNO REGIONAL \u00abLE DECLARA LA GUERRA\u00bb A INVASORES DE TERRENOS DE CHAVIMOCHIC"},"content":{"rendered":"\n<figure class=\"wp-block-gallery has-nested-images columns-default is-cropped wp-block-gallery-1 is-layout-flex wp-block-gallery-is-layout-flex\">\n<figure class=\"wp-block-image size-large\"><a href=\"http:\/\/www.radiolibertadmundo.com\/web\/wp-content\/uploads\/WhatsApp-Image-2023-06-15-at-3.38.41-PM.jpeg\"><img loading=\"lazy\" decoding=\"async\" width=\"1024\" height=\"637\" data-id=\"21457\" src=\"http:\/\/www.radiolibertadmundo.com\/web\/wp-content\/uploads\/WhatsApp-Image-2023-06-15-at-3.38.41-PM-1024x637.jpeg\" alt=\"\" class=\"wp-image-21457\" srcset=\"http:\/\/www.radiolibertadmundo.com\/web\/wp-content\/uploads\/WhatsApp-Image-2023-06-15-at-3.38.41-PM-1024x637.jpeg 1024w, http:\/\/www.radiolibertadmundo.com\/web\/wp-content\/uploads\/WhatsApp-Image-2023-06-15-at-3.38.41-PM-300x187.jpeg 300w, http:\/\/www.radiolibertadmundo.com\/web\/wp-content\/uploads\/WhatsApp-Image-2023-06-15-at-3.38.41-PM-768x478.jpeg 768w, http:\/\/www.radiolibertadmundo.com\/web\/wp-content\/uploads\/WhatsApp-Image-2023-06-15-at-3.38.41-PM.jpeg 1280w\" sizes=\"auto, (max-width: 1024px) 100vw, 1024px\" \/><\/a><\/figure>\n\n\n\n<figure class=\"wp-block-image size-large\"><a href=\"http:\/\/www.radiolibertadmundo.com\/web\/wp-content\/uploads\/WhatsApp-Image-2023-06-15-at-3.39.01-PM.jpeg\"><img loading=\"lazy\" decoding=\"async\" width=\"1024\" height=\"624\" data-id=\"21456\" src=\"http:\/\/www.radiolibertadmundo.com\/web\/wp-content\/uploads\/WhatsApp-Image-2023-06-15-at-3.39.01-PM-1024x624.jpeg\" alt=\"\" class=\"wp-image-21456\" srcset=\"http:\/\/www.radiolibertadmundo.com\/web\/wp-content\/uploads\/WhatsApp-Image-2023-06-15-at-3.39.01-PM-1024x624.jpeg 1024w, http:\/\/www.radiolibertadmundo.com\/web\/wp-content\/uploads\/WhatsApp-Image-2023-06-15-at-3.39.01-PM-300x183.jpeg 300w, http:\/\/www.radiolibertadmundo.com\/web\/wp-content\/uploads\/WhatsApp-Image-2023-06-15-at-3.39.01-PM-768x468.jpeg 768w, http:\/\/www.radiolibertadmundo.com\/web\/wp-content\/uploads\/WhatsApp-Image-2023-06-15-at-3.39.01-PM.jpeg 1280w\" sizes=\"auto, (max-width: 1024px) 100vw, 1024px\" \/><\/a><\/figure>\n\n\n\n<figure class=\"wp-block-image size-large\"><a href=\"http:\/\/www.radiolibertadmundo.com\/web\/wp-content\/uploads\/WhatsApp-Image-2023-06-15-at-3.39.22-PM.jpeg\"><img loading=\"lazy\" decoding=\"async\" width=\"1024\" height=\"768\" data-id=\"21458\" src=\"http:\/\/www.radiolibertadmundo.com\/web\/wp-content\/uploads\/WhatsApp-Image-2023-06-15-at-3.39.22-PM-1024x768.jpeg\" alt=\"\" class=\"wp-image-21458\" srcset=\"http:\/\/www.radiolibertadmundo.com\/web\/wp-content\/uploads\/WhatsApp-Image-2023-06-15-at-3.39.22-PM-1024x768.jpeg 1024w, http:\/\/www.radiolibertadmundo.com\/web\/wp-content\/uploads\/WhatsApp-Image-2023-06-15-at-3.39.22-PM-300x225.jpeg 300w, http:\/\/www.radiolibertadmundo.com\/web\/wp-content\/uploads\/WhatsApp-Image-2023-06-15-at-3.39.22-PM-768x576.jpeg 768w, http:\/\/www.radiolibertadmundo.com\/web\/wp-content\/uploads\/WhatsApp-Image-2023-06-15-at-3.39.22-PM-1536x1152.jpeg 1536w, http:\/\/www.radiolibertadmundo.com\/web\/wp-content\/uploads\/WhatsApp-Image-2023-06-15-at-3.39.22-PM.jpeg 1600w\" sizes=\"auto, (max-width: 1024px) 100vw, 1024px\" \/><\/a><\/figure>\n<\/figure>\n\n\n\n<p>Siguiendo las disposiciones del gobernador regional C\u00e9sar Acu\u00f1a Peralta, el Gore La Libertad est\u00e1 ejecutando un trabajo articulado entre la PNP, Ministerio P\u00fablico y Poder judicial para evitar que sujetos inescrupulosos contin\u00faen apoder\u00e1ndose de grandes extensiones de tierras que son propiedad del estado y del Proyecto Especial Chavimochic.<\/p>\n\n\n\n<p>En conferencia de prensa, el procurador Publico Regional Pedro Armas Plasencia, junto al Gerente del PECH, Carlos Pagador, y el consejero Regional Robert de La Cruz, presidente de la Comisi\u00f3n de Proyectos Especiales del Consejo Regional, anunciaron que se han registrado 145 procesos de demanda de prescripci\u00f3n adquisitiva para intentar apropiarse de m\u00e1s de 500 hect\u00e1reas de terreno que le pertenecen al PECH y que estos procesos estar\u00edan siendo admitidos sin el debido sustento. \u00abPor ellos, vamos a defender a capa y espada los terrenos de los peruanos y liberte\u00f1os. Les declaramos la guerra a estas organizaciones mafiosas que quieren lucrar delinquiendo\u00bb, afirmaron las autoridades.<\/p>\n\n\n\n<p>El funcionario tambi\u00e9n agreg\u00f3 que, una vez judicializado estos procesos, los traficantes de tierras lotizan estos terrenos para viviendas y terminan enga\u00f1ando a muchas personas por lo que exhort\u00f3 a que los ciudadanos sean muy cautelosos y no se dejen enga\u00f1ar.<\/p>\n\n\n\n<p><strong>EN RIESGO EJECUCI\u00d3N DE LA III ETAPA DEL PECH<\/strong><\/p>\n\n\n\n<p>A su turno el Gerente del Proyecto Especial Chavimochic, Carlos Pagador, anunci\u00f3 que esta situaci\u00f3n no solo ocasiona perjuicios econ\u00f3micos, sino que tambi\u00e9n se pone en riesgo la continuidad de grandes proyectos de inversi\u00f3n.<\/p>\n\n\n\n<p>\u201cEstas invasiones en m\u00e1s de 500 hect\u00e1reas ocasionar\u00edan p\u00e9rdidas econ\u00f3micas de 20 millones de d\u00f3lares y tambi\u00e9n causar\u00eda perjuicios a la continuidad del proyecto Chavimochic, lo que conllevar\u00eda a un atraso y falta de dinamismo econ\u00f3mico en la regi\u00f3n\u201d agreg\u00f3 titular del PECH<\/p>\n\n\n\n<p>El Gobierno Regional La Libertad tiene reservada \u00e1reas de terreno para el desarrollo de proyectos de inter\u00e9s regional, por lo que est\u00e1 realizando una serie de acciones legales y estrategias para hacer una lucha frontal contra esta mafia de traficantes de tierras.<\/p>\n\n\n\n<p><strong>INVOLUCRADOS EN INVASI\u00d3N DE TERRENOS DEL ESTADO<\/strong><\/p>\n\n\n\n<p>Las autoridades del GORE La Libertad dieron a conocer de forma p\u00fablica la relaci\u00f3n de personas que est\u00e1n involucradas con la invasi\u00f3n de terrenos de Chavimochic. Los nombres corresponden a Lhenin Jhayder Prado Zavaleta, Pomahuali Paucar Ubaldo Teodoro, Jorge Luis Alcalde Alfaro, Santti Torres Consuelo Elizabeth, Luciano Mendoza Pirgo, Carlos Enrique Fern\u00e1ndez verde.<\/p>\n","protected":false},"excerpt":{"rendered":"<div class=\"mh-excerpt\"><p>Siguiendo las disposiciones del gobernador regional C\u00e9sar Acu\u00f1a Peralta, el Gore La Libertad est\u00e1 ejecutando un trabajo articulado entre la PNP, Ministerio P\u00fablico y Poder <a class=\"mh-excerpt-more\" href=\"http:\/\/www.radiolibertadmundo.com\/web\/gobierno-regional-le-declara-la-guerra-a-invasores-de-terrenos-de-chavimochic\/\" title=\"GOBIERNO REGIONAL \u00abLE DECLARA LA GUERRA\u00bb A INVASORES DE TERRENOS DE CHAVIMOCHIC\">[&#8230;]<\/a><\/p>\n<\/div>","protected":false},"author":1,"featured_media":21456,"comment_status":"open","ping_status":"open","sticky":true,"template":"","format":"standard","meta":{"footnotes":""},"categories":[4],"tags":[59,27],"class_list":["post-21455","post","type-post","status-publish","format-standard","has-post-thumbnail","hentry","category-local","tag-la-libertad","tag-trujillo"],"_links":{"self":[{"href":"http:\/\/www.radiolibertadmundo.com\/web\/wp-json\/wp\/v2\/posts\/21455","targetHints":{"allow":["GET"]}}],"collection":[{"href":"http:\/\/www.radiolibertadmundo.com\/web\/wp-json\/wp\/v2\/posts"}],"about":[{"href":"http:\/\/www.radiolibertadmundo.com\/web\/wp-json\/wp\/v2\/types\/post"}],"author":[{"embeddable":true,"href":"http:\/\/www.radiolibertadmundo.com\/web\/wp-json\/wp\/v2\/users\/1"}],"replies":[{"embeddable":true,"href":"http:\/\/www.radiolibertadmundo.com\/web\/wp-json\/wp\/v2\/comments?post=21455"}],"version-history":[{"count":1,"href":"http:\/\/www.radiolibertadmundo.com\/web\/wp-json\/wp\/v2\/posts\/21455\/revisions"}],"predecessor-version":[{"id":21459,"href":"http:\/\/www.radiolibertadmundo.com\/web\/wp-json\/wp\/v2\/posts\/21455\/revisions\/21459"}],"wp:featuredmedia":[{"embeddable":true,"href":"http:\/\/www.radiolibertadmundo.com\/web\/wp-json\/wp\/v2\/media\/21456"}],"wp:attachment":[{"href":"http:\/\/www.radiolibertadmundo.com\/web\/wp-json\/wp\/v2\/media?parent=21455"}],"wp:term":[{"taxonomy":"category","embeddable":true,"href":"http:\/\/www.radiolibertadmundo.com\/web\/wp-json\/wp\/v2\/categories?post=21455"},{"taxonomy":"post_tag","embeddable":true,"href":"http:\/\/www.radiolibertadmundo.com\/web\/wp-json\/wp\/v2\/tags?post=21455"}],"curies":[{"name":"wp","href":"https:\/\/api.w.org\/{rel}","templated":true}]}}