{"id":21450,"date":"2023-06-13T15:45:00","date_gmt":"2023-06-13T15:45:00","guid":{"rendered":"http:\/\/www.radiolibertadmundo.com\/web\/?p=21450"},"modified":"2023-06-13T20:49:01","modified_gmt":"2023-06-13T20:49:01","slug":"mef-asignara-hasta-s-3000-millones-para-medidas-adicionales-ante-el-nino-global","status":"publish","type":"post","link":"http:\/\/www.radiolibertadmundo.com\/web\/mef-asignara-hasta-s-3000-millones-para-medidas-adicionales-ante-el-nino-global\/","title":{"rendered":"MEF ASIGNAR\u00c1 HASTA S\/ 3,000 MILLONES PARA MEDIDAS ADICIONALES ANTE EL NI\u00d1O GLOBAL"},"content":{"rendered":"\n<figure class=\"wp-block-gallery has-nested-images columns-default is-cropped wp-block-gallery-1 is-layout-flex wp-block-gallery-is-layout-flex\">\n<figure class=\"wp-block-image size-large\"><a href=\"http:\/\/www.radiolibertadmundo.com\/web\/wp-content\/uploads\/640c3257b23bcf4a53591d37.png\"><img loading=\"lazy\" decoding=\"async\" width=\"1024\" height=\"563\" data-id=\"21452\" src=\"http:\/\/www.radiolibertadmundo.com\/web\/wp-content\/uploads\/640c3257b23bcf4a53591d37-1024x563.png\" alt=\"\" class=\"wp-image-21452\" srcset=\"http:\/\/www.radiolibertadmundo.com\/web\/wp-content\/uploads\/640c3257b23bcf4a53591d37-1024x563.png 1024w, http:\/\/www.radiolibertadmundo.com\/web\/wp-content\/uploads\/640c3257b23bcf4a53591d37-300x165.png 300w, http:\/\/www.radiolibertadmundo.com\/web\/wp-content\/uploads\/640c3257b23bcf4a53591d37-768x422.png 768w, http:\/\/www.radiolibertadmundo.com\/web\/wp-content\/uploads\/640c3257b23bcf4a53591d37-120x67.png 120w, http:\/\/www.radiolibertadmundo.com\/web\/wp-content\/uploads\/640c3257b23bcf4a53591d37.png 1200w\" sizes=\"auto, (max-width: 1024px) 100vw, 1024px\" \/><\/a><\/figure>\n\n\n\n<figure class=\"wp-block-image size-large\"><a href=\"http:\/\/www.radiolibertadmundo.com\/web\/wp-content\/uploads\/lluvias-en-Peru-Small.jpg\"><img loading=\"lazy\" decoding=\"async\" width=\"835\" height=\"480\" data-id=\"21453\" src=\"http:\/\/www.radiolibertadmundo.com\/web\/wp-content\/uploads\/lluvias-en-Peru-Small.jpg\" alt=\"\" class=\"wp-image-21453\" srcset=\"http:\/\/www.radiolibertadmundo.com\/web\/wp-content\/uploads\/lluvias-en-Peru-Small.jpg 835w, http:\/\/www.radiolibertadmundo.com\/web\/wp-content\/uploads\/lluvias-en-Peru-Small-300x172.jpg 300w, http:\/\/www.radiolibertadmundo.com\/web\/wp-content\/uploads\/lluvias-en-Peru-Small-768x441.jpg 768w\" sizes=\"auto, (max-width: 835px) 100vw, 835px\" \/><\/a><\/figure>\n\n\n\n<figure class=\"wp-block-image size-large\"><a href=\"http:\/\/www.radiolibertadmundo.com\/web\/wp-content\/uploads\/Inundaciones-ciclon-Yaku-foto-MINDEF.jpg\"><img loading=\"lazy\" decoding=\"async\" width=\"1024\" height=\"618\" data-id=\"21451\" src=\"http:\/\/www.radiolibertadmundo.com\/web\/wp-content\/uploads\/Inundaciones-ciclon-Yaku-foto-MINDEF.jpg\" alt=\"\" class=\"wp-image-21451\" srcset=\"http:\/\/www.radiolibertadmundo.com\/web\/wp-content\/uploads\/Inundaciones-ciclon-Yaku-foto-MINDEF.jpg 1024w, http:\/\/www.radiolibertadmundo.com\/web\/wp-content\/uploads\/Inundaciones-ciclon-Yaku-foto-MINDEF-300x181.jpg 300w, http:\/\/www.radiolibertadmundo.com\/web\/wp-content\/uploads\/Inundaciones-ciclon-Yaku-foto-MINDEF-768x464.jpg 768w\" sizes=\"auto, (max-width: 1024px) 100vw, 1024px\" \/><\/a><\/figure>\n<\/figure>\n\n\n\n<p>El titular del Ministerio de Econom\u00eda y Finanzas (MEF), Alex Contreras, anunci\u00f3 este martes que el Gobierno de Dina Boluarte asignar\u00e1 un presupuesto adicional de hasta S\/ 3,000 millones para ejecutar dichas disposiciones y en los pr\u00f3ximos d\u00edas dictar\u00e1 medidas para enfrentar el riesgo de El Ni\u00f1o global.<\/p>\n\n\n\n<p>Contreras reconoci\u00f3 que el Ni\u00f1o global es el mayor riesgo que al Per\u00fa le tocar\u00e1 enfrentar en lo que queda del a\u00f1o y hacia el pr\u00f3ximo a\u00f1o, por lo cual se est\u00e1 preparando un paquete de medidas urgentes.<\/p>\n\n\n\n<p>En otro momento, el titular del MEF dio a conocer sobre los pr\u00f3ximos anuncios del Ejecutivo en el marco de las acciones frente al inicio de El Ni\u00f1o global. \u201cHoy se van a tomar decisiones muy importantes y todas las semanas nos estamos reuniendo con ese objetivo. \u00bfQu\u00e9 le digo a la poblaci\u00f3n? Primero, que estamos trabajando en eso y estos d\u00edas van a salir m\u00e1s dispositivos en esa l\u00ednea, porque tenemos que prepararnos todos y trabajar articuladamente\u201d, dijo<\/p>\n\n\n\n<p>\u201cHay un grupo de tareas espec\u00edficas donde estamos preparando un paquete, ha sido un trabajo arduo de semanas y que deber\u00eda salir en estos d\u00edas. Por el lado de la Presidencia del Consejo de Ministros hay un trabajo de coordinaci\u00f3n muy estrecho con los gobiernos regionales y locales, porque esta es una tarea que nos compete a todos\u201d, agreg\u00f3.<\/p>\n\n\n\n<p>En otro momento, el ministro consider\u00f3 que el Ni\u00f1o global es m\u00e1s f\u00e1cil de predecir, porque se sabe c\u00f3mo se va moviendo y las proyecciones del clima son mucho m\u00e1s precisas. \u201cTenemos que trabajar de manera organizada, no nos queda mucho tiempo as\u00ed que en estos d\u00edas seremos muy activos\u201d, manifest\u00f3. <strong><em>(www.gesti\u00f3n.pe)<\/em><\/strong><\/p>\n","protected":false},"excerpt":{"rendered":"<div class=\"mh-excerpt\"><p>El titular del Ministerio de Econom\u00eda y Finanzas (MEF), Alex Contreras, anunci\u00f3 este martes que el Gobierno de Dina Boluarte asignar\u00e1 un presupuesto adicional de <a class=\"mh-excerpt-more\" href=\"http:\/\/www.radiolibertadmundo.com\/web\/mef-asignara-hasta-s-3000-millones-para-medidas-adicionales-ante-el-nino-global\/\" title=\"MEF ASIGNAR\u00c1 HASTA S\/ 3,000 MILLONES PARA MEDIDAS ADICIONALES ANTE EL NI\u00d1O GLOBAL\">[&#8230;]<\/a><\/p>\n<\/div>","protected":false},"author":1,"featured_media":21453,"comment_status":"open","ping_status":"open","sticky":true,"template":"","format":"standard","meta":{"footnotes":""},"categories":[4],"tags":[27],"class_list":["post-21450","post","type-post","status-publish","format-standard","has-post-thumbnail","hentry","category-local","tag-trujillo"],"_links":{"self":[{"href":"http:\/\/www.radiolibertadmundo.com\/web\/wp-json\/wp\/v2\/posts\/21450","targetHints":{"allow":["GET"]}}],"collection":[{"href":"http:\/\/www.radiolibertadmundo.com\/web\/wp-json\/wp\/v2\/posts"}],"about":[{"href":"http:\/\/www.radiolibertadmundo.com\/web\/wp-json\/wp\/v2\/types\/post"}],"author":[{"embeddable":true,"href":"http:\/\/www.radiolibertadmundo.com\/web\/wp-json\/wp\/v2\/users\/1"}],"replies":[{"embeddable":true,"href":"http:\/\/www.radiolibertadmundo.com\/web\/wp-json\/wp\/v2\/comments?post=21450"}],"version-history":[{"count":1,"href":"http:\/\/www.radiolibertadmundo.com\/web\/wp-json\/wp\/v2\/posts\/21450\/revisions"}],"predecessor-version":[{"id":21454,"href":"http:\/\/www.radiolibertadmundo.com\/web\/wp-json\/wp\/v2\/posts\/21450\/revisions\/21454"}],"wp:featuredmedia":[{"embeddable":true,"href":"http:\/\/www.radiolibertadmundo.com\/web\/wp-json\/wp\/v2\/media\/21453"}],"wp:attachment":[{"href":"http:\/\/www.radiolibertadmundo.com\/web\/wp-json\/wp\/v2\/media?parent=21450"}],"wp:term":[{"taxonomy":"category","embeddable":true,"href":"http:\/\/www.radiolibertadmundo.com\/web\/wp-json\/wp\/v2\/categories?post=21450"},{"taxonomy":"post_tag","embeddable":true,"href":"http:\/\/www.radiolibertadmundo.com\/web\/wp-json\/wp\/v2\/tags?post=21450"}],"curies":[{"name":"wp","href":"https:\/\/api.w.org\/{rel}","templated":true}]}}