{"id":21418,"date":"2023-06-12T10:05:00","date_gmt":"2023-06-12T10:05:00","guid":{"rendered":"http:\/\/www.radiolibertadmundo.com\/web\/?p=21418"},"modified":"2023-06-12T15:05:48","modified_gmt":"2023-06-12T15:05:48","slug":"realizan-fumigacion-masiva-en-laredo-para-prevenir-el-dengue","status":"publish","type":"post","link":"http:\/\/www.radiolibertadmundo.com\/web\/realizan-fumigacion-masiva-en-laredo-para-prevenir-el-dengue\/","title":{"rendered":"REALIZAN FUMIGACI\u00d3N MASIVA EN LAREDO PARA PREVENIR EL DENGUE"},"content":{"rendered":"\n<figure class=\"wp-block-gallery has-nested-images columns-default is-cropped wp-block-gallery-1 is-layout-flex wp-block-gallery-is-layout-flex\">\n<figure class=\"wp-block-image size-large\"><a href=\"http:\/\/www.radiolibertadmundo.com\/web\/wp-content\/uploads\/WhatsApp-Image-2023-06-11-at-4.29.54-PM.jpeg\"><img loading=\"lazy\" decoding=\"async\" width=\"1024\" height=\"461\" data-id=\"21419\" src=\"http:\/\/www.radiolibertadmundo.com\/web\/wp-content\/uploads\/WhatsApp-Image-2023-06-11-at-4.29.54-PM-1024x461.jpeg\" alt=\"\" class=\"wp-image-21419\" srcset=\"http:\/\/www.radiolibertadmundo.com\/web\/wp-content\/uploads\/WhatsApp-Image-2023-06-11-at-4.29.54-PM-1024x461.jpeg 1024w, http:\/\/www.radiolibertadmundo.com\/web\/wp-content\/uploads\/WhatsApp-Image-2023-06-11-at-4.29.54-PM-300x135.jpeg 300w, http:\/\/www.radiolibertadmundo.com\/web\/wp-content\/uploads\/WhatsApp-Image-2023-06-11-at-4.29.54-PM-768x346.jpeg 768w, http:\/\/www.radiolibertadmundo.com\/web\/wp-content\/uploads\/WhatsApp-Image-2023-06-11-at-4.29.54-PM-1536x692.jpeg 1536w, http:\/\/www.radiolibertadmundo.com\/web\/wp-content\/uploads\/WhatsApp-Image-2023-06-11-at-4.29.54-PM.jpeg 1600w\" sizes=\"auto, (max-width: 1024px) 100vw, 1024px\" \/><\/a><\/figure>\n\n\n\n<figure class=\"wp-block-image size-large\"><a href=\"http:\/\/www.radiolibertadmundo.com\/web\/wp-content\/uploads\/WhatsApp-Image-2023-06-11-at-4.29.55-PM.jpeg\"><img loading=\"lazy\" decoding=\"async\" width=\"1024\" height=\"768\" data-id=\"21420\" src=\"http:\/\/www.radiolibertadmundo.com\/web\/wp-content\/uploads\/WhatsApp-Image-2023-06-11-at-4.29.55-PM-1024x768.jpeg\" alt=\"\" class=\"wp-image-21420\" srcset=\"http:\/\/www.radiolibertadmundo.com\/web\/wp-content\/uploads\/WhatsApp-Image-2023-06-11-at-4.29.55-PM-1024x768.jpeg 1024w, http:\/\/www.radiolibertadmundo.com\/web\/wp-content\/uploads\/WhatsApp-Image-2023-06-11-at-4.29.55-PM-300x225.jpeg 300w, http:\/\/www.radiolibertadmundo.com\/web\/wp-content\/uploads\/WhatsApp-Image-2023-06-11-at-4.29.55-PM-768x576.jpeg 768w, http:\/\/www.radiolibertadmundo.com\/web\/wp-content\/uploads\/WhatsApp-Image-2023-06-11-at-4.29.55-PM-1536x1152.jpeg 1536w, http:\/\/www.radiolibertadmundo.com\/web\/wp-content\/uploads\/WhatsApp-Image-2023-06-11-at-4.29.55-PM.jpeg 1600w\" sizes=\"auto, (max-width: 1024px) 100vw, 1024px\" \/><\/a><\/figure>\n<\/figure>\n\n\n\n<p>En una iniciativa liderada por la Red de Salud Trujillo se llev\u00f3 a cabo una importante campa\u00f1a de fumigaci\u00f3n en varios sectores del distrito de Laredo durante la \u00faltima semana. Esto en coordinaci\u00f3n con la Microred de Salud Laredo y la participaci\u00f3n de los trabajadores del Hospital Distrital de Laredo, agentes comunitarios de salud y el apoyo de la empresa privada, quienes se sumaron a la campa\u00f1a Hazle el Pare al Dengue.<\/p>\n\n\n\n<p>El objetivo principal de esta acci\u00f3n fue prevenir la propagaci\u00f3n del dengue y proteger a la poblaci\u00f3n de posibles casos de esta enfermedad transmitida por zancudos, de acuerdo a las directivas del gobernador regional de La Libertad, C\u00e9sar Acu\u00f1a Peralta.<\/p>\n\n\n\n<p>La fumigaci\u00f3n se realiz\u00f3 de manera exhaustiva durante varios d\u00edas consecutivos en diversos sectores. Solo el s\u00e1bado y domingo se fumig\u00f3 en Laredo Centro, Jardines, Sector 1, San Nicolas del Paso, Villa Garc\u00eda, Urb. V\u00edctor Ra\u00fal Haya de La Torre, Los H\u00e9roes, entre otros. Estas \u00e1reas fueron seleccionadas estrat\u00e9gicamente debido a la presencia de casos positivos de dengue en la zona.<\/p>\n\n\n\n<p>En el marco de esta campa\u00f1a, se prioriz\u00f3 la fumigaci\u00f3n en instituciones educativas, viviendas y establecimientos de salud del distrito. La Instituci\u00f3n Educativa de Valle Sol, ubicada en el centro poblado de Valle Sol, fue uno de los primeros lugares en ser fumigados.<\/p>\n\n\n\n<p>Asimismo, particip\u00f3 personal del Hospital de Laredo y agentes comunitarios de salud del sector, quienes capacitaron a estudiantes, personal docente y administrativo sobre la importancia de no permanecer en las aulas o establecimientos de salud durante un periodo de 1 a 2 horas para evitar la exposici\u00f3n a los productos utilizados en la fumigaci\u00f3n.<\/p>\n\n\n\n<p>Con estas acciones, las autoridades locales y el personal de salud buscan salvaguardar la salud de la poblaci\u00f3n y evitar la propagaci\u00f3n del dengue en el distrito de Laredo.<\/p>\n","protected":false},"excerpt":{"rendered":"<div class=\"mh-excerpt\"><p>En una iniciativa liderada por la Red de Salud Trujillo se llev\u00f3 a cabo una importante campa\u00f1a de fumigaci\u00f3n en varios sectores del distrito de <a class=\"mh-excerpt-more\" href=\"http:\/\/www.radiolibertadmundo.com\/web\/realizan-fumigacion-masiva-en-laredo-para-prevenir-el-dengue\/\" title=\"REALIZAN FUMIGACI\u00d3N MASIVA EN LAREDO PARA PREVENIR EL DENGUE\">[&#8230;]<\/a><\/p>\n<\/div>","protected":false},"author":1,"featured_media":21420,"comment_status":"open","ping_status":"open","sticky":true,"template":"","format":"standard","meta":{"footnotes":""},"categories":[4],"tags":[1275],"class_list":["post-21418","post","type-post","status-publish","format-standard","has-post-thumbnail","hentry","category-local","tag-dengue"],"_links":{"self":[{"href":"http:\/\/www.radiolibertadmundo.com\/web\/wp-json\/wp\/v2\/posts\/21418","targetHints":{"allow":["GET"]}}],"collection":[{"href":"http:\/\/www.radiolibertadmundo.com\/web\/wp-json\/wp\/v2\/posts"}],"about":[{"href":"http:\/\/www.radiolibertadmundo.com\/web\/wp-json\/wp\/v2\/types\/post"}],"author":[{"embeddable":true,"href":"http:\/\/www.radiolibertadmundo.com\/web\/wp-json\/wp\/v2\/users\/1"}],"replies":[{"embeddable":true,"href":"http:\/\/www.radiolibertadmundo.com\/web\/wp-json\/wp\/v2\/comments?post=21418"}],"version-history":[{"count":1,"href":"http:\/\/www.radiolibertadmundo.com\/web\/wp-json\/wp\/v2\/posts\/21418\/revisions"}],"predecessor-version":[{"id":21421,"href":"http:\/\/www.radiolibertadmundo.com\/web\/wp-json\/wp\/v2\/posts\/21418\/revisions\/21421"}],"wp:featuredmedia":[{"embeddable":true,"href":"http:\/\/www.radiolibertadmundo.com\/web\/wp-json\/wp\/v2\/media\/21420"}],"wp:attachment":[{"href":"http:\/\/www.radiolibertadmundo.com\/web\/wp-json\/wp\/v2\/media?parent=21418"}],"wp:term":[{"taxonomy":"category","embeddable":true,"href":"http:\/\/www.radiolibertadmundo.com\/web\/wp-json\/wp\/v2\/categories?post=21418"},{"taxonomy":"post_tag","embeddable":true,"href":"http:\/\/www.radiolibertadmundo.com\/web\/wp-json\/wp\/v2\/tags?post=21418"}],"curies":[{"name":"wp","href":"https:\/\/api.w.org\/{rel}","templated":true}]}}