{"id":20134,"date":"2019-04-15T16:33:27","date_gmt":"2019-04-15T16:33:27","guid":{"rendered":"http:\/\/www.radiolibertadmundo.com\/web\/?p=20134"},"modified":"2019-04-15T16:33:28","modified_gmt":"2019-04-15T16:33:28","slug":"pedido-de-prision-preventiva-contra-pedro-pablo-kuczynski-se-evaluara-manana","status":"publish","type":"post","link":"http:\/\/www.radiolibertadmundo.com\/web\/pedido-de-prision-preventiva-contra-pedro-pablo-kuczynski-se-evaluara-manana\/","title":{"rendered":"Pedido de prisi\u00f3n preventiva contra Pedro Pablo Kuczynski se evaluar\u00e1 ma\u00f1ana"},"content":{"rendered":"\n<ul class=\"wp-block-gallery columns-1 is-cropped wp-block-gallery-1 is-layout-flex wp-block-gallery-is-layout-flex\"><li class=\"blocks-gallery-item\"><figure><img loading=\"lazy\" decoding=\"async\" width=\"604\" height=\"340\" src=\"http:\/\/www.radiolibertadmundo.com\/web\/wp-content\/uploads\/584658_778115.jpg\" alt=\"\" data-id=\"20135\" data-link=\"http:\/\/www.radiolibertadmundo.com\/web\/?attachment_id=20135\" class=\"wp-image-20135\" srcset=\"http:\/\/www.radiolibertadmundo.com\/web\/wp-content\/uploads\/584658_778115.jpg 604w, http:\/\/www.radiolibertadmundo.com\/web\/wp-content\/uploads\/584658_778115-300x169.jpg 300w\" sizes=\"auto, (max-width: 604px) 100vw, 604px\" \/><\/figure><\/li><\/ul>\n\n\n\n<h2 class=\"wp-block-heading\"><\/h2>\n\n\n\n<p><br>El recurso de prisi\u00f3n preventiva solicitado por el fiscal Jos\u00e9 Domingo P\u00e9rez contra el expresidente\u00a0Pedro Pablo Kuczynski ser\u00e1 evaluada ma\u00f1ana a partir de las 9 a.m. Tras 20 minutos de deliberaci\u00f3n, la Sala conformada por los jueces Juan Piscoya, Marco Angulo y V\u00edctor Enriquez decidi\u00f3 suspender la audiencia de apelaci\u00f3n de detenci\u00f3n preliminar contra el expresidente Pedro Pablo Kuczynski y otros dos implicados investigados por lavado de activos en el caso Odebrecht.\u00a0Esto tras el requerimiento de prisi\u00f3n preventiva presentado por la Fiscal\u00eda durante la ma\u00f1ana.<\/p>\n\n\n\n<p>Por lo tanto, tras la suspensi\u00f3n, se decidi\u00f3 que\u00a0ma\u00f1ana martes 16 de abril a las 9 a.m. se realizar\u00e1 la audiencia de prisi\u00f3n preventiva. El exmandatario, Gloria Kisic y Jos\u00e9 Luis Bernaola continuar\u00e1n cumpliendo prisi\u00f3n preliminar. C\u00e9sar Nakazaki, defensa legal del expresidente y su chofer Jos\u00e9 Luis Bernaola, se pronunci\u00f3 ante la Sala. \u00abEl pedido resulta ilegal porque viola el derecho a la defensa, por lo tanto nos oponemos (&#8230;) La Fiscal\u00eda sostiene que el procedimiento debe terminar. Lo importante es revisar su fundamento legal no tra\u00eddo por escrito\u00bb, enfatiz\u00f3.<\/p>\n\n\n\n<p>El abogado de Kuczynki intent\u00f3 argumentar ante la Sala los motivos para no dar por concluida la audiencia como lo sugiri\u00f3 la Fiscal\u00eda. En ese sentido, Nakazaki cuestion\u00f3 que en una investigaci\u00f3n de 1 a\u00f1o 4 meses, la Fiscal\u00eda decide plantear un caso de organizaci\u00f3n criminal. \u00abEn el requerimiento de detenci\u00f3n preliminar se ha dicho que hay lavado de activos agravado y que se ampli\u00f3 por asociaci\u00f3n il\u00edcita, pero en la disposici\u00f3n de prisi\u00f3n preventiva eso no est\u00e1\u00bb, destac\u00f3.<\/p>\n\n\n\n<p><\/p>\n\n\n\n<p><\/p>\n\n\n\n<p><\/p>\n\n\n\n<p><\/p>\n\n\n\n<p><\/p>\n","protected":false},"excerpt":{"rendered":"<div class=\"mh-excerpt\"><p>El recurso de prisi\u00f3n preventiva solicitado por el fiscal Jos\u00e9 Domingo P\u00e9rez contra el expresidente\u00a0Pedro Pablo Kuczynski ser\u00e1 evaluada ma\u00f1ana a partir de las 9 <a class=\"mh-excerpt-more\" href=\"http:\/\/www.radiolibertadmundo.com\/web\/pedido-de-prision-preventiva-contra-pedro-pablo-kuczynski-se-evaluara-manana\/\" title=\"Pedido de prisi\u00f3n preventiva contra Pedro Pablo Kuczynski se evaluar\u00e1 ma\u00f1ana\">[&#8230;]<\/a><\/p>\n<\/div>","protected":false},"author":1,"featured_media":20136,"comment_status":"open","ping_status":"open","sticky":false,"template":"","format":"gallery","meta":{"footnotes":""},"categories":[3],"tags":[],"class_list":["post-20134","post","type-post","status-publish","format-gallery","has-post-thumbnail","hentry","category-noticias","post_format-post-format-gallery"],"_links":{"self":[{"href":"http:\/\/www.radiolibertadmundo.com\/web\/wp-json\/wp\/v2\/posts\/20134","targetHints":{"allow":["GET"]}}],"collection":[{"href":"http:\/\/www.radiolibertadmundo.com\/web\/wp-json\/wp\/v2\/posts"}],"about":[{"href":"http:\/\/www.radiolibertadmundo.com\/web\/wp-json\/wp\/v2\/types\/post"}],"author":[{"embeddable":true,"href":"http:\/\/www.radiolibertadmundo.com\/web\/wp-json\/wp\/v2\/users\/1"}],"replies":[{"embeddable":true,"href":"http:\/\/www.radiolibertadmundo.com\/web\/wp-json\/wp\/v2\/comments?post=20134"}],"version-history":[{"count":1,"href":"http:\/\/www.radiolibertadmundo.com\/web\/wp-json\/wp\/v2\/posts\/20134\/revisions"}],"predecessor-version":[{"id":20137,"href":"http:\/\/www.radiolibertadmundo.com\/web\/wp-json\/wp\/v2\/posts\/20134\/revisions\/20137"}],"wp:featuredmedia":[{"embeddable":true,"href":"http:\/\/www.radiolibertadmundo.com\/web\/wp-json\/wp\/v2\/media\/20136"}],"wp:attachment":[{"href":"http:\/\/www.radiolibertadmundo.com\/web\/wp-json\/wp\/v2\/media?parent=20134"}],"wp:term":[{"taxonomy":"category","embeddable":true,"href":"http:\/\/www.radiolibertadmundo.com\/web\/wp-json\/wp\/v2\/categories?post=20134"},{"taxonomy":"post_tag","embeddable":true,"href":"http:\/\/www.radiolibertadmundo.com\/web\/wp-json\/wp\/v2\/tags?post=20134"}],"curies":[{"name":"wp","href":"https:\/\/api.w.org\/{rel}","templated":true}]}}