{"id":20113,"date":"2019-04-13T16:45:34","date_gmt":"2019-04-13T16:45:34","guid":{"rendered":"http:\/\/www.radiolibertadmundo.com\/web\/?p=20113"},"modified":"2019-04-13T16:45:35","modified_gmt":"2019-04-13T16:45:35","slug":"dictan-prision-preventiva-contra-tres-policias-por-pedir-coima-para-liberar-a-detenido","status":"publish","type":"post","link":"http:\/\/www.radiolibertadmundo.com\/web\/dictan-prision-preventiva-contra-tres-policias-por-pedir-coima-para-liberar-a-detenido\/","title":{"rendered":"Dictan prisi\u00f3n preventiva contra tres polic\u00edas por pedir coima para liberar a detenido"},"content":{"rendered":"\n<ul class=\"wp-block-gallery columns-1 is-cropped wp-block-gallery-1 is-layout-flex wp-block-gallery-is-layout-flex\"><li class=\"blocks-gallery-item\"><figure><img loading=\"lazy\" decoding=\"async\" width=\"604\" height=\"340\" src=\"http:\/\/www.radiolibertadmundo.com\/web\/wp-content\/uploads\/dictan-prision-preventiva-contra-tres-policias-p-881423-362203-jpg_604x0.jpg\" alt=\"\" data-id=\"20114\" data-link=\"http:\/\/www.radiolibertadmundo.com\/web\/?attachment_id=20114\" class=\"wp-image-20114\" srcset=\"http:\/\/www.radiolibertadmundo.com\/web\/wp-content\/uploads\/dictan-prision-preventiva-contra-tres-policias-p-881423-362203-jpg_604x0.jpg 604w, http:\/\/www.radiolibertadmundo.com\/web\/wp-content\/uploads\/dictan-prision-preventiva-contra-tres-policias-p-881423-362203-jpg_604x0-300x169.jpg 300w\" sizes=\"auto, (max-width: 604px) 100vw, 604px\" \/><\/figure><\/li><\/ul>\n\n\n\n<h2 class=\"wp-block-heading\"><\/h2>\n\n\n\n<p>El Poder Judicial dictamin\u00f3 18 meses de prisi\u00f3n preventiva contra tres polic\u00edas\u00a0por el presunto delito contra la administraci\u00f3n p\u00fablica en la modalidad de cohecho pasivo propio. Los agentes del orden fueron internados en el penal El Milagro de\u00a0Trujillo.\u00a0El fiscal Segundo Conversi\u00f3n Nu\u00f1ez Rodr\u00edguez de la Fiscal\u00eda Provincial Corporativa Especializada en Delitos de Corrupci\u00f3n de Funcionarios de\u00a0Libertad\u00a0logr\u00f3 que se declare fundado el requerimiento de prisi\u00f3n preventiva por 18 meses contra los efectivos policiales Filomeno Gamarra Chirinos (52), Alfredo Joel Hern\u00e1ndez Cerna (25) y R\u00f3binson Leyser V\u00e1squez Palomino (36). Ellos\u00a0habr\u00edan solicitado 3,000 soles a un ciudadano para ayudarlo en un informe que diera libertad a un detenido.<\/p>\n\n\n\n<p>Los tres polic\u00edas laboraban\u00a0en el Departamento de Investigaci\u00f3n Criminal de\u00a0Chep\u00e9n\u00a0y fueron intervenidos preliminarmente hace una semana en m\u00e9rito a una resoluci\u00f3n judicial expedida por el D\u00e9cimo Juzgado Penal de Investigaci\u00f3n Preparatoria Especializada en Delitos de Corrupci\u00f3n de Funcionarios de la Corte Superior de Justicia de\u00a0La Libertad. Los polic\u00edas habr\u00edan solicitado el pasado 18 de febrero a un denunciante S\/ 3,000 para ayudar en el informe policial a su hermano, Carlos Yamir Vel\u00e1squez Quilcate, el mismo que fue capturado por el presunto delito de robo agravado y tenencia ilegal de armas. De esta manera los efectivos policiales fueron internados en el penal El Milagro de\u00a0Trujillo\u00a0por 18 meses mientras duren las investigaciones.\u00a0<\/p>\n\n\n\n<p><\/p>\n","protected":false},"excerpt":{"rendered":"<div class=\"mh-excerpt\"><p>El Poder Judicial dictamin\u00f3 18 meses de prisi\u00f3n preventiva contra tres polic\u00edas\u00a0por el presunto delito contra la administraci\u00f3n p\u00fablica en la modalidad de cohecho pasivo <a class=\"mh-excerpt-more\" href=\"http:\/\/www.radiolibertadmundo.com\/web\/dictan-prision-preventiva-contra-tres-policias-por-pedir-coima-para-liberar-a-detenido\/\" title=\"Dictan prisi\u00f3n preventiva contra tres polic\u00edas por pedir coima para liberar a detenido\">[&#8230;]<\/a><\/p>\n<\/div>","protected":false},"author":1,"featured_media":20115,"comment_status":"open","ping_status":"open","sticky":false,"template":"","format":"gallery","meta":{"footnotes":""},"categories":[3],"tags":[],"class_list":["post-20113","post","type-post","status-publish","format-gallery","has-post-thumbnail","hentry","category-noticias","post_format-post-format-gallery"],"_links":{"self":[{"href":"http:\/\/www.radiolibertadmundo.com\/web\/wp-json\/wp\/v2\/posts\/20113","targetHints":{"allow":["GET"]}}],"collection":[{"href":"http:\/\/www.radiolibertadmundo.com\/web\/wp-json\/wp\/v2\/posts"}],"about":[{"href":"http:\/\/www.radiolibertadmundo.com\/web\/wp-json\/wp\/v2\/types\/post"}],"author":[{"embeddable":true,"href":"http:\/\/www.radiolibertadmundo.com\/web\/wp-json\/wp\/v2\/users\/1"}],"replies":[{"embeddable":true,"href":"http:\/\/www.radiolibertadmundo.com\/web\/wp-json\/wp\/v2\/comments?post=20113"}],"version-history":[{"count":1,"href":"http:\/\/www.radiolibertadmundo.com\/web\/wp-json\/wp\/v2\/posts\/20113\/revisions"}],"predecessor-version":[{"id":20116,"href":"http:\/\/www.radiolibertadmundo.com\/web\/wp-json\/wp\/v2\/posts\/20113\/revisions\/20116"}],"wp:featuredmedia":[{"embeddable":true,"href":"http:\/\/www.radiolibertadmundo.com\/web\/wp-json\/wp\/v2\/media\/20115"}],"wp:attachment":[{"href":"http:\/\/www.radiolibertadmundo.com\/web\/wp-json\/wp\/v2\/media?parent=20113"}],"wp:term":[{"taxonomy":"category","embeddable":true,"href":"http:\/\/www.radiolibertadmundo.com\/web\/wp-json\/wp\/v2\/categories?post=20113"},{"taxonomy":"post_tag","embeddable":true,"href":"http:\/\/www.radiolibertadmundo.com\/web\/wp-json\/wp\/v2\/tags?post=20113"}],"curies":[{"name":"wp","href":"https:\/\/api.w.org\/{rel}","templated":true}]}}