{"id":20109,"date":"2019-04-13T16:40:09","date_gmt":"2019-04-13T16:40:09","guid":{"rendered":"http:\/\/www.radiolibertadmundo.com\/web\/?p=20109"},"modified":"2019-04-13T16:40:10","modified_gmt":"2019-04-13T16:40:10","slug":"las-bambas-desde-hoy-se-normaliza-transito-por-yavi-yavi-tras-acuerdo-con-comuneros-de-fuerabamba","status":"publish","type":"post","link":"http:\/\/www.radiolibertadmundo.com\/web\/las-bambas-desde-hoy-se-normaliza-transito-por-yavi-yavi-tras-acuerdo-con-comuneros-de-fuerabamba\/","title":{"rendered":"Las Bambas: Desde hoy se normaliza tr\u00e1nsito por Yavi Yavi tras acuerdo con comuneros de Fuerabamba"},"content":{"rendered":"\n<ul class=\"wp-block-gallery columns-1 is-cropped wp-block-gallery-1 is-layout-flex wp-block-gallery-is-layout-flex\"><li class=\"blocks-gallery-item\"><figure><img loading=\"lazy\" decoding=\"async\" width=\"1024\" height=\"682\" src=\"http:\/\/www.radiolibertadmundo.com\/web\/wp-content\/uploads\/3693a900-58e7-497e-a50f-7c68f475d88a-1024x682.jpg\" alt=\"\" data-id=\"20110\" data-link=\"http:\/\/www.radiolibertadmundo.com\/web\/?attachment_id=20110\" class=\"wp-image-20110\" srcset=\"http:\/\/www.radiolibertadmundo.com\/web\/wp-content\/uploads\/3693a900-58e7-497e-a50f-7c68f475d88a-1024x682.jpg 1024w, http:\/\/www.radiolibertadmundo.com\/web\/wp-content\/uploads\/3693a900-58e7-497e-a50f-7c68f475d88a-300x200.jpg 300w, http:\/\/www.radiolibertadmundo.com\/web\/wp-content\/uploads\/3693a900-58e7-497e-a50f-7c68f475d88a-768x512.jpg 768w, http:\/\/www.radiolibertadmundo.com\/web\/wp-content\/uploads\/3693a900-58e7-497e-a50f-7c68f475d88a.jpg 1280w\" sizes=\"auto, (max-width: 1024px) 100vw, 1024px\" \/><\/figure><\/li><\/ul>\n\n\n\n<h2 class=\"wp-block-heading\"><\/h2>\n\n\n\n<p><br>Desde este s\u00e1bado 13 de abril los camiones con materiales de la\u00a0mina Las Bambas\u00a0podr\u00e1n atravesar sin problemas la carretera que cruza el\u00a0fundo Yavi Yavi, en la provincia cusque\u00f1a de Chumbivilcas, informaron voceros de la PCM. La\u00a0encargada de dar a conocer el acuerdo definitivo fue la ministra de Desarrollo e Inclusi\u00f3n Social (Midis) Paola Bustamante\u00a0tras siete horas de reuni\u00f3n en el fundo con el presidente de la\u00a0comunidad de Fuerabamba,\u00a0Gregorio Rojas, integrantes de su directiva y comuneros.<\/p>\n\n\n\n<p>En dicha reuni\u00f3n particip\u00f3 el gerente general de la\u00a0empresa minera MMG, Edgardo Orderique.\u00bbEl Estado est\u00e1 presente y vamos a reconstruir la confianza. Continuaremos con el di\u00e1logo y existe el compromiso de no ejecutar m\u00e1s medidas de fuerza. Los camiones de la empresa podr\u00e1n pasar desde ma\u00f1ana\u00bb, dijo la titular del Midis. Asimismo, se acord\u00f3 realizar una nueva reuni\u00f3n tambi\u00e9n en Yavi Yavi para este mi\u00e9rcoles 17 a fin de desarrollar los acuerdos.<\/p>\n\n\n\n<p>\u00abContinuaremos el di\u00e1logo entre la comunidad, el Estado y la empresa\u00bb,\u00a0afirm\u00f3 por su parte el dirigente Gregorio Rojas.En tanto, el gerente Edgardo Orderique inform\u00f3 que el \u00e1rea legal de la minera evaluar\u00e1 c\u00f3mo solucionar el tema de las denuncias interpuestas contra varios comuneros de Fuerabamba.<\/p>\n\n\n\n<h3 class=\"wp-block-heading\"><\/h3>\n\n\n\n<p><\/p>\n","protected":false},"excerpt":{"rendered":"<div class=\"mh-excerpt\"><p>Desde este s\u00e1bado 13 de abril los camiones con materiales de la\u00a0mina Las Bambas\u00a0podr\u00e1n atravesar sin problemas la carretera que cruza el\u00a0fundo Yavi Yavi, en <a class=\"mh-excerpt-more\" href=\"http:\/\/www.radiolibertadmundo.com\/web\/las-bambas-desde-hoy-se-normaliza-transito-por-yavi-yavi-tras-acuerdo-con-comuneros-de-fuerabamba\/\" title=\"Las Bambas: Desde hoy se normaliza tr\u00e1nsito por Yavi Yavi tras acuerdo con comuneros de Fuerabamba\">[&#8230;]<\/a><\/p>\n<\/div>","protected":false},"author":1,"featured_media":20111,"comment_status":"open","ping_status":"open","sticky":false,"template":"","format":"gallery","meta":{"footnotes":""},"categories":[3],"tags":[],"class_list":["post-20109","post","type-post","status-publish","format-gallery","has-post-thumbnail","hentry","category-noticias","post_format-post-format-gallery"],"_links":{"self":[{"href":"http:\/\/www.radiolibertadmundo.com\/web\/wp-json\/wp\/v2\/posts\/20109","targetHints":{"allow":["GET"]}}],"collection":[{"href":"http:\/\/www.radiolibertadmundo.com\/web\/wp-json\/wp\/v2\/posts"}],"about":[{"href":"http:\/\/www.radiolibertadmundo.com\/web\/wp-json\/wp\/v2\/types\/post"}],"author":[{"embeddable":true,"href":"http:\/\/www.radiolibertadmundo.com\/web\/wp-json\/wp\/v2\/users\/1"}],"replies":[{"embeddable":true,"href":"http:\/\/www.radiolibertadmundo.com\/web\/wp-json\/wp\/v2\/comments?post=20109"}],"version-history":[{"count":1,"href":"http:\/\/www.radiolibertadmundo.com\/web\/wp-json\/wp\/v2\/posts\/20109\/revisions"}],"predecessor-version":[{"id":20112,"href":"http:\/\/www.radiolibertadmundo.com\/web\/wp-json\/wp\/v2\/posts\/20109\/revisions\/20112"}],"wp:featuredmedia":[{"embeddable":true,"href":"http:\/\/www.radiolibertadmundo.com\/web\/wp-json\/wp\/v2\/media\/20111"}],"wp:attachment":[{"href":"http:\/\/www.radiolibertadmundo.com\/web\/wp-json\/wp\/v2\/media?parent=20109"}],"wp:term":[{"taxonomy":"category","embeddable":true,"href":"http:\/\/www.radiolibertadmundo.com\/web\/wp-json\/wp\/v2\/categories?post=20109"},{"taxonomy":"post_tag","embeddable":true,"href":"http:\/\/www.radiolibertadmundo.com\/web\/wp-json\/wp\/v2\/tags?post=20109"}],"curies":[{"name":"wp","href":"https:\/\/api.w.org\/{rel}","templated":true}]}}