{"id":20105,"date":"2019-04-13T16:31:35","date_gmt":"2019-04-13T16:31:35","guid":{"rendered":"http:\/\/www.radiolibertadmundo.com\/web\/?p=20105"},"modified":"2019-04-13T16:31:36","modified_gmt":"2019-04-13T16:31:36","slug":"este-lunes-se-realizara-audiencia-para-definir-el-pedido-de-impedimento-de-salida-del-pais-para-luis-nava","status":"publish","type":"post","link":"http:\/\/www.radiolibertadmundo.com\/web\/este-lunes-se-realizara-audiencia-para-definir-el-pedido-de-impedimento-de-salida-del-pais-para-luis-nava\/","title":{"rendered":"Este lunes se realizar\u00e1 audiencia para definir el pedido de impedimento de salida del pa\u00eds para Luis Nava"},"content":{"rendered":"\n<ul class=\"wp-block-gallery columns-1 is-cropped wp-block-gallery-1 is-layout-flex wp-block-gallery-is-layout-flex\"><li class=\"blocks-gallery-item\"><figure><img loading=\"lazy\" decoding=\"async\" width=\"660\" height=\"371\" src=\"http:\/\/www.radiolibertadmundo.com\/web\/wp-content\/uploads\/noticia-1555088754-alan-garcia-luis-nava.png\" alt=\"\" data-id=\"20106\" data-link=\"http:\/\/www.radiolibertadmundo.com\/web\/?attachment_id=20106\" class=\"wp-image-20106\" srcset=\"http:\/\/www.radiolibertadmundo.com\/web\/wp-content\/uploads\/noticia-1555088754-alan-garcia-luis-nava.png 660w, http:\/\/www.radiolibertadmundo.com\/web\/wp-content\/uploads\/noticia-1555088754-alan-garcia-luis-nava-300x169.png 300w\" sizes=\"auto, (max-width: 660px) 100vw, 660px\" \/><\/figure><\/li><\/ul>\n\n\n\n<h2 class=\"wp-block-heading\"><\/h2>\n\n\n\n<p><br>El\u00a0Ministerio P\u00fablico\u00a0solicit\u00f3 el impedimento de salida del pa\u00eds por 18 meses para el exfuncionario del gobierno aprista\u00a0Luis Nava\u00a0Guibert y su hijo,\u00a0Jos\u00e9 Antonio Nava Mendiola. Ambos son acusados del delito de lavado de activos en el marco de las investigaciones contra el expresidente aprista en el\u00a0caso Odebrecht. Seg\u00fan la tesis fiscal, Nava y su hijo, propietario de la empresa de transportes Don Reina, utilizaron la compa\u00f1\u00eda para recibir dinero de la constructora Odebrecht en beneficio de terceros, entre ellos, el expresidente Alan Garc\u00eda P\u00e9rez. El requerimiento, solicitado por el fiscal del Equipo Especial Lava Jato Jos\u00e9 Domingo P\u00e9rez, ser\u00e1 evaluado este lunes 15 a las 9 a.m. por el 2\u00b0Juzgado Especializado en Delitos de Corrupci\u00f3n de Funcionarios , a cargo del juez Juan S\u00e1nchez Balbuena, quien en noviembre del 2018 orden\u00f3 el impedimento de salida del pa\u00eds contra Garc\u00eda.<\/p>\n\n\n\n<p>El pedido de la Fiscal\u00eda se produce luego de que el pasado 9 de abril, seg\u00fan un documento difundido por Am\u00e9rica Noticias, se incluyera al exsecretario de Alan Garc\u00eda y su hijo en las investigaciones por lavado de activos.El expediente se\u00f1ala que ambos personajes \u201chabr\u00edan participado en el sistema de recepci\u00f3n de dineros il\u00edcitos para beneficio de Garc\u00eda P\u00e9rez, as\u00ed como para otros funcionarios que tuvieron alguna participaci\u00f3n relevante y decisi\u00f3n\u201d en el proyecto de la L\u00ednea 1 del Metro de Lima, adjudicada luego a Odebrecht por $527 millones.<\/p>\n\n\n\n<p>Seg\u00fan la tesis fiscal, la entrega del dinero se habr\u00eda realizado en la etapa previa a la ejecuci\u00f3n del proyecto. Se se\u00f1ala que Luis Nava y su hijo habr\u00edan empleado empresas vinculadas a ellos, como transportes Don Reyna y el estudio Nava &amp; Huesa Abogados, para recibir activos de origen il\u00edcito a favor de terceros vinculados al segundo gobierno de Garc\u00eda P\u00e9rez entre los a\u00f1os 2006 y 2011.\u201c(Se busca) establecer si Jos\u00e9 Luis Nava Guibert y su hijo Jos\u00e9 Antonio Nava Mendiola pudieron haber cometido delitos de lavado de activos, puesto que habr\u00edan podido haber participado en la colocaci\u00f3n y ocultamiento de activos il\u00edcitos de parte de la empresa Odebrecht a favor de Alan Garc\u00eda P\u00e9rez y otros investigados\u201d, reza el oficio.<\/p>\n\n\n\n<p>A trav\u00e9s de un comunicado, Luis Nava se\u00f1al\u00f3 que Barata ya ha dicho que las contrataciones de Transportes Reyna y Odebrecht \u201cno se deben a favor pol\u00edtico alguno\u201d; mientras que el estudio Nava &amp; Huesa \u201csolo brind\u00f3 servicios legales\u201d a la constructora \u201cpor un breve tiempo por sumas nada relevantes\u201d. Tambi\u00e9n rechaz\u00f3 que sus hijos y \u00e9l hayan recibido dinero il\u00edcito o fungido de testaferros, y acus\u00f3 a la Fiscal\u00eda de actuar de manera irresponsable con se\u00f1alamientos \u201cque no tienen ning\u00fan sustento con la realidad\u201d.Por su parte, el expresidente Alan Garc\u00eda -v\u00eda Twitter- sostuvo que la ampliaci\u00f3n de la investigaci\u00f3n sobre los Nava y su persona son \u201csolo especulaciones sin una sola prueba. Humo\u201d.<\/p>\n\n\n\n<p><\/p>\n","protected":false},"excerpt":{"rendered":"<div class=\"mh-excerpt\"><p>El\u00a0Ministerio P\u00fablico\u00a0solicit\u00f3 el impedimento de salida del pa\u00eds por 18 meses para el exfuncionario del gobierno aprista\u00a0Luis Nava\u00a0Guibert y su hijo,\u00a0Jos\u00e9 Antonio Nava Mendiola. Ambos <a class=\"mh-excerpt-more\" href=\"http:\/\/www.radiolibertadmundo.com\/web\/este-lunes-se-realizara-audiencia-para-definir-el-pedido-de-impedimento-de-salida-del-pais-para-luis-nava\/\" title=\"Este lunes se realizar\u00e1 audiencia para definir el pedido de impedimento de salida del pa\u00eds para Luis Nava\">[&#8230;]<\/a><\/p>\n<\/div>","protected":false},"author":1,"featured_media":20107,"comment_status":"open","ping_status":"open","sticky":false,"template":"","format":"gallery","meta":{"footnotes":""},"categories":[3],"tags":[],"class_list":["post-20105","post","type-post","status-publish","format-gallery","has-post-thumbnail","hentry","category-noticias","post_format-post-format-gallery"],"_links":{"self":[{"href":"http:\/\/www.radiolibertadmundo.com\/web\/wp-json\/wp\/v2\/posts\/20105","targetHints":{"allow":["GET"]}}],"collection":[{"href":"http:\/\/www.radiolibertadmundo.com\/web\/wp-json\/wp\/v2\/posts"}],"about":[{"href":"http:\/\/www.radiolibertadmundo.com\/web\/wp-json\/wp\/v2\/types\/post"}],"author":[{"embeddable":true,"href":"http:\/\/www.radiolibertadmundo.com\/web\/wp-json\/wp\/v2\/users\/1"}],"replies":[{"embeddable":true,"href":"http:\/\/www.radiolibertadmundo.com\/web\/wp-json\/wp\/v2\/comments?post=20105"}],"version-history":[{"count":1,"href":"http:\/\/www.radiolibertadmundo.com\/web\/wp-json\/wp\/v2\/posts\/20105\/revisions"}],"predecessor-version":[{"id":20108,"href":"http:\/\/www.radiolibertadmundo.com\/web\/wp-json\/wp\/v2\/posts\/20105\/revisions\/20108"}],"wp:featuredmedia":[{"embeddable":true,"href":"http:\/\/www.radiolibertadmundo.com\/web\/wp-json\/wp\/v2\/media\/20107"}],"wp:attachment":[{"href":"http:\/\/www.radiolibertadmundo.com\/web\/wp-json\/wp\/v2\/media?parent=20105"}],"wp:term":[{"taxonomy":"category","embeddable":true,"href":"http:\/\/www.radiolibertadmundo.com\/web\/wp-json\/wp\/v2\/categories?post=20105"},{"taxonomy":"post_tag","embeddable":true,"href":"http:\/\/www.radiolibertadmundo.com\/web\/wp-json\/wp\/v2\/tags?post=20105"}],"curies":[{"name":"wp","href":"https:\/\/api.w.org\/{rel}","templated":true}]}}