{"id":20101,"date":"2019-04-10T17:04:01","date_gmt":"2019-04-10T17:04:01","guid":{"rendered":"http:\/\/www.radiolibertadmundo.com\/web\/?p=20101"},"modified":"2019-04-10T17:04:02","modified_gmt":"2019-04-10T17:04:02","slug":"colegios-en-usquil-contaran-con-pizarras-digitales","status":"publish","type":"post","link":"http:\/\/www.radiolibertadmundo.com\/web\/colegios-en-usquil-contaran-con-pizarras-digitales\/","title":{"rendered":"Colegios en Usquil contar\u00e1n con pizarras digitales"},"content":{"rendered":"\n<ul class=\"wp-block-gallery columns-1 is-cropped wp-block-gallery-1 is-layout-flex wp-block-gallery-is-layout-flex\"><li class=\"blocks-gallery-item\"><figure><img loading=\"lazy\" decoding=\"async\" width=\"604\" height=\"321\" src=\"http:\/\/www.radiolibertadmundo.com\/web\/wp-content\/uploads\/colegios-en-usquil-contaran-con-pizarras-digital-880670-146536-jpg_604x0.jpg\" alt=\"\" data-id=\"20102\" data-link=\"http:\/\/www.radiolibertadmundo.com\/web\/?attachment_id=20102\" class=\"wp-image-20102\" srcset=\"http:\/\/www.radiolibertadmundo.com\/web\/wp-content\/uploads\/colegios-en-usquil-contaran-con-pizarras-digital-880670-146536-jpg_604x0.jpg 604w, http:\/\/www.radiolibertadmundo.com\/web\/wp-content\/uploads\/colegios-en-usquil-contaran-con-pizarras-digital-880670-146536-jpg_604x0-300x159.jpg 300w\" sizes=\"auto, (max-width: 604px) 100vw, 604px\" \/><\/figure><\/li><\/ul>\n\n\n\n<h2 class=\"wp-block-heading\"><\/h2>\n\n\n\n<p><br>Llega la modernidad y se da buen uso a la tecnolog\u00eda.\u00a0 Al menos 9 mil estudiantes de\u00a0La Libertad\u00a0dejar\u00e1n atr\u00e1s las pizarras de cemento, que por muchos a\u00f1os utilizaron, para prepararse bajo altos est\u00e1ndares de tecnolog\u00eda.\u00a0La municipalidad distrital de Usquil, puso a disposici\u00f3n de su comunidad estudiantil un proyecto que implementar\u00e1 con pizarras digitales las aulas de 89 instituciones educativas.<\/p>\n\n\n\n<p>Durante el lanzamiento de esta nueva propuesta educativa, el alcalde de la referida jurisdicci\u00f3n, Grover Cruz Moreno, manifest\u00f3 que los implementos entregados mejorar\u00e1n notablemente los resultados educativos en los estudiantes usquilanos ya que forman parte del proyecto denominado \u201cMejoramiento del servicio educativo mediante la implementaci\u00f3n de Tecnolog\u00edas de la Informaci\u00f3n y Comunicaci\u00f3n (TICs) en las instituciones educativas del nivel primaria y secundaria de educaci\u00f3n b\u00e1sica regular, distrito de Usquil &#8211; provincia de Otuzco &#8211; Departamento de La Libertad- Primera Etapa\u201d.<\/p>\n\n\n\n<p>\u201cLa finalidad de este proyecto es adaptar las tecnolog\u00edas modernas para ser usadas por el docente en el sal\u00f3n de clases, las cuales permitir\u00e1n tener clases interactivas, personalizadas y colaborativas con los estudiantes. De igual manera, buscamos que el docente maneje estas herramientas para ir de la mano con la innovaci\u00f3n que se maneja en otras ciudades o pa\u00edses\u201d se\u00f1al\u00f3 autoridad edil. Esta iniciativa se enmarca dentro del programa Usquil 3.0 &#8211; Docentes de \u00e9xito y beneficiar\u00e1 a unos 9 mil estudiantes y 400 profesores de primaria y secundaria durante los pr\u00f3ximos cuatro a\u00f1os.\u00a0<\/p>\n\n\n\n<p><\/p>\n","protected":false},"excerpt":{"rendered":"<div class=\"mh-excerpt\"><p>Llega la modernidad y se da buen uso a la tecnolog\u00eda.\u00a0 Al menos 9 mil estudiantes de\u00a0La Libertad\u00a0dejar\u00e1n atr\u00e1s las pizarras de cemento, que por <a class=\"mh-excerpt-more\" href=\"http:\/\/www.radiolibertadmundo.com\/web\/colegios-en-usquil-contaran-con-pizarras-digitales\/\" title=\"Colegios en Usquil contar\u00e1n con pizarras digitales\">[&#8230;]<\/a><\/p>\n<\/div>","protected":false},"author":1,"featured_media":20103,"comment_status":"open","ping_status":"open","sticky":false,"template":"","format":"gallery","meta":{"footnotes":""},"categories":[3],"tags":[],"class_list":["post-20101","post","type-post","status-publish","format-gallery","has-post-thumbnail","hentry","category-noticias","post_format-post-format-gallery"],"_links":{"self":[{"href":"http:\/\/www.radiolibertadmundo.com\/web\/wp-json\/wp\/v2\/posts\/20101","targetHints":{"allow":["GET"]}}],"collection":[{"href":"http:\/\/www.radiolibertadmundo.com\/web\/wp-json\/wp\/v2\/posts"}],"about":[{"href":"http:\/\/www.radiolibertadmundo.com\/web\/wp-json\/wp\/v2\/types\/post"}],"author":[{"embeddable":true,"href":"http:\/\/www.radiolibertadmundo.com\/web\/wp-json\/wp\/v2\/users\/1"}],"replies":[{"embeddable":true,"href":"http:\/\/www.radiolibertadmundo.com\/web\/wp-json\/wp\/v2\/comments?post=20101"}],"version-history":[{"count":1,"href":"http:\/\/www.radiolibertadmundo.com\/web\/wp-json\/wp\/v2\/posts\/20101\/revisions"}],"predecessor-version":[{"id":20104,"href":"http:\/\/www.radiolibertadmundo.com\/web\/wp-json\/wp\/v2\/posts\/20101\/revisions\/20104"}],"wp:featuredmedia":[{"embeddable":true,"href":"http:\/\/www.radiolibertadmundo.com\/web\/wp-json\/wp\/v2\/media\/20103"}],"wp:attachment":[{"href":"http:\/\/www.radiolibertadmundo.com\/web\/wp-json\/wp\/v2\/media?parent=20101"}],"wp:term":[{"taxonomy":"category","embeddable":true,"href":"http:\/\/www.radiolibertadmundo.com\/web\/wp-json\/wp\/v2\/categories?post=20101"},{"taxonomy":"post_tag","embeddable":true,"href":"http:\/\/www.radiolibertadmundo.com\/web\/wp-json\/wp\/v2\/tags?post=20101"}],"curies":[{"name":"wp","href":"https:\/\/api.w.org\/{rel}","templated":true}]}}