{"id":20097,"date":"2019-04-10T17:03:00","date_gmt":"2019-04-10T17:03:00","guid":{"rendered":"http:\/\/www.radiolibertadmundo.com\/web\/?p=20097"},"modified":"2019-04-10T17:03:01","modified_gmt":"2019-04-10T17:03:01","slug":"%e2%80%8bpiden-30-anos-de-prision-para-ocho-cabecillas-de-cinco-bandas","status":"publish","type":"post","link":"http:\/\/www.radiolibertadmundo.com\/web\/%e2%80%8bpiden-30-anos-de-prision-para-ocho-cabecillas-de-cinco-bandas\/","title":{"rendered":"\u200bPiden 30 a\u00f1os de prisi\u00f3n para ocho cabecillas de cinco bandas"},"content":{"rendered":"\n<ul class=\"wp-block-gallery columns-1 is-cropped wp-block-gallery-1 is-layout-flex wp-block-gallery-is-layout-flex\"><li class=\"blocks-gallery-item\"><figure><img loading=\"lazy\" decoding=\"async\" width=\"604\" height=\"403\" src=\"http:\/\/www.radiolibertadmundo.com\/web\/wp-content\/uploads\/piden-30-anos-de-prision-para-ocho-cabecillas-de-880676-889897-jpg_604x0.jpg\" alt=\"\" data-id=\"20098\" data-link=\"http:\/\/www.radiolibertadmundo.com\/web\/?attachment_id=20098\" class=\"wp-image-20098\" srcset=\"http:\/\/www.radiolibertadmundo.com\/web\/wp-content\/uploads\/piden-30-anos-de-prision-para-ocho-cabecillas-de-880676-889897-jpg_604x0.jpg 604w, http:\/\/www.radiolibertadmundo.com\/web\/wp-content\/uploads\/piden-30-anos-de-prision-para-ocho-cabecillas-de-880676-889897-jpg_604x0-300x200.jpg 300w\" sizes=\"auto, (max-width: 604px) 100vw, 604px\" \/><\/figure><\/li><\/ul>\n\n\n\n<h2 class=\"wp-block-heading\"><\/h2>\n\n\n\n<p>Tras obtener los argumentos para probar su responsabilidad en el delito de extorsi\u00f3n, la\u00a0Fiscal\u00eda\u00a0pide 30 a\u00f1os de pena privativa de la libertad efectiva para presuntos cabecillas de organizaciones delictivas acusados de extorsionar a empresarios del transporte.\u00a0Se trata de\u00a0Lenin Smith Layza Reyna, Deyvis William P\u00e9rez Araujo (a) &#8216;Mono&#8217; y William Edin Yauri Layza &#8216;Pirro&#8217; de la banda \u201cLa Jaur\u00eda\u201d, Dionisio Freddy Esquivel Calder\u00f3n &#8216;Aurelio&#8217; de \u201cLos Malditos de El Triunfo\u201d, Luis Benjam\u00edn Guti\u00e9rrez Ruiz de \u201cLos Chacales de Benja\u201d, Adri\u00e1n Julio Sisniegas Chiroque &#8216;Chichito&#8217; y Eli Rub\u00e9n Piz\u00e1n S\u00e1nchez &#8216;Alex&#8217;, de \u201cLa Alianza Mochera\u201d y Andy Willian Marco Guti\u00e9rrez de \u201cLa Nueva Jaur\u00eda de La Esperanza\u201d.<\/p>\n\n\n\n<p>El Ministerio P\u00fablico tambi\u00e9n solicita 20 a\u00f1os de prisi\u00f3n para otros presuntos implicados como Luis Julca, Pedro Rojas, Lenin L\u00e1zaro, Jean Rodr\u00edguez, Jhon D\u00e1vila Alarc\u00f3n, Piter Esparza Araujo, C\u00e9sar Reyna y Jean Llacsahuanca. La Fiscal\u00eda y la PNP realizaron un operativo en diciembre del 2016 logrando intervenir a los miembros de estas bandas quienes extorsionaban a las empresas de transporte &#8216;Los Girasoles&#8217;, &#8216;Pur Pur&#8217;, &#8216;Chavit&#8217;, &#8216;Avicel Tour&#8217;, &#8216;Milagritos&#8217;, &#8216;Tourchab&#8217;, &#8216;Pantursa&#8217;, &#8216;Brice\u00f1o&#8217;, &#8216;El Tigre&#8217;, y &#8216;Turismo Vir\u00fa&#8217;.<\/p>\n\n\n\n<p><\/p>\n","protected":false},"excerpt":{"rendered":"<div class=\"mh-excerpt\"><p>Tras obtener los argumentos para probar su responsabilidad en el delito de extorsi\u00f3n, la\u00a0Fiscal\u00eda\u00a0pide 30 a\u00f1os de pena privativa de la libertad efectiva para presuntos <a class=\"mh-excerpt-more\" href=\"http:\/\/www.radiolibertadmundo.com\/web\/%e2%80%8bpiden-30-anos-de-prision-para-ocho-cabecillas-de-cinco-bandas\/\" title=\"\u200bPiden 30 a\u00f1os de prisi\u00f3n para ocho cabecillas de cinco bandas\">[&#8230;]<\/a><\/p>\n<\/div>","protected":false},"author":1,"featured_media":20099,"comment_status":"open","ping_status":"open","sticky":false,"template":"","format":"gallery","meta":{"footnotes":""},"categories":[3],"tags":[],"class_list":["post-20097","post","type-post","status-publish","format-gallery","has-post-thumbnail","hentry","category-noticias","post_format-post-format-gallery"],"_links":{"self":[{"href":"http:\/\/www.radiolibertadmundo.com\/web\/wp-json\/wp\/v2\/posts\/20097","targetHints":{"allow":["GET"]}}],"collection":[{"href":"http:\/\/www.radiolibertadmundo.com\/web\/wp-json\/wp\/v2\/posts"}],"about":[{"href":"http:\/\/www.radiolibertadmundo.com\/web\/wp-json\/wp\/v2\/types\/post"}],"author":[{"embeddable":true,"href":"http:\/\/www.radiolibertadmundo.com\/web\/wp-json\/wp\/v2\/users\/1"}],"replies":[{"embeddable":true,"href":"http:\/\/www.radiolibertadmundo.com\/web\/wp-json\/wp\/v2\/comments?post=20097"}],"version-history":[{"count":1,"href":"http:\/\/www.radiolibertadmundo.com\/web\/wp-json\/wp\/v2\/posts\/20097\/revisions"}],"predecessor-version":[{"id":20100,"href":"http:\/\/www.radiolibertadmundo.com\/web\/wp-json\/wp\/v2\/posts\/20097\/revisions\/20100"}],"wp:featuredmedia":[{"embeddable":true,"href":"http:\/\/www.radiolibertadmundo.com\/web\/wp-json\/wp\/v2\/media\/20099"}],"wp:attachment":[{"href":"http:\/\/www.radiolibertadmundo.com\/web\/wp-json\/wp\/v2\/media?parent=20097"}],"wp:term":[{"taxonomy":"category","embeddable":true,"href":"http:\/\/www.radiolibertadmundo.com\/web\/wp-json\/wp\/v2\/categories?post=20097"},{"taxonomy":"post_tag","embeddable":true,"href":"http:\/\/www.radiolibertadmundo.com\/web\/wp-json\/wp\/v2\/tags?post=20097"}],"curies":[{"name":"wp","href":"https:\/\/api.w.org\/{rel}","templated":true}]}}