{"id":20089,"date":"2019-04-10T17:00:07","date_gmt":"2019-04-10T17:00:07","guid":{"rendered":"http:\/\/www.radiolibertadmundo.com\/web\/?p=20089"},"modified":"2019-04-10T17:00:08","modified_gmt":"2019-04-10T17:00:08","slug":"las-bambas-comuneros-desbloquean-la-via-y-camiones-de-la-minera-ingresan-con-normalidad","status":"publish","type":"post","link":"http:\/\/www.radiolibertadmundo.com\/web\/las-bambas-comuneros-desbloquean-la-via-y-camiones-de-la-minera-ingresan-con-normalidad\/","title":{"rendered":"Las Bambas: Comuneros desbloquean la v\u00eda y camiones de la minera ingresan con normalidad"},"content":{"rendered":"\n<ul class=\"wp-block-gallery columns-1 is-cropped wp-block-gallery-1 is-layout-flex wp-block-gallery-is-layout-flex\"><li class=\"blocks-gallery-item\"><figure><img loading=\"lazy\" decoding=\"async\" width=\"620\" height=\"356\" src=\"http:\/\/www.radiolibertadmundo.com\/web\/wp-content\/uploads\/5cabe5a3968c1.jpeg\" alt=\"\" data-id=\"20090\" data-link=\"http:\/\/www.radiolibertadmundo.com\/web\/?attachment_id=20090\" class=\"wp-image-20090\" srcset=\"http:\/\/www.radiolibertadmundo.com\/web\/wp-content\/uploads\/5cabe5a3968c1.jpeg 620w, http:\/\/www.radiolibertadmundo.com\/web\/wp-content\/uploads\/5cabe5a3968c1-300x172.jpeg 300w\" sizes=\"auto, (max-width: 620px) 100vw, 620px\" \/><\/figure><\/li><\/ul>\n\n\n\n<h2 class=\"wp-block-heading\"><\/h2>\n\n\n\n<p>Esta madrugada, los\u00a0comuneros\u00a0de\u00a0Challhuahuacho\u00a0liberaron de\u00a0manera temporal\u00a0la v\u00eda que permite el acceso a la minera\u00a0Las Bambas\u00a0tras reunirse el \u00faltimo martes con el presidente de\u00a0Fuerabamba,\u00a0Gregorio Rojas. El desbloqueo es de manera temporal hasta este jueves 11, d\u00eda en que el presidente del Consejo de Ministros, Salvador de Solar, acudir\u00e1 hasta\u00a0Challhuahuacho\u00a0para entablar una mesa de di\u00e1logo con los comuneros y\u00a0la empresa MMG Las Bambas. Como se recuerda, la liberaci\u00f3n de la v\u00eda se decidi\u00f3 tras la reuni\u00f3n realizada en \u00faltimo martes. <\/p>\n\n\n\n<p>Los comuneros decidieron respetar el acta firmada por\u00a0Rojas Paniura\u00a0en Lima, en la que se compromet\u00eda a desbloquear el Corredor Minero del Sur antes de instalarse la mesa de di\u00e1logo del jueves. Luego de la reuni\u00f3n, que concluy\u00f3 aproximadamente a las 17:00 horas, los manifestantes elevaron un acta de acuerdo en la que cita lo siguiente: Hoy se llev\u00f3 la reuni\u00f3n en el fundo Yavi Yavi, convocada por el dirigente Gregorio Rojas Paniura, para informar sobre la acta que se ha suscrito en la ciudad de Lima en la Episcopal Peruana a fin de levantar la medida de fuerza. La comunidad Fuerabamba solicita que se les dicte comparecencia restringida a los tres asesores para que se defiendan en libertad. La comunidad en magna asamblea tom\u00f3 la decisi\u00f3n de levantar la medida de lucha hasta el d\u00eda 12 de abril del presente a\u00f1o.<\/p>\n\n\n\n<p><\/p>\n","protected":false},"excerpt":{"rendered":"<div class=\"mh-excerpt\"><p>Esta madrugada, los\u00a0comuneros\u00a0de\u00a0Challhuahuacho\u00a0liberaron de\u00a0manera temporal\u00a0la v\u00eda que permite el acceso a la minera\u00a0Las Bambas\u00a0tras reunirse el \u00faltimo martes con el presidente de\u00a0Fuerabamba,\u00a0Gregorio Rojas. El desbloqueo <a class=\"mh-excerpt-more\" href=\"http:\/\/www.radiolibertadmundo.com\/web\/las-bambas-comuneros-desbloquean-la-via-y-camiones-de-la-minera-ingresan-con-normalidad\/\" title=\"Las Bambas: Comuneros desbloquean la v\u00eda y camiones de la minera ingresan con normalidad\">[&#8230;]<\/a><\/p>\n<\/div>","protected":false},"author":1,"featured_media":20091,"comment_status":"open","ping_status":"open","sticky":false,"template":"","format":"gallery","meta":{"footnotes":""},"categories":[3],"tags":[],"class_list":["post-20089","post","type-post","status-publish","format-gallery","has-post-thumbnail","hentry","category-noticias","post_format-post-format-gallery"],"_links":{"self":[{"href":"http:\/\/www.radiolibertadmundo.com\/web\/wp-json\/wp\/v2\/posts\/20089","targetHints":{"allow":["GET"]}}],"collection":[{"href":"http:\/\/www.radiolibertadmundo.com\/web\/wp-json\/wp\/v2\/posts"}],"about":[{"href":"http:\/\/www.radiolibertadmundo.com\/web\/wp-json\/wp\/v2\/types\/post"}],"author":[{"embeddable":true,"href":"http:\/\/www.radiolibertadmundo.com\/web\/wp-json\/wp\/v2\/users\/1"}],"replies":[{"embeddable":true,"href":"http:\/\/www.radiolibertadmundo.com\/web\/wp-json\/wp\/v2\/comments?post=20089"}],"version-history":[{"count":1,"href":"http:\/\/www.radiolibertadmundo.com\/web\/wp-json\/wp\/v2\/posts\/20089\/revisions"}],"predecessor-version":[{"id":20092,"href":"http:\/\/www.radiolibertadmundo.com\/web\/wp-json\/wp\/v2\/posts\/20089\/revisions\/20092"}],"wp:featuredmedia":[{"embeddable":true,"href":"http:\/\/www.radiolibertadmundo.com\/web\/wp-json\/wp\/v2\/media\/20091"}],"wp:attachment":[{"href":"http:\/\/www.radiolibertadmundo.com\/web\/wp-json\/wp\/v2\/media?parent=20089"}],"wp:term":[{"taxonomy":"category","embeddable":true,"href":"http:\/\/www.radiolibertadmundo.com\/web\/wp-json\/wp\/v2\/categories?post=20089"},{"taxonomy":"post_tag","embeddable":true,"href":"http:\/\/www.radiolibertadmundo.com\/web\/wp-json\/wp\/v2\/tags?post=20089"}],"curies":[{"name":"wp","href":"https:\/\/api.w.org\/{rel}","templated":true}]}}