{"id":20085,"date":"2019-04-10T16:45:30","date_gmt":"2019-04-10T16:45:30","guid":{"rendered":"http:\/\/www.radiolibertadmundo.com\/web\/?p=20085"},"modified":"2019-04-10T16:45:31","modified_gmt":"2019-04-10T16:45:31","slug":"ppk-tras-orden-de-detencion-preliminar-en-su-contra-me-parece-una-ridiculez","status":"publish","type":"post","link":"http:\/\/www.radiolibertadmundo.com\/web\/ppk-tras-orden-de-detencion-preliminar-en-su-contra-me-parece-una-ridiculez\/","title":{"rendered":"PPK tras orden de detenci\u00f3n preliminar en su contra: \u201cMe parece una ridiculez\u00bb"},"content":{"rendered":"\n<ul class=\"wp-block-gallery columns-1 is-cropped wp-block-gallery-1 is-layout-flex wp-block-gallery-is-layout-flex\"><li class=\"blocks-gallery-item\"><figure><img loading=\"lazy\" decoding=\"async\" width=\"1024\" height=\"576\" src=\"http:\/\/www.radiolibertadmundo.com\/web\/wp-content\/uploads\/ppk-tras-orden-de-detencion-preliminar-en-su-contr-880822-548053-1024x576.jpg\" alt=\"\" data-id=\"20086\" data-link=\"http:\/\/www.radiolibertadmundo.com\/web\/?attachment_id=20086\" class=\"wp-image-20086\" srcset=\"http:\/\/www.radiolibertadmundo.com\/web\/wp-content\/uploads\/ppk-tras-orden-de-detencion-preliminar-en-su-contr-880822-548053-1024x576.jpg 1024w, http:\/\/www.radiolibertadmundo.com\/web\/wp-content\/uploads\/ppk-tras-orden-de-detencion-preliminar-en-su-contr-880822-548053-300x169.jpg 300w, http:\/\/www.radiolibertadmundo.com\/web\/wp-content\/uploads\/ppk-tras-orden-de-detencion-preliminar-en-su-contr-880822-548053-768x432.jpg 768w, http:\/\/www.radiolibertadmundo.com\/web\/wp-content\/uploads\/ppk-tras-orden-de-detencion-preliminar-en-su-contr-880822-548053.jpg 1366w\" sizes=\"auto, (max-width: 1024px) 100vw, 1024px\" \/><\/figure><\/li><\/ul>\n\n\n\n<h2 class=\"wp-block-heading\"><\/h2>\n\n\n\n<p><br>El\u00a0expresidente\u00a0\u00a0Pedro Pablo Kuczynski\u00a0se pronunci\u00f3 tras enterarse de la orden de\u00a0detenci\u00f3n preliminar\u00a0por 10 d\u00edas en su contra, emitida por el\u00a0Poder Judicial\u00a0por el presunto delito de lavado de activos que habr\u00eda cometido cuando fue\u00a0presidente del Consejo Directivo de ProInversi\u00f3n. \u00abNo me he enterado. \u00bfAs\u00ed? (risas) No tengo una opini\u00f3n por este momento, me parece una ridiculez\u00bb, fueron las palabras del exmandatario.  \u00abNo tiene sustento, Yo he estado un mont\u00f3n de veces en la Fiscal\u00eda. He explicado todo. Los funcionarios de Odebrecht lo han explicado a la saciedad. Aqu\u00ed no hay absolutamente nada. (La Polic\u00eda) est\u00e1 en la puerta. Ya he le\u00eddo el documento\u00bb, agreg\u00f3\u00a0Kuczynski.<\/p>\n\n\n\n<p>Como se recuerda, el\u00a0Tercer Juzgado de Investigaci\u00f3n Preparatoria autoriz\u00f3 detener de manera preliminar por 10 d\u00edas a PPK, su exsecretaria\u00a0Gloria Kisic Wagner\u00a0y su chofer\u00a0Jos\u00e9 Luis Bernaloa \u00d1ufflo. Tambi\u00e9n se autoriz\u00f3 allanar los inmuebles\u00a0de los mencionados por un plazo m\u00e1ximo de 48 horas. Los hechos precedentes que sustentan la medida mencionan las obras que fueron adjudicadas por\u00a0ProInversi\u00f3n, cuando el exmandatario era presidente del Consejo Directivo del organismo adscrito al\u00a0Ministerio de Econom\u00eda y Finanzas.<\/p>\n\n\n\n<p>\u00abSe\u00f1ala el representante del Ministerio P\u00fablico como hechos precedentes que es objeto del presente requerimiento los actos de blanqueo de capital en los que ha incurrido el imputado\u00a0Pedro Pablo Kuczynski Gordard\u00a0y otros, como consecuencia de su intervenci\u00f3n en presuntos actos de corrupci\u00f3n denominados: (a) Corredor Vial Interoce\u00e1nico Per\u00fa &#8211; Brasil -en adelante IIRSA Tramos 2 y 3, y (b) Proyecto de Irrigaci\u00f3n e Hidroenerg\u00e9tico de Olmos, Trasvase de Irrigaci\u00f3n; los mismos que fueran adjudicados por Pro-Inversi\u00f3n bajo el marco legal del Proceso de Promoci\u00f3n de la Inversi\u00f3n Privada (concesi\u00f3n) a la empresa Odebrecht (a trav\u00e9s de sus concesionarias)\u00bb, se lee en la resoluci\u00f3n.<\/p>\n\n\n\n<p><\/p>\n","protected":false},"excerpt":{"rendered":"<div class=\"mh-excerpt\"><p>El\u00a0expresidente\u00a0\u00a0Pedro Pablo Kuczynski\u00a0se pronunci\u00f3 tras enterarse de la orden de\u00a0detenci\u00f3n preliminar\u00a0por 10 d\u00edas en su contra, emitida por el\u00a0Poder Judicial\u00a0por el presunto delito de lavado <a class=\"mh-excerpt-more\" href=\"http:\/\/www.radiolibertadmundo.com\/web\/ppk-tras-orden-de-detencion-preliminar-en-su-contra-me-parece-una-ridiculez\/\" title=\"PPK tras orden de detenci\u00f3n preliminar en su contra: \u201cMe parece una ridiculez\u00bb\">[&#8230;]<\/a><\/p>\n<\/div>","protected":false},"author":1,"featured_media":20087,"comment_status":"open","ping_status":"open","sticky":false,"template":"","format":"gallery","meta":{"footnotes":""},"categories":[3],"tags":[],"class_list":["post-20085","post","type-post","status-publish","format-gallery","has-post-thumbnail","hentry","category-noticias","post_format-post-format-gallery"],"_links":{"self":[{"href":"http:\/\/www.radiolibertadmundo.com\/web\/wp-json\/wp\/v2\/posts\/20085","targetHints":{"allow":["GET"]}}],"collection":[{"href":"http:\/\/www.radiolibertadmundo.com\/web\/wp-json\/wp\/v2\/posts"}],"about":[{"href":"http:\/\/www.radiolibertadmundo.com\/web\/wp-json\/wp\/v2\/types\/post"}],"author":[{"embeddable":true,"href":"http:\/\/www.radiolibertadmundo.com\/web\/wp-json\/wp\/v2\/users\/1"}],"replies":[{"embeddable":true,"href":"http:\/\/www.radiolibertadmundo.com\/web\/wp-json\/wp\/v2\/comments?post=20085"}],"version-history":[{"count":1,"href":"http:\/\/www.radiolibertadmundo.com\/web\/wp-json\/wp\/v2\/posts\/20085\/revisions"}],"predecessor-version":[{"id":20088,"href":"http:\/\/www.radiolibertadmundo.com\/web\/wp-json\/wp\/v2\/posts\/20085\/revisions\/20088"}],"wp:featuredmedia":[{"embeddable":true,"href":"http:\/\/www.radiolibertadmundo.com\/web\/wp-json\/wp\/v2\/media\/20087"}],"wp:attachment":[{"href":"http:\/\/www.radiolibertadmundo.com\/web\/wp-json\/wp\/v2\/media?parent=20085"}],"wp:term":[{"taxonomy":"category","embeddable":true,"href":"http:\/\/www.radiolibertadmundo.com\/web\/wp-json\/wp\/v2\/categories?post=20085"},{"taxonomy":"post_tag","embeddable":true,"href":"http:\/\/www.radiolibertadmundo.com\/web\/wp-json\/wp\/v2\/tags?post=20085"}],"curies":[{"name":"wp","href":"https:\/\/api.w.org\/{rel}","templated":true}]}}