{"id":20081,"date":"2019-04-09T16:49:47","date_gmt":"2019-04-09T16:49:47","guid":{"rendered":"http:\/\/www.radiolibertadmundo.com\/web\/?p=20081"},"modified":"2019-04-09T16:49:48","modified_gmt":"2019-04-09T16:49:48","slug":"un-muerto-deja-el-choque-de-dos-vehiculos-menores-en-pueblo-nuevo","status":"publish","type":"post","link":"http:\/\/www.radiolibertadmundo.com\/web\/un-muerto-deja-el-choque-de-dos-vehiculos-menores-en-pueblo-nuevo\/","title":{"rendered":"Un muerto deja el choque de dos veh\u00edculos menores en Pueblo Nuevo"},"content":{"rendered":"\n<ul class=\"wp-block-gallery columns-1 is-cropped wp-block-gallery-1 is-layout-flex wp-block-gallery-is-layout-flex\"><li class=\"blocks-gallery-item\"><figure><img loading=\"lazy\" decoding=\"async\" width=\"604\" height=\"340\" src=\"http:\/\/www.radiolibertadmundo.com\/web\/wp-content\/uploads\/un-muerto-deja-el-choque-de-dos-vehiculos-meno-880436-170738-jpg_604x0.jpg\" alt=\"\" data-id=\"20082\" data-link=\"http:\/\/www.radiolibertadmundo.com\/web\/?attachment_id=20082\" class=\"wp-image-20082\" srcset=\"http:\/\/www.radiolibertadmundo.com\/web\/wp-content\/uploads\/un-muerto-deja-el-choque-de-dos-vehiculos-meno-880436-170738-jpg_604x0.jpg 604w, http:\/\/www.radiolibertadmundo.com\/web\/wp-content\/uploads\/un-muerto-deja-el-choque-de-dos-vehiculos-meno-880436-170738-jpg_604x0-300x169.jpg 300w\" sizes=\"auto, (max-width: 604px) 100vw, 604px\" \/><\/figure><\/li><\/ul>\n\n\n\n<h2 class=\"wp-block-heading\"><\/h2>\n\n\n\n<p>El conductor de una motocicleta perdi\u00f3 la vida luego que impactara contra una moto furg\u00f3n en el distrito de\u00a0Pueblo Nuevo, en la provincia de\u00a0Chep\u00e9n.\u00a0El fat\u00eddico accidente de tr\u00e1nsito se produjo esta madrugada cuando el occiso, identificado como Jorge Sip\u00f3n Quiroz, iba en su moto lineal y regresa de la ciudad de Guadalupe de dejar a algunas amistades. Ya cuando estaba&nbsp;a la altura de \u00abEl Huan\u00e1bano\u00bb colision\u00f3 contra una moto furg\u00f3n.&nbsp;<\/p>\n\n\n\n<p>Debido al fuerte impacto, Sip\u00f3n Quiroz qued\u00f3 atrapado en medio de los fierro de la moto furg\u00f3n y perdi\u00f3 la vida de forma instant\u00e1nea.\u00a0Personal policial de\u00a0Pueblo Nuevo\u00a0lleg\u00f3 hasta el lugar del accidente e investiga como se dieron las causas. Luego el cuerpo fue llevado a la morgue.\u00a0<\/p>\n\n\n\n<p><\/p>\n","protected":false},"excerpt":{"rendered":"<div class=\"mh-excerpt\"><p>El conductor de una motocicleta perdi\u00f3 la vida luego que impactara contra una moto furg\u00f3n en el distrito de\u00a0Pueblo Nuevo, en la provincia de\u00a0Chep\u00e9n.\u00a0El fat\u00eddico <a class=\"mh-excerpt-more\" href=\"http:\/\/www.radiolibertadmundo.com\/web\/un-muerto-deja-el-choque-de-dos-vehiculos-menores-en-pueblo-nuevo\/\" title=\"Un muerto deja el choque de dos veh\u00edculos menores en Pueblo Nuevo\">[&#8230;]<\/a><\/p>\n<\/div>","protected":false},"author":1,"featured_media":20083,"comment_status":"open","ping_status":"open","sticky":false,"template":"","format":"gallery","meta":{"footnotes":""},"categories":[3],"tags":[],"class_list":["post-20081","post","type-post","status-publish","format-gallery","has-post-thumbnail","hentry","category-noticias","post_format-post-format-gallery"],"_links":{"self":[{"href":"http:\/\/www.radiolibertadmundo.com\/web\/wp-json\/wp\/v2\/posts\/20081","targetHints":{"allow":["GET"]}}],"collection":[{"href":"http:\/\/www.radiolibertadmundo.com\/web\/wp-json\/wp\/v2\/posts"}],"about":[{"href":"http:\/\/www.radiolibertadmundo.com\/web\/wp-json\/wp\/v2\/types\/post"}],"author":[{"embeddable":true,"href":"http:\/\/www.radiolibertadmundo.com\/web\/wp-json\/wp\/v2\/users\/1"}],"replies":[{"embeddable":true,"href":"http:\/\/www.radiolibertadmundo.com\/web\/wp-json\/wp\/v2\/comments?post=20081"}],"version-history":[{"count":1,"href":"http:\/\/www.radiolibertadmundo.com\/web\/wp-json\/wp\/v2\/posts\/20081\/revisions"}],"predecessor-version":[{"id":20084,"href":"http:\/\/www.radiolibertadmundo.com\/web\/wp-json\/wp\/v2\/posts\/20081\/revisions\/20084"}],"wp:featuredmedia":[{"embeddable":true,"href":"http:\/\/www.radiolibertadmundo.com\/web\/wp-json\/wp\/v2\/media\/20083"}],"wp:attachment":[{"href":"http:\/\/www.radiolibertadmundo.com\/web\/wp-json\/wp\/v2\/media?parent=20081"}],"wp:term":[{"taxonomy":"category","embeddable":true,"href":"http:\/\/www.radiolibertadmundo.com\/web\/wp-json\/wp\/v2\/categories?post=20081"},{"taxonomy":"post_tag","embeddable":true,"href":"http:\/\/www.radiolibertadmundo.com\/web\/wp-json\/wp\/v2\/tags?post=20081"}],"curies":[{"name":"wp","href":"https:\/\/api.w.org\/{rel}","templated":true}]}}