{"id":20073,"date":"2019-04-09T16:44:13","date_gmt":"2019-04-09T16:44:13","guid":{"rendered":"http:\/\/www.radiolibertadmundo.com\/web\/?p=20073"},"modified":"2019-04-09T16:44:14","modified_gmt":"2019-04-09T16:44:14","slug":"abandonan-a-bebe-recien-nacida-en-los-servicios-higienicos-de-hospital","status":"publish","type":"post","link":"http:\/\/www.radiolibertadmundo.com\/web\/abandonan-a-bebe-recien-nacida-en-los-servicios-higienicos-de-hospital\/","title":{"rendered":"Abandonan a beb\u00e9 reci\u00e9n nacida en los servicios higi\u00e9nicos de hospital"},"content":{"rendered":"\n<ul class=\"wp-block-gallery columns-1 is-cropped wp-block-gallery-1 is-layout-flex wp-block-gallery-is-layout-flex\"><li class=\"blocks-gallery-item\"><figure><img loading=\"lazy\" decoding=\"async\" width=\"604\" height=\"340\" src=\"http:\/\/www.radiolibertadmundo.com\/web\/wp-content\/uploads\/bebe-recien-nacida-es-abandonada-en-bano-del-hospi-880508-410949-jpg_604x0.jpg\" alt=\"\" data-id=\"20074\" data-link=\"http:\/\/www.radiolibertadmundo.com\/web\/?attachment_id=20074\" class=\"wp-image-20074\" srcset=\"http:\/\/www.radiolibertadmundo.com\/web\/wp-content\/uploads\/bebe-recien-nacida-es-abandonada-en-bano-del-hospi-880508-410949-jpg_604x0.jpg 604w, http:\/\/www.radiolibertadmundo.com\/web\/wp-content\/uploads\/bebe-recien-nacida-es-abandonada-en-bano-del-hospi-880508-410949-jpg_604x0-300x169.jpg 300w\" sizes=\"auto, (max-width: 604px) 100vw, 604px\" \/><\/figure><\/li><\/ul>\n\n\n\n<h2 class=\"wp-block-heading\"><\/h2>\n\n\n\n<p><br>Una beb\u00e9 reci\u00e9n nacida fue abandonada por su madre\u00a0en el ba\u00f1o del Hospital Santa Isabel de\u00a0El Porvenir. Fueron los pacientes que acuden al nosocomio del distrito de\u00a0El Porvenir\u00a0que dieron alerta al personal m\u00e9dico de la beb\u00e9 en el ba\u00f1o.\u00a0\u00abLos pacientes nos avisaron que aparentemente una gestante hab\u00eda dado a luz en el ba\u00f1o, afuera de emergencia, y la dej\u00f3 abandonada a la bebita con su placenta. Inmediatamente se aperson\u00f3 el Dr. de emergencia,\u00a0se le hizo la atenci\u00f3n a la ni\u00f1a, se le pas\u00f3 al pediatra y la ni\u00f1a se encuentra en buenas condiciones\u00bb, indic\u00f3 Jorge Ortiz Castillo, director del Hospital Santa Isabel de\u00a0El Porvenir,\u00a0en declaraciones. <\/p>\n\n\n\n<p>El director del nosocomio tuvo un gran gesto con la bebita y decidi\u00f3 ponerle el nombre de su mam\u00e1 y sus apellidos para que pueda ser atendida en el Seguro Integral de Salud (SIS). \u00abEs un derecho universal del derecho humano tener acceso a la salud y bueno se me ocurri\u00f3 ponerle el nombre de mi mam\u00e1 Sof\u00eda Ortiz Castillo para garantizar que se cubra el SIS, se dio el parte a la Red\u00a0Trujillo\u00a0y que est\u00e1n velando por el bienestar de la salud de la beb\u00e9 y se dio parte a Ministerio P\u00fablico para que haga la investigaci\u00f3n del caso\u00bb, indic\u00f3.<\/p>\n\n\n\n<p><\/p>\n\n\n\n<p><\/p>\n","protected":false},"excerpt":{"rendered":"<div class=\"mh-excerpt\"><p>Una beb\u00e9 reci\u00e9n nacida fue abandonada por su madre\u00a0en el ba\u00f1o del Hospital Santa Isabel de\u00a0El Porvenir. Fueron los pacientes que acuden al nosocomio del <a class=\"mh-excerpt-more\" href=\"http:\/\/www.radiolibertadmundo.com\/web\/abandonan-a-bebe-recien-nacida-en-los-servicios-higienicos-de-hospital\/\" title=\"Abandonan a beb\u00e9 reci\u00e9n nacida en los servicios higi\u00e9nicos de hospital\">[&#8230;]<\/a><\/p>\n<\/div>","protected":false},"author":1,"featured_media":20075,"comment_status":"open","ping_status":"open","sticky":false,"template":"","format":"gallery","meta":{"footnotes":""},"categories":[3],"tags":[],"class_list":["post-20073","post","type-post","status-publish","format-gallery","has-post-thumbnail","hentry","category-noticias","post_format-post-format-gallery"],"_links":{"self":[{"href":"http:\/\/www.radiolibertadmundo.com\/web\/wp-json\/wp\/v2\/posts\/20073","targetHints":{"allow":["GET"]}}],"collection":[{"href":"http:\/\/www.radiolibertadmundo.com\/web\/wp-json\/wp\/v2\/posts"}],"about":[{"href":"http:\/\/www.radiolibertadmundo.com\/web\/wp-json\/wp\/v2\/types\/post"}],"author":[{"embeddable":true,"href":"http:\/\/www.radiolibertadmundo.com\/web\/wp-json\/wp\/v2\/users\/1"}],"replies":[{"embeddable":true,"href":"http:\/\/www.radiolibertadmundo.com\/web\/wp-json\/wp\/v2\/comments?post=20073"}],"version-history":[{"count":1,"href":"http:\/\/www.radiolibertadmundo.com\/web\/wp-json\/wp\/v2\/posts\/20073\/revisions"}],"predecessor-version":[{"id":20076,"href":"http:\/\/www.radiolibertadmundo.com\/web\/wp-json\/wp\/v2\/posts\/20073\/revisions\/20076"}],"wp:featuredmedia":[{"embeddable":true,"href":"http:\/\/www.radiolibertadmundo.com\/web\/wp-json\/wp\/v2\/media\/20075"}],"wp:attachment":[{"href":"http:\/\/www.radiolibertadmundo.com\/web\/wp-json\/wp\/v2\/media?parent=20073"}],"wp:term":[{"taxonomy":"category","embeddable":true,"href":"http:\/\/www.radiolibertadmundo.com\/web\/wp-json\/wp\/v2\/categories?post=20073"},{"taxonomy":"post_tag","embeddable":true,"href":"http:\/\/www.radiolibertadmundo.com\/web\/wp-json\/wp\/v2\/tags?post=20073"}],"curies":[{"name":"wp","href":"https:\/\/api.w.org\/{rel}","templated":true}]}}