{"id":20069,"date":"2019-04-09T16:39:45","date_gmt":"2019-04-09T16:39:45","guid":{"rendered":"http:\/\/www.radiolibertadmundo.com\/web\/?p=20069"},"modified":"2019-04-09T16:39:46","modified_gmt":"2019-04-09T16:39:46","slug":"policia-es-acusado-de-golpear-y-ultrajar-a-una-joven","status":"publish","type":"post","link":"http:\/\/www.radiolibertadmundo.com\/web\/policia-es-acusado-de-golpear-y-ultrajar-a-una-joven\/","title":{"rendered":"Polic\u00eda es acusado de golpear y ultrajar a una joven"},"content":{"rendered":"\n<ul class=\"wp-block-gallery columns-1 is-cropped wp-block-gallery-1 is-layout-flex wp-block-gallery-is-layout-flex\"><li class=\"blocks-gallery-item\"><figure><img loading=\"lazy\" decoding=\"async\" width=\"604\" height=\"340\" src=\"http:\/\/www.radiolibertadmundo.com\/web\/wp-content\/uploads\/efectivo-policial-es-acusado-de-golpear-y-ult-880515-300573-jpg_604x0.jpg\" alt=\"\" data-id=\"20070\" data-link=\"http:\/\/www.radiolibertadmundo.com\/web\/?attachment_id=20070\" class=\"wp-image-20070\" srcset=\"http:\/\/www.radiolibertadmundo.com\/web\/wp-content\/uploads\/efectivo-policial-es-acusado-de-golpear-y-ult-880515-300573-jpg_604x0.jpg 604w, http:\/\/www.radiolibertadmundo.com\/web\/wp-content\/uploads\/efectivo-policial-es-acusado-de-golpear-y-ult-880515-300573-jpg_604x0-300x169.jpg 300w\" sizes=\"auto, (max-width: 604px) 100vw, 604px\" \/><\/figure><\/li><\/ul>\n\n\n\n<h2 class=\"wp-block-heading\"><\/h2>\n\n\n\n<p><br>Ante la grave acusaci\u00f3n de una joven de 18 a\u00f1os de edad, quien denunci\u00f3 haber sido ultrajada y golpeada por un agente policial, los agentes de la comisar\u00eda de\u00a0Tayabamba\u00a0detuvieron a uno de sus colegas. Se trata del suboficial de tercera PNP\u00a0Jonathan Cabos Valdez, a quien conoci\u00f3 en una discoteca de la localidad de Retamas, provincia de Pataz, quien, al parecer, se habr\u00eda aprovechado de ella al encontrarse en estado de ebriedad.<\/p>\n\n\n\n<p>La agraviada, de iniciales R.S.S.R. (18), lleg\u00f3 la ma\u00f1ana del domingo hasta la comisar\u00eda de Retamas para denunciar que hab\u00eda sido v\u00edctima de violaci\u00f3n sexual. La v\u00edctima, quien presentaba la boca ensangrentada y golpes en diferentes partes del cuerpo, indic\u00f3 que la noche anterior acudi\u00f3 a la discoteca \u201cLa Caverna\u201d en compa\u00f1\u00eda de una amiga. En dicho lugar conocieron al efectivo policial en cuesti\u00f3n, quien lleg\u00f3 al local nocturno junto a dos colegas m\u00e1s.\u00a0La joven coment\u00f3 que todos se quedaron hasta las 5:40 de la ma\u00f1ana del domingo y que luego se retiraron al bar \u201cRosita\u201d.<\/p>\n\n\n\n<p>En este lugar, la agraviada y Cabos Valdez se quedaron solos bebiendo licor.\u00a0Luego de varios minutos, el acusado la llev\u00f3 al ba\u00f1o del negocio en donde, presuntamente, habr\u00eda abusado sexualmente de ella. Tal parece que la joven habr\u00eda puesto resistencia, motivo por el cual fue golpeada en el rostro. Ante esta grave acusaci\u00f3n, los efectivos policiales de esta jurisdicci\u00f3n intervinieron de inmediato al aludido suboficial, quien fue puesto a disposici\u00f3n de la Fiscal\u00eda.<\/p>\n\n\n\n<p><\/p>\n","protected":false},"excerpt":{"rendered":"<div class=\"mh-excerpt\"><p>Ante la grave acusaci\u00f3n de una joven de 18 a\u00f1os de edad, quien denunci\u00f3 haber sido ultrajada y golpeada por un agente policial, los agentes <a class=\"mh-excerpt-more\" href=\"http:\/\/www.radiolibertadmundo.com\/web\/policia-es-acusado-de-golpear-y-ultrajar-a-una-joven\/\" title=\"Polic\u00eda es acusado de golpear y ultrajar a una joven\">[&#8230;]<\/a><\/p>\n<\/div>","protected":false},"author":1,"featured_media":20071,"comment_status":"open","ping_status":"open","sticky":false,"template":"","format":"gallery","meta":{"footnotes":""},"categories":[3],"tags":[],"class_list":["post-20069","post","type-post","status-publish","format-gallery","has-post-thumbnail","hentry","category-noticias","post_format-post-format-gallery"],"_links":{"self":[{"href":"http:\/\/www.radiolibertadmundo.com\/web\/wp-json\/wp\/v2\/posts\/20069","targetHints":{"allow":["GET"]}}],"collection":[{"href":"http:\/\/www.radiolibertadmundo.com\/web\/wp-json\/wp\/v2\/posts"}],"about":[{"href":"http:\/\/www.radiolibertadmundo.com\/web\/wp-json\/wp\/v2\/types\/post"}],"author":[{"embeddable":true,"href":"http:\/\/www.radiolibertadmundo.com\/web\/wp-json\/wp\/v2\/users\/1"}],"replies":[{"embeddable":true,"href":"http:\/\/www.radiolibertadmundo.com\/web\/wp-json\/wp\/v2\/comments?post=20069"}],"version-history":[{"count":1,"href":"http:\/\/www.radiolibertadmundo.com\/web\/wp-json\/wp\/v2\/posts\/20069\/revisions"}],"predecessor-version":[{"id":20072,"href":"http:\/\/www.radiolibertadmundo.com\/web\/wp-json\/wp\/v2\/posts\/20069\/revisions\/20072"}],"wp:featuredmedia":[{"embeddable":true,"href":"http:\/\/www.radiolibertadmundo.com\/web\/wp-json\/wp\/v2\/media\/20071"}],"wp:attachment":[{"href":"http:\/\/www.radiolibertadmundo.com\/web\/wp-json\/wp\/v2\/media?parent=20069"}],"wp:term":[{"taxonomy":"category","embeddable":true,"href":"http:\/\/www.radiolibertadmundo.com\/web\/wp-json\/wp\/v2\/categories?post=20069"},{"taxonomy":"post_tag","embeddable":true,"href":"http:\/\/www.radiolibertadmundo.com\/web\/wp-json\/wp\/v2\/tags?post=20069"}],"curies":[{"name":"wp","href":"https:\/\/api.w.org\/{rel}","templated":true}]}}