{"id":20057,"date":"2019-04-08T17:01:09","date_gmt":"2019-04-08T17:01:09","guid":{"rendered":"http:\/\/www.radiolibertadmundo.com\/web\/?p=20057"},"modified":"2019-04-08T17:01:10","modified_gmt":"2019-04-08T17:01:10","slug":"etica-abrira-investigacion-a-congresistas-por-el-caso-temerarios-del-crimen","status":"publish","type":"post","link":"http:\/\/www.radiolibertadmundo.com\/web\/etica-abrira-investigacion-a-congresistas-por-el-caso-temerarios-del-crimen\/","title":{"rendered":"\u00c9tica abrir\u00e1 investigaci\u00f3n a congresistas por el caso \u201cTemerarios del Crimen\u201d"},"content":{"rendered":"\n<ul class=\"wp-block-gallery columns-1 is-cropped wp-block-gallery-1 is-layout-flex wp-block-gallery-is-layout-flex\"><li class=\"blocks-gallery-item\"><figure><img loading=\"lazy\" decoding=\"async\" width=\"604\" height=\"327\" src=\"http:\/\/www.radiolibertadmundo.com\/web\/wp-content\/uploads\/etica-abrira-investigacion-a-congresistas-por-el-c-880440-794864-jpg_604x0.jpg\" alt=\"\" data-id=\"20058\" data-link=\"http:\/\/www.radiolibertadmundo.com\/web\/?attachment_id=20058\" class=\"wp-image-20058\" srcset=\"http:\/\/www.radiolibertadmundo.com\/web\/wp-content\/uploads\/etica-abrira-investigacion-a-congresistas-por-el-c-880440-794864-jpg_604x0.jpg 604w, http:\/\/www.radiolibertadmundo.com\/web\/wp-content\/uploads\/etica-abrira-investigacion-a-congresistas-por-el-c-880440-794864-jpg_604x0-300x162.jpg 300w\" sizes=\"auto, (max-width: 604px) 100vw, 604px\" \/><\/figure><\/li><\/ul>\n\n\n\n<h2 class=\"wp-block-heading\"><\/h2>\n\n\n\n<p><br>La\u00a0Comisi\u00f3n de \u00c9tica\u00a0del Congreso, a cargo de la oficialista Janet S\u00e1nchez, abrir\u00e1 una investigaci\u00f3n de oficio a los congresistas\u00a0Carlos Bruce,\u00a0Clemente Flores,\u00a0C\u00e9sar V\u00e1squez,\u00a0Javier Vel\u00e1squez Quesqu\u00e9n\u00a0y\u00a0H\u00e9ctor Becerril, implicados en presuntos actos de corrupci\u00f3n vinculados a la organizaci\u00f3n delictiva \u201cLos Temerarios del Crimen\u201d.  De acuerdo con el fiscal del caso, Juan Carrasco Millones, los legisladores habr\u00edan tenido conversaciones con el exalcalde de Chiclayo David Cornejo, con el objetivo de apoyarlo en la gesti\u00f3n de obras y a cambio recomendarles a empresarios para que realicen los proyectos, previo pago de una coima. <\/p>\n\n\n\n<p>Adem\u00e1s, varios de los parlamentarios habr\u00edan favorecido con partidas presupuestales para el alcalde, a trav\u00e9s de la Comisi\u00f3n de Presupuesto del Congreso. Janet S\u00e1nchez revel\u00f3 que los citados legisladores ser\u00e1n investigados por el grupo legislativo que dirige, debido a las graves acusaciones en su contra.  \u201cCreemos que por lo menos la Comisi\u00f3n de \u00c9tica tendr\u00eda que investigar a estos congresistas. Se iniciar\u00e1 con una indagaci\u00f3n como parte del proceso, no quiere decir que vamos a juzgar y sentenciar al respecto, pero creo que por la salud y la imagen del Parlamento, s\u00ed corresponder\u00eda ver este tema\u201d, se\u00f1al\u00f3 a este diario la legisladora.<\/p>\n\n\n\n<p>Consultada si Carlos Bruce podr\u00eda tener alg\u00fan trato especial dada su condici\u00f3n de ministro y miembro de su bancada, la parlamentaria precis\u00f3 que \u201cde ninguna manera\u201d y que realizar\u00e1 una investigaci\u00f3n objetiva. \u201cSiempre hemos trabajado de manera imparcial, objetiva, responsable y sobre todo seria. En ese sentido, si mencionan a uno o cinco, pues los cinco tendr\u00edan que estar en este proceso. No por el hecho de pertenecer a mi grupo parlamentario tendr\u00eda que tener alguna excepci\u00f3n\u201d, sostuvo la titular de \u00c9tica. S\u00e1nchez asever\u00f3 que sobre la situaci\u00f3n de los congresistas involucrados en el caso de \u201cLos Temerarios del Crimen\u201d no ha llegado ninguna denuncia, raz\u00f3n por la cual viene tomando acciones por la gravedad del caso. \u201cSomos conscientes de que debemos ver este tema que es delicado\u201d, finaliz\u00f3.<\/p>\n\n\n\n<p><\/p>\n","protected":false},"excerpt":{"rendered":"<div class=\"mh-excerpt\"><p>La\u00a0Comisi\u00f3n de \u00c9tica\u00a0del Congreso, a cargo de la oficialista Janet S\u00e1nchez, abrir\u00e1 una investigaci\u00f3n de oficio a los congresistas\u00a0Carlos Bruce,\u00a0Clemente Flores,\u00a0C\u00e9sar V\u00e1squez,\u00a0Javier Vel\u00e1squez Quesqu\u00e9n\u00a0y\u00a0H\u00e9ctor Becerril, <a class=\"mh-excerpt-more\" href=\"http:\/\/www.radiolibertadmundo.com\/web\/etica-abrira-investigacion-a-congresistas-por-el-caso-temerarios-del-crimen\/\" title=\"\u00c9tica abrir\u00e1 investigaci\u00f3n a congresistas por el caso \u201cTemerarios del Crimen\u201d\">[&#8230;]<\/a><\/p>\n<\/div>","protected":false},"author":1,"featured_media":20059,"comment_status":"open","ping_status":"open","sticky":false,"template":"","format":"gallery","meta":{"footnotes":""},"categories":[3],"tags":[],"class_list":["post-20057","post","type-post","status-publish","format-gallery","has-post-thumbnail","hentry","category-noticias","post_format-post-format-gallery"],"_links":{"self":[{"href":"http:\/\/www.radiolibertadmundo.com\/web\/wp-json\/wp\/v2\/posts\/20057","targetHints":{"allow":["GET"]}}],"collection":[{"href":"http:\/\/www.radiolibertadmundo.com\/web\/wp-json\/wp\/v2\/posts"}],"about":[{"href":"http:\/\/www.radiolibertadmundo.com\/web\/wp-json\/wp\/v2\/types\/post"}],"author":[{"embeddable":true,"href":"http:\/\/www.radiolibertadmundo.com\/web\/wp-json\/wp\/v2\/users\/1"}],"replies":[{"embeddable":true,"href":"http:\/\/www.radiolibertadmundo.com\/web\/wp-json\/wp\/v2\/comments?post=20057"}],"version-history":[{"count":1,"href":"http:\/\/www.radiolibertadmundo.com\/web\/wp-json\/wp\/v2\/posts\/20057\/revisions"}],"predecessor-version":[{"id":20060,"href":"http:\/\/www.radiolibertadmundo.com\/web\/wp-json\/wp\/v2\/posts\/20057\/revisions\/20060"}],"wp:featuredmedia":[{"embeddable":true,"href":"http:\/\/www.radiolibertadmundo.com\/web\/wp-json\/wp\/v2\/media\/20059"}],"wp:attachment":[{"href":"http:\/\/www.radiolibertadmundo.com\/web\/wp-json\/wp\/v2\/media?parent=20057"}],"wp:term":[{"taxonomy":"category","embeddable":true,"href":"http:\/\/www.radiolibertadmundo.com\/web\/wp-json\/wp\/v2\/categories?post=20057"},{"taxonomy":"post_tag","embeddable":true,"href":"http:\/\/www.radiolibertadmundo.com\/web\/wp-json\/wp\/v2\/tags?post=20057"}],"curies":[{"name":"wp","href":"https:\/\/api.w.org\/{rel}","templated":true}]}}