{"id":20053,"date":"2019-04-08T16:59:13","date_gmt":"2019-04-08T16:59:13","guid":{"rendered":"http:\/\/www.radiolibertadmundo.com\/web\/?p=20053"},"modified":"2019-04-08T16:59:14","modified_gmt":"2019-04-08T16:59:14","slug":"proyecto-de-ley-podria-beneficiar-a-acusados-en-subcomision-del-congreso","status":"publish","type":"post","link":"http:\/\/www.radiolibertadmundo.com\/web\/proyecto-de-ley-podria-beneficiar-a-acusados-en-subcomision-del-congreso\/","title":{"rendered":"Proyecto de ley podr\u00eda beneficiar a acusados en Subcomisi\u00f3n del Congreso"},"content":{"rendered":"\n<ul class=\"wp-block-gallery columns-1 is-cropped wp-block-gallery-1 is-layout-flex wp-block-gallery-is-layout-flex\"><li class=\"blocks-gallery-item\"><figure><img loading=\"lazy\" decoding=\"async\" width=\"604\" height=\"402\" src=\"http:\/\/www.radiolibertadmundo.com\/web\/wp-content\/uploads\/proyecto-de-ley-podria-beneficiar-a-acusados-en-su-880444-411809-jpg_604x0.jpg\" alt=\"\" data-id=\"20054\" data-link=\"http:\/\/www.radiolibertadmundo.com\/web\/?attachment_id=20054\" class=\"wp-image-20054\" srcset=\"http:\/\/www.radiolibertadmundo.com\/web\/wp-content\/uploads\/proyecto-de-ley-podria-beneficiar-a-acusados-en-su-880444-411809-jpg_604x0.jpg 604w, http:\/\/www.radiolibertadmundo.com\/web\/wp-content\/uploads\/proyecto-de-ley-podria-beneficiar-a-acusados-en-su-880444-411809-jpg_604x0-300x200.jpg 300w\" sizes=\"auto, (max-width: 604px) 100vw, 604px\" \/><\/figure><\/li><\/ul>\n\n\n\n<h2 class=\"wp-block-heading\"><\/h2>\n\n\n\n<p><br>Cinco son los congresistas promotores de un proyecto de ley que busca que los ex altos funcionarios del Estado acusados de corrupci\u00f3n se acojan a la colaboraci\u00f3n eficaz a cambio de reducir su sanci\u00f3n pol\u00edtica. Se trata de la propuesta N\u00b04153, que maximiza la lucha contra la corrupci\u00f3n en procesos de investigaci\u00f3n y de acusaci\u00f3n constitucional en el Congreso a trav\u00e9s de la colaboraci\u00f3n eficaz. Es decir, un funcionario denunciado en la\u00a0Subcomisi\u00f3n de Acusaciones Constitucionales\u00a0podr\u00e1 acogerse al beneficio para no ser inhabilitado en el cargo hasta por 10 a\u00f1os. Daniel Salaverry,\u00a0Jorge del Castillo\u00a0(APRA),\u00a0Sergio D\u00e1vila\u00a0(PPK),\u00a0Gloria Montenegro\u00a0(APP) y\u00a0Edmundo del \u00c1guila\u00a0(AP) impulsan la norma.<\/p>\n\n\n\n<p>El proyecto pide modificar el art\u00edculo N\u00b088 del Reglamento del Congreso, sobre el \u201cprocedimiento de investigaci\u00f3n\u201d, e incluir el inciso k), donde explica que los \u201cfuncionarios pueden invocar su colaboraci\u00f3n oportuna y pertinente de la investigaci\u00f3n para la reducci\u00f3n de la sanci\u00f3n pol\u00edtica\u201d que recibir\u00e1n en la Subcomisi\u00f3n. En el art\u00edculo N\u00b089, del \u201cprocedimiento de acusaci\u00f3n constitucional\u201d, se agrega el inciso d.8), que establece que \u201cla Subcomisi\u00f3n tendr\u00e1 hasta tres d\u00edas h\u00e1biles\u201d para aprobar o rechazar el pedido que realice por escrito el denunciado que pretenda allanarse para reducir la pena en contra. Y el inciso d.9), que se\u00f1ala que el funcionario tendr\u00e1 mayor beneficio si colabor\u00f3 \u201cpreviamente ante una comisi\u00f3n investigadora\u201d. Por lo tanto, se requiere que el colaborador entregue informaci\u00f3n fehaciente, con conocimiento de causa y tambi\u00e9n pruebas. Por otro lado, si el denunciado incumple con ello, perder\u00e1 todo beneficio.<\/p>\n\n\n\n<p><\/p>\n","protected":false},"excerpt":{"rendered":"<div class=\"mh-excerpt\"><p>Cinco son los congresistas promotores de un proyecto de ley que busca que los ex altos funcionarios del Estado acusados de corrupci\u00f3n se acojan a <a class=\"mh-excerpt-more\" href=\"http:\/\/www.radiolibertadmundo.com\/web\/proyecto-de-ley-podria-beneficiar-a-acusados-en-subcomision-del-congreso\/\" title=\"Proyecto de ley podr\u00eda beneficiar a acusados en Subcomisi\u00f3n del Congreso\">[&#8230;]<\/a><\/p>\n<\/div>","protected":false},"author":1,"featured_media":20055,"comment_status":"open","ping_status":"open","sticky":false,"template":"","format":"gallery","meta":{"footnotes":""},"categories":[3],"tags":[],"class_list":["post-20053","post","type-post","status-publish","format-gallery","has-post-thumbnail","hentry","category-noticias","post_format-post-format-gallery"],"_links":{"self":[{"href":"http:\/\/www.radiolibertadmundo.com\/web\/wp-json\/wp\/v2\/posts\/20053","targetHints":{"allow":["GET"]}}],"collection":[{"href":"http:\/\/www.radiolibertadmundo.com\/web\/wp-json\/wp\/v2\/posts"}],"about":[{"href":"http:\/\/www.radiolibertadmundo.com\/web\/wp-json\/wp\/v2\/types\/post"}],"author":[{"embeddable":true,"href":"http:\/\/www.radiolibertadmundo.com\/web\/wp-json\/wp\/v2\/users\/1"}],"replies":[{"embeddable":true,"href":"http:\/\/www.radiolibertadmundo.com\/web\/wp-json\/wp\/v2\/comments?post=20053"}],"version-history":[{"count":1,"href":"http:\/\/www.radiolibertadmundo.com\/web\/wp-json\/wp\/v2\/posts\/20053\/revisions"}],"predecessor-version":[{"id":20056,"href":"http:\/\/www.radiolibertadmundo.com\/web\/wp-json\/wp\/v2\/posts\/20053\/revisions\/20056"}],"wp:featuredmedia":[{"embeddable":true,"href":"http:\/\/www.radiolibertadmundo.com\/web\/wp-json\/wp\/v2\/media\/20055"}],"wp:attachment":[{"href":"http:\/\/www.radiolibertadmundo.com\/web\/wp-json\/wp\/v2\/media?parent=20053"}],"wp:term":[{"taxonomy":"category","embeddable":true,"href":"http:\/\/www.radiolibertadmundo.com\/web\/wp-json\/wp\/v2\/categories?post=20053"},{"taxonomy":"post_tag","embeddable":true,"href":"http:\/\/www.radiolibertadmundo.com\/web\/wp-json\/wp\/v2\/tags?post=20053"}],"curies":[{"name":"wp","href":"https:\/\/api.w.org\/{rel}","templated":true}]}}