{"id":20049,"date":"2019-04-08T16:57:37","date_gmt":"2019-04-08T16:57:37","guid":{"rendered":"http:\/\/www.radiolibertadmundo.com\/web\/?p=20049"},"modified":"2019-04-08T16:57:38","modified_gmt":"2019-04-08T16:57:38","slug":"%e2%80%8blas-bambas-en-fuerabamba-desconocen-acuerdo-suscrito-con-el-ejecutivo","status":"publish","type":"post","link":"http:\/\/www.radiolibertadmundo.com\/web\/%e2%80%8blas-bambas-en-fuerabamba-desconocen-acuerdo-suscrito-con-el-ejecutivo\/","title":{"rendered":"\u200bLas Bambas: en Fuerabamba desconocen acuerdo suscrito con el Ejecutivo"},"content":{"rendered":"\n<ul class=\"wp-block-gallery columns-1 is-cropped wp-block-gallery-1 is-layout-flex wp-block-gallery-is-layout-flex\"><li class=\"blocks-gallery-item\"><figure><img loading=\"lazy\" decoding=\"async\" width=\"620\" height=\"356\" src=\"http:\/\/www.radiolibertadmundo.com\/web\/wp-content\/uploads\/5c9d4ee80b2af.jpeg\" alt=\"\" data-id=\"20050\" data-link=\"http:\/\/www.radiolibertadmundo.com\/web\/?attachment_id=20050\" class=\"wp-image-20050\" srcset=\"http:\/\/www.radiolibertadmundo.com\/web\/wp-content\/uploads\/5c9d4ee80b2af.jpeg 620w, http:\/\/www.radiolibertadmundo.com\/web\/wp-content\/uploads\/5c9d4ee80b2af-300x172.jpeg 300w\" sizes=\"auto, (max-width: 620px) 100vw, 620px\" \/><\/figure><\/li><\/ul>\n\n\n\n<h2 class=\"wp-block-heading\"><\/h2>\n\n\n\n<p><br>A pesar del optimismo mostrado por el\u00a0Ejecutivo\u00a0tras la firma del acta preliminar con el presidente de\u00a0Fuerabamba,\u00a0Gregorio Rojas, otras voces de la misma comunidad parecen quebrar la posibilidad de una pronta soluci\u00f3n en uno de los conflictos m\u00e1s \u00e1lgidos que ha tenido que afrontar el gobierno de\u00a0Mart\u00edn Vizcarra. El vicepresidente de la comunidad de\u00a0Fuerabamba,\u00a0Edison Vargas Huamanga,\u00a0en conversaci\u00f3n con\u00a0Correo, se\u00f1al\u00f3 que rechaza de manera categ\u00f3rica el acuerdo suscrito por\u00a0Rojas, el cual estipula la liberaci\u00f3n de las v\u00edas de ingreso a la mina\u00a0Las Bambas (Apur\u00edmac), de tal manera que ello permita que el pr\u00f3ximo jueves se pueda establecer el di\u00e1logo con el premier\u00a0Salvador del Solar, quien tiene planeado ir a\u00a0Challhuahuacho\u00a0en representaci\u00f3n del Gobierno.<\/p>\n\n\n\n<p>Vargas\u00a0alega que no se ha cumplido el pedido de liberaci\u00f3n de los exasesores legales de\u00a0Fuerabamba, los hermanos\u00a0Ch\u00e1vez Sotelo, raz\u00f3n por la cual niega la validez del acuerdo preliminar. \u201cDesconocemos totalmente ese acuerdo. En nuestra agenda de lucha no est\u00e1 lo que se ha firmado ah\u00ed. Nosotros exigimos la libertad de nuestros dirigentes. C\u00f3mo es posible que se apruebe eso, si hasta yo tengo orden de captura\u201d, expres\u00f3. Asimismo, el dirigente se\u00f1al\u00f3 que no desbloquear\u00e1n la v\u00eda que da paso a la mina y que mantendr\u00e1n su acci\u00f3n de protesta.\u00a0\u201cEn nombre de todas las comunidades, puedo decir que nosotros desconocemos ese acuerdo, y hasta que no se libere a nuestros dirigentes, no vamos a detener nuestra medida de protesta\u201d, dijo el vicepresidente.<\/p>\n\n\n\n<p>Por otro lado, sobre el respaldo que brinda la comunidad de\u00a0Fuerabamba\u00a0a los hermanos\u00a0Ch\u00e1vez, pese a la evidencia que existe contra ellos, dijo que los comuneros creen que\u00a0\u201csi hoy empezaron con los Ch\u00e1vez Sotelo, ma\u00f1ana los 26 comuneros que est\u00e1n en proceso de investigaci\u00f3n ser\u00e1n capturados\u201d. Asimismo,\u00a0Paredes Terry,\u00a0quien tambi\u00e9n particip\u00f3 en la reuni\u00f3n con el Ejecutivo en Lima, afirm\u00f3 que existe una grande disconformidad con las acciones del presidente\u00a0Mart\u00edn Vizcarra, quien no habr\u00eda cumplido con un acuerdo realizado con la comunidad cuando tuvo el cargo de\u00a0ministro de Transportes durante el gobierno de\u00a0Kuczynski.<\/p>\n\n\n\n<p><\/p>\n\n\n\n<p><\/p>\n","protected":false},"excerpt":{"rendered":"<div class=\"mh-excerpt\"><p>A pesar del optimismo mostrado por el\u00a0Ejecutivo\u00a0tras la firma del acta preliminar con el presidente de\u00a0Fuerabamba,\u00a0Gregorio Rojas, otras voces de la misma comunidad parecen quebrar <a class=\"mh-excerpt-more\" href=\"http:\/\/www.radiolibertadmundo.com\/web\/%e2%80%8blas-bambas-en-fuerabamba-desconocen-acuerdo-suscrito-con-el-ejecutivo\/\" title=\"\u200bLas Bambas: en Fuerabamba desconocen acuerdo suscrito con el Ejecutivo\">[&#8230;]<\/a><\/p>\n<\/div>","protected":false},"author":1,"featured_media":20051,"comment_status":"open","ping_status":"open","sticky":false,"template":"","format":"gallery","meta":{"footnotes":""},"categories":[3],"tags":[],"class_list":["post-20049","post","type-post","status-publish","format-gallery","has-post-thumbnail","hentry","category-noticias","post_format-post-format-gallery"],"_links":{"self":[{"href":"http:\/\/www.radiolibertadmundo.com\/web\/wp-json\/wp\/v2\/posts\/20049","targetHints":{"allow":["GET"]}}],"collection":[{"href":"http:\/\/www.radiolibertadmundo.com\/web\/wp-json\/wp\/v2\/posts"}],"about":[{"href":"http:\/\/www.radiolibertadmundo.com\/web\/wp-json\/wp\/v2\/types\/post"}],"author":[{"embeddable":true,"href":"http:\/\/www.radiolibertadmundo.com\/web\/wp-json\/wp\/v2\/users\/1"}],"replies":[{"embeddable":true,"href":"http:\/\/www.radiolibertadmundo.com\/web\/wp-json\/wp\/v2\/comments?post=20049"}],"version-history":[{"count":1,"href":"http:\/\/www.radiolibertadmundo.com\/web\/wp-json\/wp\/v2\/posts\/20049\/revisions"}],"predecessor-version":[{"id":20052,"href":"http:\/\/www.radiolibertadmundo.com\/web\/wp-json\/wp\/v2\/posts\/20049\/revisions\/20052"}],"wp:featuredmedia":[{"embeddable":true,"href":"http:\/\/www.radiolibertadmundo.com\/web\/wp-json\/wp\/v2\/media\/20051"}],"wp:attachment":[{"href":"http:\/\/www.radiolibertadmundo.com\/web\/wp-json\/wp\/v2\/media?parent=20049"}],"wp:term":[{"taxonomy":"category","embeddable":true,"href":"http:\/\/www.radiolibertadmundo.com\/web\/wp-json\/wp\/v2\/categories?post=20049"},{"taxonomy":"post_tag","embeddable":true,"href":"http:\/\/www.radiolibertadmundo.com\/web\/wp-json\/wp\/v2\/tags?post=20049"}],"curies":[{"name":"wp","href":"https:\/\/api.w.org\/{rel}","templated":true}]}}