{"id":19892,"date":"2019-03-27T16:48:39","date_gmt":"2019-03-27T16:48:39","guid":{"rendered":"http:\/\/www.radiolibertadmundo.com\/web\/?p=19892"},"modified":"2019-03-27T16:50:00","modified_gmt":"2019-03-27T16:50:00","slug":"ricardo-gareca-somos-una-seleccion-que-esta-en-crecimiento-y-que-tiene-que-mejorar","status":"publish","type":"post","link":"http:\/\/www.radiolibertadmundo.com\/web\/ricardo-gareca-somos-una-seleccion-que-esta-en-crecimiento-y-que-tiene-que-mejorar\/","title":{"rendered":"Ricardo Gareca: \u00abSomos una selecci\u00f3n que est\u00e1 en crecimiento y que tiene que mejorar\u00bb"},"content":{"rendered":"\n<ul class=\"wp-block-gallery columns-1 is-cropped wp-block-gallery-1 is-layout-flex wp-block-gallery-is-layout-flex\"><li class=\"blocks-gallery-item\"><figure><img loading=\"lazy\" decoding=\"async\" width=\"604\" height=\"340\" src=\"http:\/\/www.radiolibertadmundo.com\/web\/wp-content\/uploads\/370037_770448.jpg\" alt=\"\" data-id=\"19893\" data-link=\"http:\/\/www.radiolibertadmundo.com\/web\/?attachment_id=19893\" class=\"wp-image-19893\" srcset=\"http:\/\/www.radiolibertadmundo.com\/web\/wp-content\/uploads\/370037_770448.jpg 604w, http:\/\/www.radiolibertadmundo.com\/web\/wp-content\/uploads\/370037_770448-300x169.jpg 300w\" sizes=\"auto, (max-width: 604px) 100vw, 604px\" \/><\/figure><\/li><\/ul>\n\n\n\n<h2 class=\"wp-block-heading\"><\/h2>\n\n\n\n<p><br>Ricardo Gareca, en la conferencia de prensa tras la derrota que sufri\u00f3 la&nbsp;selecci\u00f3n peruana&nbsp;ante&nbsp;El Salvador&nbsp;por 2-0, indic\u00f3 que se trat\u00f3 de un&nbsp;\u00abpartido de esos extra\u00f1os que se dan en el f\u00fatbol\u00bb&nbsp;y que&nbsp;\u00abel rival pate\u00f3 una sola vez al arco y termin\u00f3 ganando\u00bb, resaltando que la efectividad es lo m\u00e1s importante en este deporte. Si bien reconoci\u00f3 que no fue un buen partido de Per\u00fa, donde no pudo concretar las&nbsp;oportunidades que gener\u00f3, precis\u00f3 que&nbsp;\u00abno tengo nada que reprocharle a los muchachos\u00bb.<\/p>\n\n\n\n<p>\u00abVimos al equipo que intent\u00f3 por todos los medio, fue el protagonista y lamentablemente no lo pudo plasmar en el resultado\u00bb, se\u00f1al\u00f3 el gu\u00eda argentino.\u00bbTuvimos mucha posesi\u00f3n, pero nos falt\u00f3 mayor claridad en los \u00faltimos metros&nbsp;(&#8230;) Somos un equipo que tiene gol y que en este partido nos costo\u00bb, agreg\u00f3. Por \u00faltimo, indic\u00f3 que la selecci\u00f3n peruana est\u00e1 en constante crecimiento y as\u00ed como es capaz de lograr resultados incre\u00edble, tambi\u00e9n&nbsp;\u00abcualquier equipo a nosotros nos puede ganar\u00bb.<\/p>\n\n\n\n<p>\u00abSomos una selecci\u00f3n que estamos en crecimiento, somos una selecci\u00f3n que busca su camino y que permanentemente tiene que ganar. Cualquiera a nosotros nos puede ganar, somos muy parejo en todo. Per\u00fa es una selecci\u00f3n que se le puede parar de igual a igual a cualquier rival y siempre ambiciona ganar&nbsp;y cualquier selecci\u00f3n se nos puede parar de igual a igual y tambi\u00e9n nos puede ganar. Eso&nbsp;lo tenemos clar\u00edsimo nosotros\u00bb, sentenci\u00f3.<br><\/p>\n\n\n\n<p><\/p>\n","protected":false},"excerpt":{"rendered":"<div class=\"mh-excerpt\"><p>Ricardo Gareca, en la conferencia de prensa tras la derrota que sufri\u00f3 la&nbsp;selecci\u00f3n peruana&nbsp;ante&nbsp;El Salvador&nbsp;por 2-0, indic\u00f3 que se trat\u00f3 de un&nbsp;\u00abpartido de esos extra\u00f1os <a class=\"mh-excerpt-more\" href=\"http:\/\/www.radiolibertadmundo.com\/web\/ricardo-gareca-somos-una-seleccion-que-esta-en-crecimiento-y-que-tiene-que-mejorar\/\" title=\"Ricardo Gareca: \u00abSomos una selecci\u00f3n que est\u00e1 en crecimiento y que tiene que mejorar\u00bb\">[&#8230;]<\/a><\/p>\n<\/div>","protected":false},"author":1,"featured_media":19900,"comment_status":"open","ping_status":"open","sticky":false,"template":"","format":"gallery","meta":{"footnotes":""},"categories":[3],"tags":[],"class_list":["post-19892","post","type-post","status-publish","format-gallery","has-post-thumbnail","hentry","category-noticias","post_format-post-format-gallery"],"_links":{"self":[{"href":"http:\/\/www.radiolibertadmundo.com\/web\/wp-json\/wp\/v2\/posts\/19892","targetHints":{"allow":["GET"]}}],"collection":[{"href":"http:\/\/www.radiolibertadmundo.com\/web\/wp-json\/wp\/v2\/posts"}],"about":[{"href":"http:\/\/www.radiolibertadmundo.com\/web\/wp-json\/wp\/v2\/types\/post"}],"author":[{"embeddable":true,"href":"http:\/\/www.radiolibertadmundo.com\/web\/wp-json\/wp\/v2\/users\/1"}],"replies":[{"embeddable":true,"href":"http:\/\/www.radiolibertadmundo.com\/web\/wp-json\/wp\/v2\/comments?post=19892"}],"version-history":[{"count":2,"href":"http:\/\/www.radiolibertadmundo.com\/web\/wp-json\/wp\/v2\/posts\/19892\/revisions"}],"predecessor-version":[{"id":19901,"href":"http:\/\/www.radiolibertadmundo.com\/web\/wp-json\/wp\/v2\/posts\/19892\/revisions\/19901"}],"wp:featuredmedia":[{"embeddable":true,"href":"http:\/\/www.radiolibertadmundo.com\/web\/wp-json\/wp\/v2\/media\/19900"}],"wp:attachment":[{"href":"http:\/\/www.radiolibertadmundo.com\/web\/wp-json\/wp\/v2\/media?parent=19892"}],"wp:term":[{"taxonomy":"category","embeddable":true,"href":"http:\/\/www.radiolibertadmundo.com\/web\/wp-json\/wp\/v2\/categories?post=19892"},{"taxonomy":"post_tag","embeddable":true,"href":"http:\/\/www.radiolibertadmundo.com\/web\/wp-json\/wp\/v2\/tags?post=19892"}],"curies":[{"name":"wp","href":"https:\/\/api.w.org\/{rel}","templated":true}]}}