{"id":19888,"date":"2019-03-27T16:44:47","date_gmt":"2019-03-27T16:44:47","guid":{"rendered":"http:\/\/www.radiolibertadmundo.com\/web\/?p=19888"},"modified":"2019-03-27T16:44:48","modified_gmt":"2019-03-27T16:44:48","slug":"detienen-a-siete-sujetos-por-violar-a-joven-de-19-anos-con-discapacidad-mental","status":"publish","type":"post","link":"http:\/\/www.radiolibertadmundo.com\/web\/detienen-a-siete-sujetos-por-violar-a-joven-de-19-anos-con-discapacidad-mental\/","title":{"rendered":"Detienen a siete sujetos por violar a joven de 19 a\u00f1os con discapacidad mental"},"content":{"rendered":"\n<ul class=\"wp-block-gallery columns-1 is-cropped wp-block-gallery-1 is-layout-flex wp-block-gallery-is-layout-flex\"><li class=\"blocks-gallery-item\"><figure><img loading=\"lazy\" decoding=\"async\" width=\"604\" height=\"340\" src=\"http:\/\/www.radiolibertadmundo.com\/web\/wp-content\/uploads\/siete-sujetos-violan-a-joven-de-19-anos-con-disc-878148-920644-jpg_604x0.jpg\" alt=\"\" data-id=\"19889\" data-link=\"http:\/\/www.radiolibertadmundo.com\/web\/?attachment_id=19889\" class=\"wp-image-19889\" srcset=\"http:\/\/www.radiolibertadmundo.com\/web\/wp-content\/uploads\/siete-sujetos-violan-a-joven-de-19-anos-con-disc-878148-920644-jpg_604x0.jpg 604w, http:\/\/www.radiolibertadmundo.com\/web\/wp-content\/uploads\/siete-sujetos-violan-a-joven-de-19-anos-con-disc-878148-920644-jpg_604x0-300x169.jpg 300w\" sizes=\"auto, (max-width: 604px) 100vw, 604px\" \/><\/figure><\/li><\/ul>\n\n\n\n<h2 class=\"wp-block-heading\"><\/h2>\n\n\n\n<p><strong><br><\/strong>Cinco de los siete sujetos que se grabaron\u00a0mientras violaban a una joven\u00a0de 19 a\u00f1os de edad\u00a0que sufre de discapacidad mental fueron detenidos por personal policial de la Comisar\u00eda de La Tingui\u00f1a, el \u00faltimo lunes, en horas de la noche.\u00a0Seg\u00fan informaci\u00f3n policial, los individuos ven\u00edan chantajeando a una prima de la v\u00edctima. Ellos le exig\u00edan tener relaciones sexuales a cambio de no difundir el video de la violaci\u00f3n en las redes sociales. La prima no cedi\u00f3 al chantaje sexual y denunci\u00f3 tanto el chantaje como la violaci\u00f3n, que hab\u00eda sido grabada en un tel\u00e9fono celular, ante la Comisar\u00eda de La Tingui\u00f1a.<\/p>\n\n\n\n<p>El Ministerio P\u00fablico inform\u00f3 que ayer, la Segunda Fiscal\u00eda Provincial Penal Corporativa de Parcona-Ica abri\u00f3 investigaci\u00f3n preliminar contra los 5 implicados en presunto abuso y chantaje sexual a una joven. Los agentes policiales, tras conocer la ubicaci\u00f3n de los sujetos, lograron intervenirlos y capturarlos. Dentro de la comisar\u00eda, seg\u00fan fuentes policiales, habr\u00edan confirmado la violaci\u00f3n a la joven con discapacidad mental. La prima de la agraviada habr\u00eda identificado a los cinco hombres que participaron de la grabaci\u00f3n. Adem\u00e1s, fuentes policiales indicaron que todos ellos aparecen en el video ultrajando a la joven. Los detenidos fueron identificados como Iv\u00e1n Elvis Melgar Alarc\u00f3n, de 27 a\u00f1os; Leonardo Guevara Fern\u00e1ndez, de 20 a\u00f1os; Jhoan Alexis Cabrera C\u00f3rdova, de 22 a\u00f1os; Jheyson Andr\u00e9s Revata Escate, de 25 a\u00f1os; y Germ\u00e1n Junior Guti\u00e9rrez Guti\u00e9rrez, de 22 a\u00f1os de edad.<\/p>\n\n\n\n<p>Asimismo, las mismas fuentes dieron a conocer que tres de los implicados en este hecho cuentan con denuncias por violencia familiar, tr\u00e1fico il\u00edcito de drogas y hurto agravado. Todos permanecen en calidad de detenidos a la espera de que se confirme la prisi\u00f3n preliminar solicitada en su contra por el fiscal Miguel Mor\u00f3n Hern\u00e1ndez. Trascendi\u00f3, adem\u00e1s, que la violaci\u00f3n habr\u00eda ocurrido el mi\u00e9rcoles pasado y fue perpetrada dentro de una vivienda abandonada, propiedad de uno de los implicados en el mencionado caso. Por otro lado, el Centro de Emergencia Mujer de La Tingui\u00f1a viene ayudando en el caso y ha brindado el apoyo necesario a la familia de la v\u00edctima.<\/p>\n\n\n\n<p><\/p>\n","protected":false},"excerpt":{"rendered":"<div class=\"mh-excerpt\"><p>Cinco de los siete sujetos que se grabaron\u00a0mientras violaban a una joven\u00a0de 19 a\u00f1os de edad\u00a0que sufre de discapacidad mental fueron detenidos por personal policial <a class=\"mh-excerpt-more\" href=\"http:\/\/www.radiolibertadmundo.com\/web\/detienen-a-siete-sujetos-por-violar-a-joven-de-19-anos-con-discapacidad-mental\/\" title=\"Detienen a siete sujetos por violar a joven de 19 a\u00f1os con discapacidad mental\">[&#8230;]<\/a><\/p>\n<\/div>","protected":false},"author":1,"featured_media":19890,"comment_status":"open","ping_status":"open","sticky":false,"template":"","format":"gallery","meta":{"footnotes":""},"categories":[3],"tags":[],"class_list":["post-19888","post","type-post","status-publish","format-gallery","has-post-thumbnail","hentry","category-noticias","post_format-post-format-gallery"],"_links":{"self":[{"href":"http:\/\/www.radiolibertadmundo.com\/web\/wp-json\/wp\/v2\/posts\/19888","targetHints":{"allow":["GET"]}}],"collection":[{"href":"http:\/\/www.radiolibertadmundo.com\/web\/wp-json\/wp\/v2\/posts"}],"about":[{"href":"http:\/\/www.radiolibertadmundo.com\/web\/wp-json\/wp\/v2\/types\/post"}],"author":[{"embeddable":true,"href":"http:\/\/www.radiolibertadmundo.com\/web\/wp-json\/wp\/v2\/users\/1"}],"replies":[{"embeddable":true,"href":"http:\/\/www.radiolibertadmundo.com\/web\/wp-json\/wp\/v2\/comments?post=19888"}],"version-history":[{"count":1,"href":"http:\/\/www.radiolibertadmundo.com\/web\/wp-json\/wp\/v2\/posts\/19888\/revisions"}],"predecessor-version":[{"id":19891,"href":"http:\/\/www.radiolibertadmundo.com\/web\/wp-json\/wp\/v2\/posts\/19888\/revisions\/19891"}],"wp:featuredmedia":[{"embeddable":true,"href":"http:\/\/www.radiolibertadmundo.com\/web\/wp-json\/wp\/v2\/media\/19890"}],"wp:attachment":[{"href":"http:\/\/www.radiolibertadmundo.com\/web\/wp-json\/wp\/v2\/media?parent=19888"}],"wp:term":[{"taxonomy":"category","embeddable":true,"href":"http:\/\/www.radiolibertadmundo.com\/web\/wp-json\/wp\/v2\/categories?post=19888"},{"taxonomy":"post_tag","embeddable":true,"href":"http:\/\/www.radiolibertadmundo.com\/web\/wp-json\/wp\/v2\/tags?post=19888"}],"curies":[{"name":"wp","href":"https:\/\/api.w.org\/{rel}","templated":true}]}}