{"id":19884,"date":"2019-03-27T16:41:18","date_gmt":"2019-03-27T16:41:18","guid":{"rendered":"http:\/\/www.radiolibertadmundo.com\/web\/?p=19884"},"modified":"2019-03-27T16:41:19","modified_gmt":"2019-03-27T16:41:19","slug":"salvador-del-solar-asegura-que-liberacion-de-dirigente-de-fuerabamba-no-depende-del-gobierno","status":"publish","type":"post","link":"http:\/\/www.radiolibertadmundo.com\/web\/salvador-del-solar-asegura-que-liberacion-de-dirigente-de-fuerabamba-no-depende-del-gobierno\/","title":{"rendered":"Salvador del Solar asegura que liberaci\u00f3n de dirigente de Fuerabamba no depende del Gobierno"},"content":{"rendered":"\n<ul class=\"wp-block-gallery columns-1 is-cropped wp-block-gallery-1 is-layout-flex wp-block-gallery-is-layout-flex\"><li class=\"blocks-gallery-item\"><figure><img loading=\"lazy\" decoding=\"async\" width=\"1024\" height=\"682\" src=\"http:\/\/www.radiolibertadmundo.com\/web\/wp-content\/uploads\/WhatsApp-Image-2019-03-27-at-8.30.17-AM-1-1024x682.jpeg\" alt=\"\" data-id=\"19885\" data-link=\"http:\/\/www.radiolibertadmundo.com\/web\/?attachment_id=19885\" class=\"wp-image-19885\" srcset=\"http:\/\/www.radiolibertadmundo.com\/web\/wp-content\/uploads\/WhatsApp-Image-2019-03-27-at-8.30.17-AM-1-1024x682.jpeg 1024w, http:\/\/www.radiolibertadmundo.com\/web\/wp-content\/uploads\/WhatsApp-Image-2019-03-27-at-8.30.17-AM-1-300x200.jpeg 300w, http:\/\/www.radiolibertadmundo.com\/web\/wp-content\/uploads\/WhatsApp-Image-2019-03-27-at-8.30.17-AM-1-768x512.jpeg 768w, http:\/\/www.radiolibertadmundo.com\/web\/wp-content\/uploads\/WhatsApp-Image-2019-03-27-at-8.30.17-AM-1.jpeg 1280w\" sizes=\"auto, (max-width: 1024px) 100vw, 1024px\" \/><\/figure><\/li><\/ul>\n\n\n\n<h2 class=\"wp-block-heading\"><\/h2>\n\n\n\n<p><br>El\u00a0presidente del Consejo de Ministros,\u00a0Salvador del Solar, emiti\u00f3\u00a0un pronunciamiento esta ma\u00f1ana\u00a0para dar m\u00e1s detalles de las acciones del\u00a0Gobierno\u00a0para intentar solucionar el conflicto en\u00a0La Bambas. Seg\u00fan el\u00a0premier, la liberaci\u00f3n del dirigente de la comunidad de\u00a0Fuerabamba,\u00a0Gregorio Rojas Paniura,\u00a0no depende del Ejecutivo, sino del\u00a0Ministerio P\u00fablico. \u00abHemos expresando nuestra preocupaci\u00f3n por el estado del presidente de la comunidad. Nos hemos acercado a trav\u00e9s del Ministerio de Justicia para saber que est\u00e9 teniendo la propia defensa y nos preocupamos por el bienestar de los comuneros.\u00a0Comprendemos que la comunidad se sienta, de un momento a otro, ac\u00e9falos, su presidente est\u00e1 detenido\u00bb, expres\u00f3\u00a0Salvador del Solar.<\/p>\n\n\n\n<p>\u00abNecesitamos que la prensa nos ayude a transmitir que\u00a0no es una decisi\u00f3n del Ejecutivo, eso no quiere decir que sea una decisi\u00f3n mala o buena, quiere decir que depende de otro poder del Estado. Tenemos que transmitir esa informaci\u00f3n a toda la ciudadan\u00eda, incluyendo a los comuneros de\u00a0Fuerabamba\u00bb, agreg\u00f3. Asimismo, el presidente del Consejo de Ministros, culp\u00f3 a los hermanos\u00a0Jorge y Frank Ch\u00e1vez Sotelo\u00a0de interrumpir el di\u00e1logo entablado por el Gobierno con autoridades locales y regionales. Los habitantes de la comunidad de\u00a0Fuerabamba\u00a0exigen que su l\u00edder,\u00a0Gregorio Rojas Paniura, sea liberado. Como se recuerda, el dirigente fue detenido junto a los hermanos\u00a0Ch\u00e1vez Sotelo\u00a0por presuntos actos de extorsi\u00f3n contra la empresa\u00a0MMG Las Bambas.<\/p>\n\n\n\n<p><\/p>\n","protected":false},"excerpt":{"rendered":"<div class=\"mh-excerpt\"><p>El\u00a0presidente del Consejo de Ministros,\u00a0Salvador del Solar, emiti\u00f3\u00a0un pronunciamiento esta ma\u00f1ana\u00a0para dar m\u00e1s detalles de las acciones del\u00a0Gobierno\u00a0para intentar solucionar el conflicto en\u00a0La Bambas. Seg\u00fan <a class=\"mh-excerpt-more\" href=\"http:\/\/www.radiolibertadmundo.com\/web\/salvador-del-solar-asegura-que-liberacion-de-dirigente-de-fuerabamba-no-depende-del-gobierno\/\" title=\"Salvador del Solar asegura que liberaci\u00f3n de dirigente de Fuerabamba no depende del Gobierno\">[&#8230;]<\/a><\/p>\n<\/div>","protected":false},"author":1,"featured_media":19886,"comment_status":"open","ping_status":"open","sticky":false,"template":"","format":"gallery","meta":{"footnotes":""},"categories":[3],"tags":[],"class_list":["post-19884","post","type-post","status-publish","format-gallery","has-post-thumbnail","hentry","category-noticias","post_format-post-format-gallery"],"_links":{"self":[{"href":"http:\/\/www.radiolibertadmundo.com\/web\/wp-json\/wp\/v2\/posts\/19884","targetHints":{"allow":["GET"]}}],"collection":[{"href":"http:\/\/www.radiolibertadmundo.com\/web\/wp-json\/wp\/v2\/posts"}],"about":[{"href":"http:\/\/www.radiolibertadmundo.com\/web\/wp-json\/wp\/v2\/types\/post"}],"author":[{"embeddable":true,"href":"http:\/\/www.radiolibertadmundo.com\/web\/wp-json\/wp\/v2\/users\/1"}],"replies":[{"embeddable":true,"href":"http:\/\/www.radiolibertadmundo.com\/web\/wp-json\/wp\/v2\/comments?post=19884"}],"version-history":[{"count":1,"href":"http:\/\/www.radiolibertadmundo.com\/web\/wp-json\/wp\/v2\/posts\/19884\/revisions"}],"predecessor-version":[{"id":19887,"href":"http:\/\/www.radiolibertadmundo.com\/web\/wp-json\/wp\/v2\/posts\/19884\/revisions\/19887"}],"wp:featuredmedia":[{"embeddable":true,"href":"http:\/\/www.radiolibertadmundo.com\/web\/wp-json\/wp\/v2\/media\/19886"}],"wp:attachment":[{"href":"http:\/\/www.radiolibertadmundo.com\/web\/wp-json\/wp\/v2\/media?parent=19884"}],"wp:term":[{"taxonomy":"category","embeddable":true,"href":"http:\/\/www.radiolibertadmundo.com\/web\/wp-json\/wp\/v2\/categories?post=19884"},{"taxonomy":"post_tag","embeddable":true,"href":"http:\/\/www.radiolibertadmundo.com\/web\/wp-json\/wp\/v2\/tags?post=19884"}],"curies":[{"name":"wp","href":"https:\/\/api.w.org\/{rel}","templated":true}]}}